{"id":61724,"date":"2024-09-17T09:10:23","date_gmt":"2024-09-17T12:10:23","guid":{"rendered":"https:\/\/grandepremio.com\/br\/noticias\/yamaha-trabalho-duro-pequenas-melhoras-recompensam-sao-impulso-extra\/"},"modified":"2024-09-17T09:11:52","modified_gmt":"2024-09-17T12:11:52","slug":"yamaha-trabalho-duro-pequenas-melhoras-recompensam-sao-impulso-extra","status":"publish","type":"post","link":"https:\/\/grandepremio.com\/br\/motogp\/yamaha-trabalho-duro-pequenas-melhoras-recompensam-sao-impulso-extra\/","title":{"rendered":"Yamaha v\u00ea trabalho duro e diz que pequenas melhoras \u201crecompensam\u201d: \u201cS\u00e3o impulso extra\u201d"},"content":{"rendered":"\n<p class=\"wp-block-paragraph\">Chefe da <strong>Yamaha<\/strong>, <strong>Massimo Meregalli <\/strong>afirmou que as melhorias percept\u00edveis na<strong> YZR-M1<\/strong> \u201cs\u00e3o um impulso extra\u201d na <strong>MotoGP<\/strong>. O dirigente destacou que a marca dos tr\u00eas diapas\u00f5es tem trabalhado duro desde o in\u00edcio da temporada e se sente recompensada pela evolu\u00e7\u00e3o.<\/p>\n\n\n\n<p class=\"wp-block-paragraph\">A <strong>Yamaha <\/strong>ocupa a pen\u00faltima coloca\u00e7\u00e3o no <strong>Mundial de Construtores<\/strong>, com 72 pontos, 391 a menos do que a <strong>Ducati<\/strong>, que lidera a disputa. Nas \u00faltimas corridas, por\u00e9m, a f\u00e1brica japonesa tem dado sinais positivos de melhora.<\/p>\n\n\n\n<p class=\"wp-block-paragraph\">Um ter\u00e7o dos 72 pontos da casa de <strong>Iwata <\/strong>no Mundial de Construtores foram conquistados nas \u00faltimas quatro corridas, quando a equipe acumulou 24 tentos.<\/p>\n\n\n\n<p class=\"wp-block-paragraph\">\u201cDesde o in\u00edcio da temporada, n\u00f3s realmente temos trabalhado duro. Essas pequenas melhoras, que s\u00e3o percept\u00edveis, que podemos ver e tocar, nos recompensam. S\u00e3o um impulso extra\u201d, acrescentou.<\/p>\n\n\n\n<p class=\"wp-block-paragraph\"><strong>LEIA TAMB\u00c9M<br><\/strong>\ud83c\udfc1\u00a0<strong><a href=\"https:\/\/www.grandepremio.com\/br\/grandepremium\/lado-a-lado\/motogp\/materias\/motogp-2023-x-motogp-2024\/\">MotoGP 2023 x MotoGP 2024<\/a><\/strong><\/p>\n\n\n\n<figure class=\"wp-block-image size-large\"><img decoding=\"async\" src=\"https:\/\/www.grandepremio.com\/br\/wp-content\/uploads\/2020\/09\/EYiPQpsXkAISFxw-1024x682.jpg\" alt=\"\" class=\"wp-image-415888\"\/><figcaption class=\"wp-element-caption\">Meregalli apontou que a evolu\u00e7\u00e3o da Yamaha serve de motiva\u00e7\u00e3o extra na MotoGP (Foto: Reprodu\u00e7\u00e3o)<\/figcaption><\/figure>\n\n\n\n<p class=\"wp-block-paragraph\"><strong>\u25b6\ufe0f&nbsp;Inscreva-se nos dois canais do GRANDE PR\u00caMIO no YouTube:&nbsp;<a href=\"https:\/\/www.youtube.com\/channel\/UC9OlHEgxoaY6QY6nWPoiqQg?sub_confirmation=1\" target=\"_blank\" rel=\"noreferrer noopener\">GP<\/a>&nbsp;|&nbsp;<a href=\"https:\/\/www.youtube.com\/channel\/UC9csiS6q_C3C0FYhyr1rnFA?sub_confirmation=1\" target=\"_blank\" rel=\"noreferrer noopener\">GP2<\/a><\/strong><\/p>\n\n\n\n<p class=\"wp-block-paragraph\">No Mundial de Pilotos, <strong>Fabio Quartararo <\/strong>\u00e9 o melhor posicionado, na 14\u00aa coloca\u00e7\u00e3o, com 251 pontos a menos que o l\u00edder <strong>Jorge Mart\u00edn<\/strong>. <strong>\u00c1lex Rins <\/strong>aparece em 20\u00ba, com 15 pontos.<\/p>\n\n\n\n<p class=\"wp-block-paragraph\">A\u00a0<a href=\"https:\/\/grandepremio.com\/motovelocidade\/\" target=\"_blank\" rel=\"noreferrer noopener\"><\/a><strong><a href=\"https:\/\/grandepremio.com\/motogp\/\" target=\"_blank\" rel=\"noreferrer noopener\">MotoGP<\/a>\u00a0<\/strong>volta a acelerar entre 20 a 22 de setembro, com o GP da\u00a0<strong>Em\u00edlia-Romanha<\/strong>, novamente em\u00a0<strong><a href=\"https:\/\/www.grandepremio.com\/br\/circuito\/misano\/\" target=\"_blank\" rel=\"noreferrer noopener\">Misano<\/a><\/strong>, para a 14\u00aa etapa da temporada\u00a0<strong>2024<\/strong>. O\u00a0<strong>GRANDE PR\u00caMIO\u00a0<\/strong>faz a cobertura completa do evento, assim como das outras classes do Mundial de\u00a0<a href=\"https:\/\/www.grandepremio.com\/motovelocidade\/\">Motovelocidade\u00a0<\/a>durante todo o ano.<\/p>\n\n\n\n<figure class=\"wp-block-embed is-type-video is-provider-youtube wp-block-embed-youtube wp-embed-aspect-16-9 wp-has-aspect-ratio\"><div class=\"wp-block-embed__wrapper\">\n<iframe loading=\"lazy\" title=\"Mart\u00edn ERRA NO \u00d3BVIO e joga CHANCE FORA na MotoGP | GP \u00e0s 10\" width=\"500\" height=\"281\" src=\"https:\/\/www.youtube.com\/embed\/uYzG36L4UoQ?feature=oembed\" frameborder=\"0\" allow=\"accelerometer; autoplay; clipboard-write; encrypted-media; gyroscope; picture-in-picture; web-share\" referrerpolicy=\"strict-origin-when-cross-origin\" allowfullscreen><\/iframe>\n<\/div><\/figure>\n","protected":false},"excerpt":{"rendered":"<p>Chefe da Yamaha, Massimo Meregalli destacou que a Yamaha tem trabalhado duro para conseguir melhorar a YZR-M1. Dirigente frisou que as melhoras percept\u00edveis na moto s\u00e3o um \u201cimpulso extra\u201d<\/p>\n","protected":false},"author":0,"featured_media":1000864277,"comment_status":"closed","ping_status":"closed","sticky":false,"template":"","format":"standard","meta":{"42wp_featured_image_caption":"","42wp_featured_image_credits":"","42wp_featured_video":"","42wp_featured_image_hidden":false,"42wp_authors_list":[],"footnotes":""},"categories":[8],"tags":[5214,131,2327,32229,28285,3504,130,17313,132,1984,3464,79,78,34329,37693,37691,37692,25819,29345,28766,37694,26690,136,3562,36406,172],"42wp_author":[47113],"class_list":["post-61724","post","type-post","status-publish","format-standard","has-post-thumbnail","hentry","category-motogp","tag-classificacao-motogp","tag-ducati","tag-francesco-bagnaia","tag-gasgas","tag-grandepremio","tag-gresini","tag-honda","tag-italia","tag-ktm","tag-massimo-meregalli","tag-misano","tag-moto-gp","tag-motogp","tag-motogp-2024","tag-motogp-2024-calendario","tag-motogp-calendario-2024","tag-motogp-classificacao-2024","tag-motogp-hoje","tag-motogp-horario","tag-motogp-standings","tag-onde-assistir-motogp-2024","tag-pilotos-motogp","tag-pramac","tag-san-marino","tag-san-marino-e-riviera-de-rimini","tag-yamaha","42wp_author-juliana-tesser"],"_links":{"self":[{"href":"https:\/\/grandepremio.com\/br\/wp-json\/wp\/v2\/posts\/61724","targetHints":{"allow":["GET"]}}],"collection":[{"href":"https:\/\/grandepremio.com\/br\/wp-json\/wp\/v2\/posts"}],"about":[{"href":"https:\/\/grandepremio.com\/br\/wp-json\/wp\/v2\/types\/post"}],"replies":[{"embeddable":true,"href":"https:\/\/grandepremio.com\/br\/wp-json\/wp\/v2\/comments?post=61724"}],"version-history":[{"count":0,"href":"https:\/\/grandepremio.com\/br\/wp-json\/wp\/v2\/posts\/61724\/revisions"}],"wp:featuredmedia":[{"embeddable":true,"href":"https:\/\/grandepremio.com\/br\/wp-json\/wp\/v2\/media\/1000864277"}],"wp:attachment":[{"href":"https:\/\/grandepremio.com\/br\/wp-json\/wp\/v2\/media?parent=61724"}],"wp:term":[{"taxonomy":"category","embeddable":true,"href":"https:\/\/grandepremio.com\/br\/wp-json\/wp\/v2\/categories?post=61724"},{"taxonomy":"post_tag","embeddable":true,"href":"https:\/\/grandepremio.com\/br\/wp-json\/wp\/v2\/tags?post=61724"},{"taxonomy":"42wp_author","embeddable":true,"href":"https:\/\/grandepremio.com\/br\/wp-json\/wp\/v2\/42wp_author?post=61724"}],"curies":[{"name":"wp","href":"https:\/\/api.w.org\/{rel}","templated":true}]}}