{"id":61896,"date":"2024-09-16T04:15:00","date_gmt":"2024-09-16T07:15:00","guid":{"rendered":"https:\/\/grandepremio.com\/br\/noticias\/franco-morbidelli-ordens-equipe-possivel-brinca-torcendo-ter-problema\/"},"modified":"2024-09-15T17:40:34","modified_gmt":"2024-09-15T20:40:34","slug":"franco-morbidelli-ordens-equipe-possivel-brinca-torcendo-ter-problema","status":"publish","type":"post","link":"https:\/\/grandepremio.com\/br\/motogp\/franco-morbidelli-ordens-equipe-possivel-brinca-torcendo-ter-problema\/","title":{"rendered":"Morbidelli v\u00ea ordens de equipe poss\u00edvel e brinca: \u201cTorcendo para ter esse problema\u201d"},"content":{"rendered":"\n<p class=\"wp-block-paragraph\"><strong>Franco Morbidelli <\/strong>n\u00e3o descarta ter de debater ordens de equipe com a <strong>Pramac <\/strong>e a <strong>Ducati<\/strong>. O \u00edtalo-brasileiro, por\u00e9m, disse estar na torcida para \u201cter esse tipo de problema\u201d, j\u00e1 que isso vai significar que ele est\u00e1 andando no ritmo de <strong>Jorge Mart\u00edn <\/strong>e <strong>Francesco Bagnaia<\/strong>.<\/p>\n\n\n\n<p class=\"wp-block-paragraph\">A MotoGP encerrou o GP de <strong>San Marino e da Riviera de Rimini<\/strong> com Mart\u00edn na lideran\u00e7a do <strong>Mundial de Pilotos<\/strong>, mas com s\u00f3 sete pontos de frente para Bagnaia. Morbidelli, por sua vez, \u00e9 s\u00f3 o 12\u00ba, com 222 pontos a menos do que o companheiro de equipe.<\/p>\n\n\n\n<p class=\"wp-block-paragraph\">Nas \u00faltimas corridas, por\u00e9m, Franco ganhou for\u00e7a e passou a rodar entre os ponteiros. Em Misano, o <strong>#21 <\/strong>largou em segundo e conseguiu a primeira medalha da carreira ao garantir o terceiro posto na sprint.<\/p>\n\n\n\n<p class=\"wp-block-paragraph\">Assim como Mart\u00edn e Bagnaia, Morbidelli guia uma <strong>GP24<\/strong>, a Desmosedici do ano. No entanto, o cen\u00e1rio global \u00e9 diferente. Pecco vai seguir com a Ducati em 2024, mas Jorge est\u00e1 de partida para a <strong>Aprilia<\/strong>. Franco, por sua vez, vai para a <strong>VR46<\/strong>, onde vai usar uma moto defasada.<\/p>\n\n\n\n<p class=\"wp-block-paragraph\"><strong>LEIA TAMB\u00c9M<br><\/strong>\ud83c\udfc1\u00a0<strong><a href=\"https:\/\/www.grandepremio.com\/br\/grandepremium\/lado-a-lado\/motogp\/materias\/motogp-2023-x-motogp-2024\/\">MotoGP 2023 x MotoGP 2024<\/a><\/strong><\/p>\n\n\n\n<figure class=\"wp-block-image size-large\"><img decoding=\"async\" src=\"https:\/\/www.grandepremio.com\/br\/wp-content\/uploads\/2024\/07\/MotoGP-2024-Pramac-Franco-Morbidelli-1200x931.jpg\" alt=\"\" class=\"wp-image-839650\"\/><figcaption class=\"wp-element-caption\">Franco Morbidelli torce para ter problemas por seguir em boa forma na MotoGP (Foto: Pramac)<\/figcaption><\/figure>\n\n\n\n<p class=\"wp-block-paragraph\"><strong>\u25b6\ufe0f&nbsp;Inscreva-se nos dois canais do GRANDE PR\u00caMIO no YouTube:&nbsp;<a href=\"https:\/\/www.youtube.com\/channel\/UC9OlHEgxoaY6QY6nWPoiqQg?sub_confirmation=1\" target=\"_blank\" rel=\"noreferrer noopener\">GP<\/a>&nbsp;|&nbsp;<a href=\"https:\/\/www.youtube.com\/channel\/UC9csiS6q_C3C0FYhyr1rnFA?sub_confirmation=1\" target=\"_blank\" rel=\"noreferrer noopener\">GP2<\/a><\/strong><\/p>\n\n\n\n<p class=\"wp-block-paragraph\">Questionado sobre como vai equilibrar as coisas se seguir brigando entre os ponteiros, Morbidelli respondeu: \u201cEu estava l\u00e1. Mesmo assim, [Bagnaia e Mart\u00edn] s\u00e3o os mais r\u00e1pidos do pelot\u00e3o, mas, com certeza, se seguirmos assim, ter\u00e3o corridas em que estaremos l\u00e1, enquanto eles lutam pelo campeonato\u201d.<\/p>\n\n\n\n<p class=\"wp-block-paragraph\">\u201cTeremos de pensar em n\u00f3s mesmos, no que \u00e9 melhor para a Ducati e, com certeza, para eles tamb\u00e9m. Vai ser complicado tomar a decis\u00e3o certa, mas vamos discutir todos juntos e tentar tomar a decis\u00e3o certa\u201d, acrescentou.<\/p>\n\n\n\n<p class=\"wp-block-paragraph\">Franco destacou, por\u00e9m, que este \u00e9 um problema bom de se ter, ap\u00f3s temporadas de muitas dificuldades na MotoGP.<\/p>\n\n\n\n<p class=\"wp-block-paragraph\">\u201cEstou torcendo muito para ter esse tipo de problema\u201d, brincou. \u201cEspero ter este tipo de problema no futuro!\u201d, brincou.<\/p>\n\n\n\n<p class=\"wp-block-paragraph\">A\u00a0<a href=\"https:\/\/grandepremio.com\/motovelocidade\/\" target=\"_blank\" rel=\"noreferrer noopener\"><\/a><strong><a href=\"https:\/\/grandepremio.com\/motogp\/\" target=\"_blank\" rel=\"noreferrer noopener\">MotoGP<\/a>\u00a0<\/strong>volta a acelerar entre 20 a 22 de setembro, com o GP da\u00a0<strong>Em\u00edlia-Romanha<\/strong>, novamente em\u00a0<strong><a href=\"https:\/\/www.grandepremio.com\/br\/circuito\/misano\/\" target=\"_blank\" rel=\"noreferrer noopener\">Misano<\/a><\/strong>, para a 14\u00aa etapa da temporada\u00a0<strong>2024<\/strong>. O\u00a0<strong>GRANDE PR\u00caMIO\u00a0<\/strong>faz a cobertura completa do evento, assim como das outras classes do Mundial de\u00a0<a href=\"https:\/\/www.grandepremio.com\/motovelocidade\/\">Motovelocidade\u00a0<\/a>durante todo o ano.<\/p>\n\n\n\n<figure class=\"wp-block-embed is-type-video is-provider-youtube wp-block-embed-youtube wp-embed-aspect-16-9 wp-has-aspect-ratio\"><div class=\"wp-block-embed__wrapper\">\n<iframe loading=\"lazy\" title=\"Mart\u00edn ERRA NO \u00d3BVIO e joga CHANCE FORA na MotoGP | GP \u00e0s 10\" width=\"500\" height=\"281\" src=\"https:\/\/www.youtube.com\/embed\/uYzG36L4UoQ?feature=oembed\" frameborder=\"0\" allow=\"accelerometer; autoplay; clipboard-write; encrypted-media; gyroscope; picture-in-picture; web-share\" referrerpolicy=\"strict-origin-when-cross-origin\" allowfullscreen><\/iframe>\n<\/div><\/figure>\n","protected":false},"excerpt":{"rendered":"<p>Em boa fase na MotoGP, Franco Morbidelli admitiu que \u00e9 poss\u00edvel que de debater ordens de equipe com a Pramac e a Ducati. \u00cdtalo-brasileiro disse torcer para ter esse tipo de problema, j\u00e1 que isso vai sinalizar que ele est\u00e1 rodando entre os mais r\u00e1pidos<\/p>\n","protected":false},"author":0,"featured_media":1000864459,"comment_status":"closed","ping_status":"closed","sticky":false,"template":"","format":"standard","meta":{"42wp_featured_image_caption":"","42wp_featured_image_credits":"","42wp_featured_video":"","42wp_featured_image_hidden":false,"42wp_authors_list":[],"footnotes":""},"categories":[8],"tags":[5214,131,2327,140,32229,28285,3504,130,17313,132,3464,79,78,34329,37693,37691,37692,25819,29345,28766,37694,26690,136,3562,36406,172],"42wp_author":[47113],"class_list":["post-61896","post","type-post","status-publish","format-standard","has-post-thumbnail","hentry","category-motogp","tag-classificacao-motogp","tag-ducati","tag-francesco-bagnaia","tag-franco-morbidelli","tag-gasgas","tag-grandepremio","tag-gresini","tag-honda","tag-italia","tag-ktm","tag-misano","tag-moto-gp","tag-motogp","tag-motogp-2024","tag-motogp-2024-calendario","tag-motogp-calendario-2024","tag-motogp-classificacao-2024","tag-motogp-hoje","tag-motogp-horario","tag-motogp-standings","tag-onde-assistir-motogp-2024","tag-pilotos-motogp","tag-pramac","tag-san-marino","tag-san-marino-e-riviera-de-rimini","tag-yamaha","42wp_author-juliana-tesser"],"_links":{"self":[{"href":"https:\/\/grandepremio.com\/br\/wp-json\/wp\/v2\/posts\/61896","targetHints":{"allow":["GET"]}}],"collection":[{"href":"https:\/\/grandepremio.com\/br\/wp-json\/wp\/v2\/posts"}],"about":[{"href":"https:\/\/grandepremio.com\/br\/wp-json\/wp\/v2\/types\/post"}],"replies":[{"embeddable":true,"href":"https:\/\/grandepremio.com\/br\/wp-json\/wp\/v2\/comments?post=61896"}],"version-history":[{"count":0,"href":"https:\/\/grandepremio.com\/br\/wp-json\/wp\/v2\/posts\/61896\/revisions"}],"wp:featuredmedia":[{"embeddable":true,"href":"https:\/\/grandepremio.com\/br\/wp-json\/wp\/v2\/media\/1000864459"}],"wp:attachment":[{"href":"https:\/\/grandepremio.com\/br\/wp-json\/wp\/v2\/media?parent=61896"}],"wp:term":[{"taxonomy":"category","embeddable":true,"href":"https:\/\/grandepremio.com\/br\/wp-json\/wp\/v2\/categories?post=61896"},{"taxonomy":"post_tag","embeddable":true,"href":"https:\/\/grandepremio.com\/br\/wp-json\/wp\/v2\/tags?post=61896"},{"taxonomy":"42wp_author","embeddable":true,"href":"https:\/\/grandepremio.com\/br\/wp-json\/wp\/v2\/42wp_author?post=61896"}],"curies":[{"name":"wp","href":"https:\/\/api.w.org\/{rel}","templated":true}]}}