{"id":61921,"date":"2024-09-15T19:26:16","date_gmt":"2024-09-15T22:26:16","guid":{"rendered":"https:\/\/grandepremio.com\/br\/noticias\/alex-palou-festeja-tri-indy-ano-mais-apertado-nao-ganhamos-tanto\/"},"modified":"2024-09-15T22:13:27","modified_gmt":"2024-09-16T01:13:27","slug":"alex-palou-festeja-tri-indy-ano-mais-apertado-nao-ganhamos-tanto","status":"publish","type":"post","link":"https:\/\/grandepremio.com\/br\/indy\/alex-palou-festeja-tri-indy-ano-mais-apertado-nao-ganhamos-tanto\/","title":{"rendered":"Palou festeja tri da Indy em ano &#8220;mais apertado&#8221;: &#8220;N\u00e3o ganhamos tanto&#8221;"},"content":{"rendered":"\n<p class=\"wp-block-paragraph\"><strong>\u00c1lex Palou<\/strong> praticamente garantiu seu terceiro t\u00edtulo da <strong>Indy<\/strong> ainda nas primeiras voltas do <strong>GP de Nashville<\/strong>, disputado neste domingo (15). O espanhol viu o principal rival na disputa pelo campeonato, <strong>Will Power<\/strong>, ter um problema no cinto de seguran\u00e7a e ficar cinco voltas parado nos boxes para resolver a falha. Ainda assim, o piloto da <strong>Ganassi<\/strong> viu a disputa de 2024 ser mais apertada.<\/p>\n\n\n\n<p class=\"wp-block-paragraph\">Em 2023, Palou sobrou diante da concorr\u00eancia. O espanhol faturou cinco corridas e garantiu o t\u00edtulo com uma etapa de anteced\u00eancia, enquanto precisou ir at\u00e9 a \u00faltima prova decidir o campeonato de 2024. Na vis\u00e3o do representante da Ganassi, o embate foi mais pr\u00f3ximo pelo fato de n\u00e3o ter vencido tanto \u2014 levou o <strong>GP de Indian\u00e1polis<\/strong> e <strong>Laguna Seca<\/strong>.<\/p>\n\n\n\n<p class=\"wp-block-paragraph\">Entretanto, Palou declarou estar &#8220;orgulhoso&#8221; do trabalho desenvolvido pela Ganassi no <strong>#10<\/strong>. A parceria tem quatro anos e j\u00e1 rendeu tr\u00eas t\u00edtulos para ambos. O piloto tamb\u00e9m falou sobre li\u00e7\u00f5es aprendidas ap\u00f3s erros neste ano, projetando melhorar para 2025. <\/p>\n\n\n\n<p class=\"wp-block-paragraph\"><strong>Inscreva-se nos dois canais do GRANDE PR\u00caMIO no YouTube:\u00a0<a href=\"https:\/\/www.youtube.com\/channel\/UC9OlHEgxoaY6QY6nWPoiqQg?sub_confirmation=1\" target=\"_blank\" rel=\"noreferrer noopener\">GP<\/a>\u00a0|\u00a0<a href=\"https:\/\/www.youtube.com\/channel\/UC9csiS6q_C3C0FYhyr1rnFA?sub_confirmation=1\" target=\"_blank\" rel=\"noreferrer noopener\">GP2<\/a><\/strong><\/p>\n\n\n\n<figure class=\"wp-block-image size-large\"><img decoding=\"async\" src=\"https:\/\/www.grandepremio.com\/br\/wp-content\/uploads\/2024\/09\/Big-Machine-Music-City-Grand-Prix-Sunday_-September-15_-2024_Large-Image-Without-Watermark_m118190-1200x800.jpg\" alt=\"\" class=\"wp-image-868876\"\/><figcaption class=\"wp-element-caption\">\u00c1lex Palou celebra t\u00edtulo com a filha, Luc\u00eda (Foto: IndyCar)<\/figcaption><\/figure>\n\n\n\n<p class=\"wp-block-paragraph\">&#8220;N\u00e3o [relaxei com o problema do Will Power], de verdade. T\u00ednhamos de continuar. N\u00e3o poderia ficar tranquilo. Um grande trabalho de todos da equipe no carro #10. Muito orgulhoso de tudo o que fizemos, um ano incr\u00edvel, e pudemos levar mais um t\u00edtulo para casa&#8221;, declarou Palou.<\/p>\n\n\n\n<p class=\"wp-block-paragraph\">&#8220;Foi mais apertado. N\u00e3o ganhamos tanto, tivemos uma parte final agitada, mas conseguimos. A concorr\u00eancia esteve mais perto e tive de maximizar os pontos. Cometi um erro em <strong>Iowa<\/strong>, quando rodei, e poderia ter vencido em <strong>Mid-Ohio<\/strong>. Bem, pr\u00f3ximo ano. Tudo isso serviu como aprendizado e, quem sabe, podemos melhorar ainda mais em 2025&#8243;, completou.<\/p>\n\n\n\n<p class=\"wp-block-paragraph\">Palou comentou sobre a sensa\u00e7\u00e3o de festeja seu primeiro t\u00edtulo como pai. A filha <strong>Luc\u00eda<\/strong> nasceu em 4 de dezembro de 2023, quase dois meses ap\u00f3s o espanhol ter se sagrado bicampe\u00e3o da Indy.<\/p>\n\n\n\n<p class=\"wp-block-paragraph\">&#8220;Vencer corridas \u00e9 a melhor coisa do mundo. Ser pai tamb\u00e9m \u00e9 a melhor coisa do mundo. Combinar isso \u00e9 indescrit\u00edvel. Foi incr\u00edvel. A minha esposa [<strong>Esther<\/strong>] \u00e9 sensacional tamb\u00e9m. Um grande feito \u2014 ainda mais fant\u00e1stico estando com elas. \u00c9, ela [Luc\u00eda] \u00e9 uma f\u00e3 de corridas, s\u00f3 espero que n\u00e3o seja tanto&#8221;, concluiu.<\/p>\n\n\n\n<p class=\"wp-block-paragraph\">A Indy retorna agora somente no dia 2 de mar\u00e7o de 2025, com o GP de S\u00e3o Petersburgo.<\/p>\n\n\n\n<figure class=\"wp-block-embed is-type-video is-provider-youtube wp-block-embed-youtube wp-embed-aspect-16-9 wp-has-aspect-ratio\"><div class=\"wp-block-embed__wrapper\">\n<iframe loading=\"lazy\" title=\"INDY vive ano EXTREMO e tem MUITA margem para CRESCER em 2025 | GP \u00e0s 10\" width=\"500\" height=\"281\" src=\"https:\/\/www.youtube.com\/embed\/BGHAPPUa9fc?feature=oembed\" frameborder=\"0\" allow=\"accelerometer; autoplay; clipboard-write; encrypted-media; gyroscope; picture-in-picture; web-share\" referrerpolicy=\"strict-origin-when-cross-origin\" allowfullscreen><\/iframe>\n<\/div><\/figure>\n","protected":false},"excerpt":{"rendered":"<p>\u00c1lex Palou destacou trabalho da Ganassi e apontou que tricampeonato coroa &#8220;ano incr\u00edvel&#8221; da equipe: &#8220;Orgulhoso de tudo&#8221;, disse o espanhol<\/p>\n","protected":false},"author":0,"featured_media":1000868877,"comment_status":"closed","ping_status":"closed","sticky":false,"template":"","format":"standard","meta":{"42wp_featured_image_caption":"","42wp_featured_image_credits":"","42wp_featured_video":"","42wp_featured_image_hidden":false,"42wp_authors_list":[],"footnotes":""},"categories":[3],"tags":[9828,1595,26235,1491,28285,93,31011,39054,27726,38111,3554,1555,90,26044,40869,27380,265,408,1331,26656,3133],"42wp_author":[47155],"class_list":["post-61921","post","type-post","status-publish","format-standard","has-post-thumbnail","hentry","category-indy","tag-alex-palou","tag-ganassi","tag-gp-de-nashville","tag-grande-premio","tag-grandepremio","tag-indy","tag-indy-2024","tag-indy-2025","tag-indy-ao-vivo","tag-indy-live","tag-jogo-de-equipe","tag-josef-newgarden","tag-mclaren","tag-nashville","tag-nashville-superspeedway","tag-pato-oward-3","tag-penske","tag-pietro-fittipaldi","tag-rll","tag-tricampeao","tag-will-power","42wp_author-daniel-balsa"],"_links":{"self":[{"href":"https:\/\/grandepremio.com\/br\/wp-json\/wp\/v2\/posts\/61921","targetHints":{"allow":["GET"]}}],"collection":[{"href":"https:\/\/grandepremio.com\/br\/wp-json\/wp\/v2\/posts"}],"about":[{"href":"https:\/\/grandepremio.com\/br\/wp-json\/wp\/v2\/types\/post"}],"replies":[{"embeddable":true,"href":"https:\/\/grandepremio.com\/br\/wp-json\/wp\/v2\/comments?post=61921"}],"version-history":[{"count":0,"href":"https:\/\/grandepremio.com\/br\/wp-json\/wp\/v2\/posts\/61921\/revisions"}],"wp:featuredmedia":[{"embeddable":true,"href":"https:\/\/grandepremio.com\/br\/wp-json\/wp\/v2\/media\/1000868877"}],"wp:attachment":[{"href":"https:\/\/grandepremio.com\/br\/wp-json\/wp\/v2\/media?parent=61921"}],"wp:term":[{"taxonomy":"category","embeddable":true,"href":"https:\/\/grandepremio.com\/br\/wp-json\/wp\/v2\/categories?post=61921"},{"taxonomy":"post_tag","embeddable":true,"href":"https:\/\/grandepremio.com\/br\/wp-json\/wp\/v2\/tags?post=61921"},{"taxonomy":"42wp_author","embeddable":true,"href":"https:\/\/grandepremio.com\/br\/wp-json\/wp\/v2\/42wp_author?post=61921"}],"curies":[{"name":"wp","href":"https:\/\/api.w.org\/{rel}","templated":true}]}}