{"id":61925,"date":"2024-09-15T18:26:00","date_gmt":"2024-09-15T21:26:00","guid":{"rendered":"https:\/\/grandepremio.com\/br\/noticias\/alex-palou-solidifica-dominio-tricampeonato-deixa-indy-cheiro-dinastia\/"},"modified":"2024-09-15T23:04:14","modified_gmt":"2024-09-16T02:04:14","slug":"alex-palou-solidifica-dominio-tricampeonato-deixa-indy-cheiro-dinastia","status":"publish","type":"post","link":"https:\/\/grandepremio.com\/br\/indy\/alex-palou-solidifica-dominio-tricampeonato-deixa-indy-cheiro-dinastia\/","title":{"rendered":"Palou solidifica dom\u00ednio com tricampeonato e deixa Indy com cheiro de dinastia"},"content":{"rendered":"\n<p class=\"wp-block-paragraph\">Um dos grandes orgulhos da <strong>Indy <\/strong>dentro do esporte a motor \u00e9 o equil\u00edbrio. Equipes pequenas podendo vencer, sem ordens de equipe evidentes, m\u00faltiplos vencedores durante uma temporada, decis\u00f5es de t\u00edtulo muito apertadas e por a\u00ed vai. E \u00e9 por isso que o tricampeonato de <strong>\u00c1lex Palou<\/strong>, <a href=\"https:\/\/www.grandepremio.com\/br\/indy\/noticias\/alex-palou-ve-will-power-sofrer-cinto-leva-tri-indy-nashville-colton-herta-vence\/\">conquistado neste domingo (15)<\/a> em <strong>Nashville<\/strong>, soa t\u00e3o maluco e que cria uma tend\u00eancia curiosa para o futuro.<\/p>\n\n\n\n<p class=\"wp-block-paragraph\">\u00c9 certo que seria muito dif\u00edcil para \u00c1lex repetir o 2023 m\u00e1gico, onde teve 100% de aproveitamento no top-10 e conquistou a Astor Cup ainda em Portland, com uma corrida de anteced\u00eancia. De fato, ele n\u00e3o repetiu. Mas nem isso foi suficiente para impedir o terceiro t\u00edtulo em cinco temporadas de Palou na categoria, e que demonstram que h\u00e1, sim, a possibilidade de uma dinastia.<\/p>\n\n\n\n<p class=\"wp-block-paragraph\">E a ta\u00e7a foi conquistada com a receita de sempre: consist\u00eancia. Classifica\u00e7\u00f5es muito boas, leituras de corrida excelentes, possibilidade de crescer e escapar das confus\u00f5es sempre que poss\u00edvel. Quando foi necess\u00e1rio, dominou as a\u00e7\u00f5es no misto de Indian\u00e1polis e em Laguna Seca. Soube se valer do melhor carro quando teve a chance.<\/p>\n\n\n\n<p class=\"wp-block-paragraph\"><strong>Inscreva-se nos dois canais do GRANDE PR\u00caMIO no YouTube:&nbsp;<a href=\"https:\/\/www.youtube.com\/channel\/UC9OlHEgxoaY6QY6nWPoiqQg?sub_confirmation=1\" target=\"_blank\" rel=\"noreferrer noopener\">GP<\/a>&nbsp;|&nbsp;<a href=\"https:\/\/www.youtube.com\/channel\/UC9csiS6q_C3C0FYhyr1rnFA?sub_confirmation=1\" target=\"_blank\" rel=\"noreferrer noopener\">GP2<\/a><\/strong><\/p>\n\n\n\n<figure class=\"wp-block-image size-large\"><img decoding=\"async\" src=\"https:\/\/www.grandepremio.com\/br\/wp-content\/uploads\/2024\/08\/Alex-Palou-BITNILE_com-Grand-Prix-of-Portland-By_-Chris-Owens_Large-Image-Without-Watermark_m115656-1200x800.jpg\" alt=\"\" class=\"wp-image-857441\"\/><figcaption class=\"wp-element-caption\">\u00c1lex Palou (Foto: IndyCar)<\/figcaption><\/figure>\n\n\n\n<p class=\"wp-block-paragraph\">O azar, por sinal, apareceu algumas vezes para o espanhol, como na batida em Iowa e no problema de bateria antes mesmo da largada em Milwaukee. Este \u00faltimo, inclusive, foi uma aula de calma e estrat\u00e9gia. O 19\u00ba lugar foi valioso para quem n\u00e3o desistiu e capitalizou em meio ao caos, evitando uma sangria maior na vantagem para os rivais.<\/p>\n\n\n\n<p class=\"wp-block-paragraph\">E talvez n\u00e3o fosse justo com o espanhol que o t\u00edtulo fosse para as m\u00e3os de Power. De forma at\u00e9 ir\u00f4nica, o cinto mal apertado do australiano acabou encerrando a discuss\u00e3o muito cedo. Se \u00e9 injusto que Palou sofra pelos azares, ele viu a Astor Cup resolvida em 13 voltas pelo infort\u00fanio do rival.<\/p>\n\n\n\n<p class=\"wp-block-paragraph\">\u00c1lex ainda \u00e9 jovem. Os 27 anos na Indy s\u00e3o quase equivalentes a ter 15 anos na vida real. Os tr\u00eas t\u00edtulos em cinco anos j\u00e1 colocam o espanhol em uma prateleira diferente da hist\u00f3ria da categoria e iniciam os questionamentos: ser\u00e1 que vem a primeira dinastia desde <strong>Dario Franchitti<\/strong>? Ser\u00e1 que \u00e9 Palou o nome que vai desbancar o recorde hist\u00f3rico de t\u00edtulos de <strong>A.J. Foyt? <\/strong>S\u00f3 o futuro vai responder.<\/p>\n\n\n\n<p class=\"wp-block-paragraph\">Em meio ao equil\u00edbrio de sempre, a Indy ganha uma estrela surpreendente, que desbancou veteranos, tend\u00eancias e que tomou de assalto um dos campeonatos mais parelhos do esporte a motor. Se Palou est\u00e1 transformando a Indy em uma F\u00f3rmula 1 por conta do dom\u00ednio, diz muito sobre como o espanhol \u00e9 um dos melhores pilotos do mundo na atualidade.<\/p>\n","protected":false},"excerpt":{"rendered":"<p>\u00c1lex Palou n\u00e3o foi t\u00e3o perfeito quanto em 2023, mas foi o suficiente para levar mais um t\u00edtulo na Indy e iniciar um inesperado processo de dinastia na categoria<\/p>\n","protected":false},"author":0,"featured_media":1000830620,"comment_status":"closed","ping_status":"closed","sticky":false,"template":"","format":"standard","meta":{"42wp_featured_image_caption":"","42wp_featured_image_credits":"","42wp_featured_video":"","42wp_featured_image_hidden":false,"42wp_authors_list":[],"footnotes":""},"categories":[3],"tags":[9828,617,28552,649,6133,1579,1824,334,1825,3144,26235,3475,1491,28285,35361,93,31011,27707,2514,1555,1799,35404,791,27788,3352,1569,25714,29784,40346,408,2188,120,830,732,266,3500,36027,3133],"42wp_author":[47119],"class_list":["post-61925","post","type-post","status-publish","format-standard","has-post-thumbnail","hentry","category-indy","tag-alex-palou","tag-alexander-rossi","tag-calendario-indy","tag-christian-lundgaard","tag-classificacao-indy","tag-colton-herta","tag-conor-daly","tag-david-malukas","tag-ed-carpenter","tag-felix-rosenqvist","tag-gp-de-nashville","tag-graham-rahal","tag-grande-premio","tag-grandepremio","tag-horarios-indy","tag-indy","tag-indy-2024","tag-indy-nashville","tag-jack-harvey","tag-josef-newgarden","tag-katherine-legge","tag-kyffin-simpson","tag-kyle-kirkwood","tag-linus-lundqvist","tag-marcus-armstrong","tag-marcus-ericsson","tag-nolan-siegel","tag-onde-assistir-indy","tag-pato-oward-5","tag-pietro-fittipaldi","tag-rinus-veekay","tag-romain-grosjean","tag-santino-ferrucci","tag-scott-dixon","tag-scott-mclaughlin","tag-sting-ray-robb","tag-temporada-2024-da-indy","tag-will-power","42wp_author-gabriel-carvalho"],"_links":{"self":[{"href":"https:\/\/grandepremio.com\/br\/wp-json\/wp\/v2\/posts\/61925","targetHints":{"allow":["GET"]}}],"collection":[{"href":"https:\/\/grandepremio.com\/br\/wp-json\/wp\/v2\/posts"}],"about":[{"href":"https:\/\/grandepremio.com\/br\/wp-json\/wp\/v2\/types\/post"}],"replies":[{"embeddable":true,"href":"https:\/\/grandepremio.com\/br\/wp-json\/wp\/v2\/comments?post=61925"}],"version-history":[{"count":0,"href":"https:\/\/grandepremio.com\/br\/wp-json\/wp\/v2\/posts\/61925\/revisions"}],"wp:featuredmedia":[{"embeddable":true,"href":"https:\/\/grandepremio.com\/br\/wp-json\/wp\/v2\/media\/1000830620"}],"wp:attachment":[{"href":"https:\/\/grandepremio.com\/br\/wp-json\/wp\/v2\/media?parent=61925"}],"wp:term":[{"taxonomy":"category","embeddable":true,"href":"https:\/\/grandepremio.com\/br\/wp-json\/wp\/v2\/categories?post=61925"},{"taxonomy":"post_tag","embeddable":true,"href":"https:\/\/grandepremio.com\/br\/wp-json\/wp\/v2\/tags?post=61925"},{"taxonomy":"42wp_author","embeddable":true,"href":"https:\/\/grandepremio.com\/br\/wp-json\/wp\/v2\/42wp_author?post=61925"}],"curies":[{"name":"wp","href":"https:\/\/api.w.org\/{rel}","templated":true}]}}