{"id":62031,"date":"2024-09-15T11:17:04","date_gmt":"2024-09-15T14:17:04","guid":{"rendered":"https:\/\/grandepremio.com\/br\/noticias\/ferrari-se-diz-frustrada-2o-lugar-charles-leclerc-azerbaijao-tinha-ritmo-para-vencer\/"},"modified":"2024-09-15T11:39:43","modified_gmt":"2024-09-15T14:39:43","slug":"ferrari-se-diz-frustrada-2o-lugar-charles-leclerc-azerbaijao-tinha-ritmo-para-vencer","status":"publish","type":"post","link":"https:\/\/grandepremio.com\/br\/f1\/ferrari-se-diz-frustrada-2o-lugar-charles-leclerc-azerbaijao-tinha-ritmo-para-vencer\/","title":{"rendered":"Ferrari se diz &#8220;frustrada&#8221; por 2\u00ba lugar de Leclerc no Azerbaij\u00e3o: &#8220;Tinha ritmo para vencer&#8221;"},"content":{"rendered":"\n<p class=\"wp-block-paragraph\">A <strong>Ferrari<\/strong> ficou muito pr\u00f3xima de ter tanto <strong>Charles Leclerc<\/strong> quanto <strong>Carlos Sainz<\/strong> no p\u00f3dio do <strong>GP do Azerbaij\u00e3o<\/strong>, <a href=\"https:\/\/www.grandepremio.com\/br\/f1\/noticias\/oscar-piastri-vence-gp-azerbaijao-marcado-batida-carlos-sainz-sergio-perez-penultima-volta\/\">realizado neste domingo (15)<\/a>. Enquanto que o monegasco foi superado por <strong>Oscar Piastri<\/strong>, da <strong>McLaren<\/strong>, e <a href=\"https:\/\/www.grandepremio.com\/br\/f1\/noticias\/charles-leclerc-mclaren-melhor-assume-erro-azerbaijao-nao-defendi-poderia\/\">teve de se contentar com o segundo lugar<\/a>, o espanhol deixou a 17\u00aa etapa da temporada 2024 da <strong>F\u00f3rmula 1<\/strong> de m\u00e3os vazias.<\/p>\n\n\n\n<p class=\"wp-block-paragraph\">O dono da <strong>SF-24 #55<\/strong> largou da terceira posi\u00e7\u00e3o, mas acabou sendo ultrapassado por <strong>Sergio P\u00e9rez<\/strong> logo nas primeiras curvas e, a partir de ent\u00e3o, estava fazendo uma corrida discreta. No entanto, na pen\u00faltima volta, quando o piloto da <strong>Red Bull<\/strong> decidiu atacar Leclerc para escalar um degrau a mais no p\u00f3dio, o madrilenho pegou carona no \u00edmpeto do mexicano e se envolveu na disputa tripla. Como resultado, o #16 conseguiu escapar ileso, mas Sainz e P\u00e9rez <a href=\"https:\/\/www.grandepremio.com\/br\/f1\/noticias\/sergio-perez-carlos-sainz-se-enroscam-momentos-finais-abandonam-gp-azerbaijao\/\">se enroscaram e bateram no muro<\/a>.<\/p>\n\n\n\n<p class=\"wp-block-paragraph\">&#8220;Primeiro de tudo, Carlos est\u00e1 bem \u2014 um abandono um tanto abrupto, mas ele est\u00e1 bem, que \u00e9 o mais importante&#8221;, disse <strong>Fr\u00e9d\u00e9ric Vasseur<\/strong>, chefe do time de Maranello, ap\u00f3s o fim da corrida. &#8220;Acho que eles estavam em linha reta entre as curvas 2 e 3 indo atr\u00e1s de Charles, e eles estavam muito, muito pr\u00f3ximos um do outro&#8221;, lembrou.<\/p>\n\n\n\n<p class=\"wp-block-paragraph\">O dirigente, por\u00e9m, preferiu n\u00e3o tomar nenhum posicionamento de maneira precoce, mas deixou claro que quer observar melhor as imagens para entender o que aconteceu entre os dois pilotos.<\/p>\n\n\n\n<figure class=\"wp-block-video\"><video class=\"video-js vjs-big-play-centered\" data-gp-vjs=\"1\" controls src=\"https:\/\/www.grandepremio.com\/br\/wp-content\/uploads\/2024\/09\/Acidente-Perez-Sainz-Azerbaijao.mp4\"><\/video><figcaption class=\"wp-element-caption\">Carlos Sainz e Sergio P\u00e9rez se enroscaram e acabaram no muro em Baku (V\u00eddeo: Reprodu\u00e7\u00e3o\/DAZN)<\/figcaption><\/figure>\n\n\n\n<p class=\"wp-block-paragraph\"><strong><img decoding=\"async\" src=\"https:\/\/a.slack-edge.com\/production-standard-emoji-assets\/14.0\/google-medium\/25b6-fe0f.png\" alt=\":seta_para_frente:\">&nbsp;Inscreva-se nos dois canais do GRANDE PR\u00caMIO no YouTube:&nbsp;<a href=\"https:\/\/www.youtube.com\/channel\/UC9OlHEgxoaY6QY6nWPoiqQg?sub_confirmation=1\" target=\"_blank\" rel=\"noreferrer noopener\">GP<\/a>&nbsp;|&nbsp;<a href=\"https:\/\/www.youtube.com\/channel\/UC9csiS6q_C3C0FYhyr1rnFA?sub_confirmation=1\" target=\"_blank\" rel=\"noreferrer noopener\">GP2<\/a><\/strong><br><strong><img decoding=\"async\" src=\"https:\/\/a.slack-edge.com\/production-standard-emoji-assets\/14.0\/google-medium\/25b6-fe0f.png\" alt=\":seta_para_frente:\">&nbsp;LEIA TAMB\u00c9M:&nbsp;<a href=\"https:\/\/www.grandepremio.com\/br\/f1\/noticias\/oscar-piastri-vence-gp-azerbaijao-marcado-batida-carlos-sainz-sergio-perez-penultima-volta\/\">Piastri vence GP do Azerbaij\u00e3o marcado por batida de Sainz e P\u00e9rez na pen\u00faltima volta<\/a><\/strong><\/p>\n\n\n\n<p class=\"wp-block-paragraph\">&#8220;Ainda n\u00e3o analisei o acidente, mas tive a sensa\u00e7\u00e3o de que ambos estavam procurando o v\u00e1cuo, o que significava que eles estavam quase se tocando antes. Mas deixe-me dar uma olhada no acidente antes de fazer qualquer coment\u00e1rio&#8221;, afirmou o chefe da Ferrari.<\/p>\n\n\n\n<p class=\"wp-block-paragraph\">Sobre Leclerc, que come\u00e7ou muito bem ao se defender de Piastri nas primeiras voltas, mas acabou sendo superado pelo australiano na volta 20, Fr\u00e9d\u00e9ric classificou como um &#8220;bom resultado&#8221;, embora tenha deixado claro que tamb\u00e9m ficou um gosto amargo por n\u00e3o terem conseguido a vit\u00f3ria.<\/p>\n\n\n\n<p class=\"wp-block-paragraph\">&#8220;Acho que t\u00ednhamos ritmo. Perdemos, provavelmente, o timing na \u00faltima volta antes do pit-stop. Mas, agora, se pud\u00e9ssemos refazer a corrida, ter\u00edamos de fazer o pit-stop uma volta antes? Isso \u00e9 besteira, \u00e9 bl\u00e1, bl\u00e1\u2026&#8221;, come\u00e7ou. &#8220;Aconteceu assim e temos de aprender com isso para fazer um trabalho melhor da pr\u00f3xima vez&#8221;, acrescentou.<\/p>\n\n\n\n<p class=\"wp-block-paragraph\">&#8220;\u00c9 verdade tamb\u00e9m que a falta de uma simula\u00e7\u00e3o de corrida antes do fim de semana [por causa do acidente no TL1] provavelmente n\u00e3o ajudou Charles. Mas o segundo lugar \u00e9 um bom resultado para Charles no campeonato e, com certeza, sa\u00edmos um pouco frustrados porque acho que t\u00ednhamos ritmo para vencer neste fim de semana&#8221;, finalizou.<\/p>\n\n\n\n<p class=\"wp-block-paragraph\">A\u00a0<a href=\"https:\/\/www.grandepremio.com\/br\/f1\/\" target=\"_blank\" rel=\"noreferrer noopener\"><\/a><a href=\"https:\/\/www.grandepremio.com\/br\/f1\/\" target=\"_blank\" rel=\"noreferrer noopener\">F\u00f3rmula 1<\/a>\u00a0volta de\u00a0<strong>20 a 22 de setembro<\/strong>\u00a0em\u00a0<strong>Singapura<\/strong>, 18\u00aa etapa da temporada 2024, nas ruas de\u00a0<strong><a href=\"https:\/\/www.grandepremio.com\/br\/circuito\/marina-bay\/\" target=\"_blank\" rel=\"noreferrer noopener\"><\/a><a href=\"https:\/\/www.grandepremio.com\/br\/circuito\/marina-bay\/\" target=\"_blank\" rel=\"noreferrer noopener\">Marina Bay<\/a><\/strong>.<\/p>\n\n\n\n<figure class=\"wp-block-embed is-type-video is-provider-youtube wp-block-embed-youtube wp-embed-aspect-16-9 wp-has-aspect-ratio\"><div class=\"wp-block-embed__wrapper\">\n<iframe loading=\"lazy\" title=\"PIASTRI VENCE, NORRIS BATE VERSTAPPEN, SAINZ BATE EM P\u00c9REZ: tudo do GP do Azerbaij\u00e3o | Briefing\" width=\"500\" height=\"281\" src=\"https:\/\/www.youtube.com\/embed\/kDlxF7f1PUA?feature=oembed\" frameborder=\"0\" allow=\"accelerometer; autoplay; clipboard-write; encrypted-media; gyroscope; picture-in-picture; web-share\" referrerpolicy=\"strict-origin-when-cross-origin\" allowfullscreen><\/iframe>\n<\/div><\/figure>\n","protected":false},"excerpt":{"rendered":"<p>Sobre Carlos Sainz, Fr\u00e9d\u00e9ric Vasseur, chefe da Ferrari, disse que ainda n\u00e3o analisou o v\u00eddeo do acidente com Sergio P\u00e9rez e, por isso, evitou apontar culpado<\/p>\n","protected":false},"author":0,"featured_media":1000868440,"comment_status":"closed","ping_status":"closed","sticky":false,"template":"","format":"standard","meta":{"42wp_featured_image_caption":"","42wp_featured_image_credits":"","42wp_featured_video":"","42wp_featured_image_hidden":false,"42wp_authors_list":[],"footnotes":""},"categories":[2],"tags":[4371,546,209,5660,969,147,3230,642,160,207,180,30909,24976,40880,1491,30103,28285],"42wp_author":[47160],"class_list":["post-62031","post","type-post","status-publish","format-standard","has-post-thumbnail","hentry","category-f1","tag-baku","tag-carlos-sainz","tag-charles-leclerc","tag-classificacao","tag-corrida","tag-f1","tag-f1-2024","tag-f1-ao-vivo","tag-f1-tv","tag-ferrari","tag-formula-1","tag-formula-1-2024","tag-gp-do-azerbaijao","tag-gp-do-azerbaijao-2024","tag-grande-premio","tag-grande-premio-f1","tag-grandepremio","42wp_author-vicente-soella"],"_links":{"self":[{"href":"https:\/\/grandepremio.com\/br\/wp-json\/wp\/v2\/posts\/62031","targetHints":{"allow":["GET"]}}],"collection":[{"href":"https:\/\/grandepremio.com\/br\/wp-json\/wp\/v2\/posts"}],"about":[{"href":"https:\/\/grandepremio.com\/br\/wp-json\/wp\/v2\/types\/post"}],"replies":[{"embeddable":true,"href":"https:\/\/grandepremio.com\/br\/wp-json\/wp\/v2\/comments?post=62031"}],"version-history":[{"count":0,"href":"https:\/\/grandepremio.com\/br\/wp-json\/wp\/v2\/posts\/62031\/revisions"}],"wp:featuredmedia":[{"embeddable":true,"href":"https:\/\/grandepremio.com\/br\/wp-json\/wp\/v2\/media\/1000868440"}],"wp:attachment":[{"href":"https:\/\/grandepremio.com\/br\/wp-json\/wp\/v2\/media?parent=62031"}],"wp:term":[{"taxonomy":"category","embeddable":true,"href":"https:\/\/grandepremio.com\/br\/wp-json\/wp\/v2\/categories?post=62031"},{"taxonomy":"post_tag","embeddable":true,"href":"https:\/\/grandepremio.com\/br\/wp-json\/wp\/v2\/tags?post=62031"},{"taxonomy":"42wp_author","embeddable":true,"href":"https:\/\/grandepremio.com\/br\/wp-json\/wp\/v2\/42wp_author?post=62031"}],"curies":[{"name":"wp","href":"https:\/\/api.w.org\/{rel}","templated":true}]}}