{"id":62162,"date":"2024-09-14T15:39:12","date_gmt":"2024-09-14T18:39:12","guid":{"rendered":"https:\/\/grandepremio.com\/br\/noticias\/james-wharton-domina-ponta-ponta-vence-corrida-1-freca-austria-rafael-camara-11\/"},"modified":"2024-09-14T15:54:48","modified_gmt":"2024-09-14T18:54:48","slug":"james-wharton-domina-ponta-ponta-vence-corrida-1-freca-austria-rafael-camara-11","status":"publish","type":"post","link":"https:\/\/grandepremio.com\/br\/frec\/james-wharton-domina-ponta-ponta-vence-corrida-1-freca-austria-rafael-camara-11\/","title":{"rendered":"Wharton domina de ponta a ponta e vence corrida 1 da FRECA na \u00c1ustria. C\u00e2mara \u00e9 11\u00ba"},"content":{"rendered":"\n<p class=\"wp-block-paragraph\"><strong>James Wharton<\/strong> dominou do in\u00edcio ao fim e venceu a corrida 1 da oitava etapa da <strong>FRECA<\/strong> no <strong>Red Bull Ring<\/strong>, na <strong>\u00c1ustria<\/strong>. O piloto da <strong>Prema<\/strong> conquistou a pole-position e controlou toda a prova para garantir a segunda vit\u00f3ria na temporada 2024 da categoria. <strong>Evan Giltaire<\/strong> e <strong>Alessandro Giusti<\/strong> fecharam o p\u00f3dio pela <strong>ART<\/strong>.<\/p>\n\n\n\n<p class=\"wp-block-paragraph\">Giltaire, inclusive, fez uma corrida de recupera\u00e7\u00e3o muito forte e subiu de <strong>12<\/strong>\u00ba para a segunda posi\u00e7\u00e3o, conquistando pontos cruciais na classifica\u00e7\u00e3o dos pilotos novatos, onde reassumiu a lideran\u00e7a. <strong>Roman Bilinski<\/strong>, da <strong>Trident<\/strong>, tamb\u00e9m fez uma corrida consistente e terminou a prova em quarto.<\/p>\n\n\n\n<p class=\"wp-block-paragraph\"><strong>Enzo Peugeot<\/strong>, <strong>Valerio Rinicella<\/strong>, <strong>Brando Badoer<\/strong>, <strong>Ugo Ugochukwu<\/strong>, <strong>Noah Str\u00f8msted<\/strong> e <strong>Matteo De Palo<\/strong> fecharam o top-10 da prova austr\u00edaca.<\/p>\n\n\n\n<p class=\"wp-block-paragraph\">&#8220;Tive de trabalhar um pouco nas primeiras voltas para deixar os pneus na temperatura certa. Ao mesmo tempo, consegui manter a lideran\u00e7a, mesmo quando o safety-car\u00a0da pista. No final, n\u00e3o foi f\u00e1cil manter a vantagem com Giltaire se aproximando, mas foi uma grande vit\u00f3ria&#8221;, afirmou Wharton ap\u00f3s a corrida.<\/p>\n\n\n\n<figure class=\"wp-block-image size-full\"><img decoding=\"async\" src=\"https:\/\/www.grandepremio.com\/br\/wp-content\/uploads\/2024\/09\/FRECA-2024-RED-BULL-RING.jpg\" alt=\"\" class=\"wp-image-868087\"\/><figcaption class=\"wp-element-caption\">James Wharton foi dominante no Red Bull Ring (Foto: Dutch Photo Agency\/FRECA)<\/figcaption><\/figure>\n\n\n\n<p class=\"wp-block-paragraph\">O brasileiro <strong>Rafael C\u00e2mara<\/strong> terminou a corrida em 11\u00ba, mas continua na lideran\u00e7a isolada do campeonato, com 239 pontos. O segundo colocado na classifica\u00e7\u00e3o geral, <strong>Tuukka Taponen<\/strong> [178 tentos], tamb\u00e9m concluiu a corrida 1 em <strong>Spielberg<\/strong> em 12\u00ba e n\u00e3o pontuou.<\/p>\n\n\n\n<p class=\"wp-block-paragraph\">A <strong>FRECA<\/strong> volta a acelerar neste domingo (15) com a <strong>corrida 2<\/strong> da oitava de dez rodadas da temporada 2024, na \u00c1ustria, a partir das 10h05, com&nbsp;<a href=\"https:\/\/formula1aovivo.com\/\" target=\"_blank\" rel=\"noreferrer noopener\">transmiss\u00e3o<\/a>&nbsp;no <a href=\"https:\/\/www.youtube.com\/@formularegionaleubyalpine\">canal oficial da categoria<\/a> no <strong>Youtube<\/strong>.<\/p>\n","protected":false},"excerpt":{"rendered":"<p>James Wharton conquistou a pole-position, administrou os pneus e conseguiu se manter na lideran\u00e7a para vencer a segunda prova na temporada<\/p>\n","protected":false},"author":0,"featured_media":1000868089,"comment_status":"closed","ping_status":"closed","sticky":false,"template":"","format":"standard","meta":{"42wp_featured_image_caption":"","42wp_featured_image_credits":"","42wp_featured_video":"","42wp_featured_image_hidden":false,"42wp_authors_list":[],"footnotes":""},"categories":[49],"tags":[36766,36764,36763,28105,37513,1491,28285,36765,35070,349,27860,1763,39136],"42wp_author":[47161],"class_list":["post-62162","post","type-post","status-publish","format-standard","has-post-thumbnail","hentry","category-frec","tag-calendario-frec","tag-classificacao-frec","tag-formula-regional-europeia-da-alpine","tag-freca","tag-freca-2024","tag-grande-premio","tag-grandepremio","tag-horarios-freca","tag-james-wharton","tag-prema","tag-rafael-camara","tag-red-bull-ring","tag-temporada-2024-freca","42wp_author-kaio-esteves"],"_links":{"self":[{"href":"https:\/\/grandepremio.com\/br\/wp-json\/wp\/v2\/posts\/62162","targetHints":{"allow":["GET"]}}],"collection":[{"href":"https:\/\/grandepremio.com\/br\/wp-json\/wp\/v2\/posts"}],"about":[{"href":"https:\/\/grandepremio.com\/br\/wp-json\/wp\/v2\/types\/post"}],"replies":[{"embeddable":true,"href":"https:\/\/grandepremio.com\/br\/wp-json\/wp\/v2\/comments?post=62162"}],"version-history":[{"count":0,"href":"https:\/\/grandepremio.com\/br\/wp-json\/wp\/v2\/posts\/62162\/revisions"}],"wp:featuredmedia":[{"embeddable":true,"href":"https:\/\/grandepremio.com\/br\/wp-json\/wp\/v2\/media\/1000868089"}],"wp:attachment":[{"href":"https:\/\/grandepremio.com\/br\/wp-json\/wp\/v2\/media?parent=62162"}],"wp:term":[{"taxonomy":"category","embeddable":true,"href":"https:\/\/grandepremio.com\/br\/wp-json\/wp\/v2\/categories?post=62162"},{"taxonomy":"post_tag","embeddable":true,"href":"https:\/\/grandepremio.com\/br\/wp-json\/wp\/v2\/tags?post=62162"},{"taxonomy":"42wp_author","embeddable":true,"href":"https:\/\/grandepremio.com\/br\/wp-json\/wp\/v2\/42wp_author?post=62162"}],"curies":[{"name":"wp","href":"https:\/\/api.w.org\/{rel}","templated":true}]}}