{"id":62186,"date":"2024-09-14T13:33:29","date_gmt":"2024-09-14T16:33:29","guid":{"rendered":"https:\/\/grandepremio.com\/br\/noticias\/mercedes-avalia-classificacao-frustrante-azerbaijao-veremos-podemos-fazer\/"},"modified":"2024-09-14T13:39:10","modified_gmt":"2024-09-14T16:39:10","slug":"mercedes-avalia-classificacao-frustrante-azerbaijao-veremos-podemos-fazer","status":"publish","type":"post","link":"https:\/\/grandepremio.com\/br\/f1\/mercedes-avalia-classificacao-frustrante-azerbaijao-veremos-podemos-fazer\/","title":{"rendered":"Mercedes avalia classifica\u00e7\u00e3o &#8220;frustrante&#8221; no Azerbaij\u00e3o: &#8220;Veremos o que podemos fazer&#8221;"},"content":{"rendered":"\n<p class=\"wp-block-paragraph\">Embora <strong>George Russell<\/strong> tenha <a href=\"https:\/\/www.grandepremio.com\/br\/f1\/noticias\/george-russell-supera-charles-leclerc-0s013-poe-mercedes-topo-tl3-gp-azerbaijao-f1\/\">marcado o tempo mais r\u00e1pido na terceira e \u00faltima sess\u00e3o de treinos<\/a> do <strong>GP do Azerbaij\u00e3o<\/strong>, <strong>Toto Wolff<\/strong> afirmou que a <strong>Mercedes<\/strong> nunca teve a ilus\u00e3o de acreditar que os pilotos poderiam brigar pela pole-position em <strong>Baku<\/strong>. Enquanto o #63 <a href=\"https:\/\/www.grandepremio.com\/br\/f1\/noticias\/george-russell-ve-classificacao-justa-baku-destaca-desempenho-ferrari-parece-rapida\/\">ficou apenas com a quinta posi\u00e7\u00e3o<\/a>, <strong>Lewis Hamilton<\/strong> teve problemas com os pneus e <a href=\"https:\/\/www.grandepremio.com\/br\/f1\/noticias\/lewis-hamilton-culpa-pneus-lamenta-7-lugar-grid-baku-todo-sabado-mesma-coisa\/\">n\u00e3o foi al\u00e9m do s\u00e9timo lugar<\/a>.<\/p>\n\n\n\n<p class=\"wp-block-paragraph\"><strong>Charles Leclerc<\/strong> acabou sendo a grande estrela do dia no circuito azeri e cravou 1min41s365 para<a href=\"https:\/\/www.grandepremio.com\/br\/f1\/noticias\/charles-leclerc-embala-ferrari-bate-oscar-piastri-crava-pole-gp-azerbaijao-lando-norris-cai-q1\/\"> garantir a posi\u00e7\u00e3o de honra<\/a> para a <strong>Ferrari<\/strong>, ficando 0s321 \u00e0 frente de <strong>Oscar Piastri<\/strong>, segundo colocado. Russell ficou 0s509 atr\u00e1s do monegasco, enquanto o heptacampe\u00e3o foi ainda pior \u2014 0s924 de dist\u00e2ncia do ponteiro.<\/p>\n\n\n\n<p class=\"wp-block-paragraph\">&#8220;A classifica\u00e7\u00e3o foi frustrante hoje. A <strong>Ferrari<\/strong> pareceu forte durante todo o fim de semana, ent\u00e3o sab\u00edamos que era improv\u00e1vel que estiv\u00e9ssemos brigando pela pole-position&#8221;, come\u00e7ou Wolff. &#8220;Trabalhamos duro para fazer melhorias durante a noite e, embora tenhamos ficado lisonjeados pelo TL3, parec\u00edamos capazes de lutar apenas pela segunda fila. Depois de nossas primeiras voltas no Q3, isso parecia poss\u00edvel&#8221;, continuou.<\/p>\n\n\n\n<p class=\"wp-block-paragraph\">&#8220;Infelizmente, em nossos segundos esfor\u00e7os, tivemos uma volta de prepara\u00e7\u00e3o dos pneus ligeiramente comprometida e perdemos a terceira posi\u00e7\u00e3o por apenas 0s05&#8221;, lembrou o dirigente, apontando para o tempo marcado por <strong>Carlos Sainz<\/strong>, que fechou o top-3.<\/p>\n\n\n\n<figure class=\"wp-block-image size-large\"><img decoding=\"async\" src=\"https:\/\/www.grandepremio.com\/br\/wp-content\/uploads\/2024\/09\/azerbaijao-2024-f1-classificacao-mercedes-lewis-hamilton-afp-04-1200x800.jpg\" alt=\"\" class=\"wp-image-867779\"\/><figcaption class=\"wp-element-caption\">Lewis Hamilton teve dificuldades no Q3 e garantiu o s\u00e9timo lugar para a Mercedes (Foto: AFP) <\/figcaption><\/figure>\n\n\n\n<p class=\"wp-block-paragraph\"><strong><img decoding=\"async\" src=\"https:\/\/a.slack-edge.com\/production-standard-emoji-assets\/14.0\/google-medium\/25b6-fe0f.png\" alt=\":seta_para_frente:\">&nbsp;Inscreva-se nos dois canais do GRANDE PR\u00caMIO no YouTube:&nbsp;<a href=\"https:\/\/www.youtube.com\/channel\/UC9OlHEgxoaY6QY6nWPoiqQg?sub_confirmation=1\" target=\"_blank\" rel=\"noreferrer noopener\">GP<\/a>&nbsp;|&nbsp;<a href=\"https:\/\/www.youtube.com\/channel\/UC9csiS6q_C3C0FYhyr1rnFA?sub_confirmation=1\" target=\"_blank\" rel=\"noreferrer noopener\">GP2<\/a><\/strong><br><strong><img decoding=\"async\" src=\"https:\/\/a.slack-edge.com\/production-standard-emoji-assets\/14.0\/google-medium\/25b6-fe0f.png\" alt=\":seta_para_frente:\">&nbsp;LEIA TAMB\u00c9M:&nbsp;<a href=\"https:\/\/www.grandepremio.com\/br\/f1\/noticias\/5-coisas-que-aprendemos-na-sexta-feira-do-gp-do-azerbaijao-da-formula-1-2024\/\">5 coisas que aprendemos na sexta-feira do GP do Azerbaij\u00e3o da&nbsp;F1&nbsp;2024<\/a><\/strong><\/p>\n\n\n\n<p class=\"wp-block-paragraph\">&#8220;George estava mais feliz durante toda a sess\u00e3o e terminou em quinto. Lewis sofreu com a temperatura dos pneus e terminou em s\u00e9timo. Isso nos deixa com muito trabalho para fazer amanh\u00e3, mas \u00e9 uma corrida longa e nosso objetivo \u00e9 seguir em frente&#8221;, observou.<\/p>\n\n\n\n<p class=\"wp-block-paragraph\">Quanto ao poss\u00edvel desempenho da escuderia de Brackley durante a corrida, Toto foi sincero ao dizer que n\u00e3o sabe se o ritmo visto durante os treinos livres ser\u00e1 suficiente para superar as principais rivais no campeonato \u2014 al\u00e9m da Ferrari, tamb\u00e9m <strong>McLaren<\/strong> e <strong>Red Bull<\/strong>.<\/p>\n\n\n\n<p class=\"wp-block-paragraph\">&#8220;N\u00e3o temos uma ideia clara de onde estamos em compara\u00e7\u00e3o com nossos concorrentes em ritmo de corrida, ent\u00e3o veremos o que podemos fazer amanh\u00e3&#8221;, finalizou o chefe da Mercedes.<\/p>\n\n\n\n<p class=\"wp-block-paragraph\">O\u00a0<strong>GRANDE PR\u00caMIO<\/strong>\u00a0acompanha\u00a0<a href=\"https:\/\/www.grandepremio.com\/br\/ao-vivo\/f1\/\" target=\"_blank\" rel=\"noreferrer noopener\"><strong>AO VIVO<\/strong>\u00a0e\u00a0<strong>EM\u00a0<\/strong><\/a><strong><a href=\"https:\/\/www.grandepremio.com\/br\/ao-vivo\/\" target=\"_blank\" rel=\"noreferrer noopener\">TEMPO REAL<\/a><\/strong>\u00a0todas as atividades do\u00a0<strong>GP do Azerbaij\u00e3o\u00a0<\/strong>de\u00a0<a href=\"https:\/\/www.grandepremio.com\/br\/f1\/\" target=\"_blank\" rel=\"noreferrer noopener\">F\u00f3rmula 1<\/a>\u00a0e transmite classifica\u00e7\u00e3o e corrida em segunda tela, em parceria com a Voz do Esporte, na\u00a0<strong><a href=\"https:\/\/www.youtube.com\/c\/GrandePremioTV\/streams\" target=\"_blank\" rel=\"noreferrer noopener\">GPTV, o canal do GP no Youtube<\/a><\/strong>. Al\u00e9m disso, debate tudo que aconteceu na pista com o\u00a0<strong>Briefing\u00a0<\/strong>ap\u00f3s treinos livres e classifica\u00e7\u00e3o, al\u00e9m de antes e depois da corrida. No domingo (15), os pilotos disputam a\u00a0<strong>corrida\u00a0<\/strong>em\u00a0<strong><a href=\"https:\/\/www.grandepremio.com\/br\/circuito\/monza\/\" target=\"_blank\" rel=\"noreferrer noopener\">Baku<\/a>\u00a0<\/strong>a partir das\u00a0<strong>8h<\/strong>\u00a0(de Bras\u00edlia, GMT-3).<\/p>\n\n\n\n<figure class=\"wp-block-embed is-type-video is-provider-youtube wp-block-embed-youtube wp-embed-aspect-16-9 wp-has-aspect-ratio\"><div class=\"wp-block-embed__wrapper\">\n<iframe loading=\"lazy\" title=\"LECLERC POLE, VERSTAPPEN 6\u00ba, NORRIS MEDONHO: a CLASSIFICA\u00c7\u00c3O da F1 no AZERBAIJ\u00c3O | Briefing\" width=\"500\" height=\"281\" src=\"https:\/\/www.youtube.com\/embed\/jGBMWsTHFaE?feature=oembed\" frameborder=\"0\" allow=\"accelerometer; autoplay; clipboard-write; encrypted-media; gyroscope; picture-in-picture; web-share\" referrerpolicy=\"strict-origin-when-cross-origin\" allowfullscreen><\/iframe>\n<\/div><\/figure>\n","protected":false},"excerpt":{"rendered":"<p>Mesmo ap\u00f3s George Russell liderar o TL3 em Baku, Toto Wolff foi sincero ao dizer que a Mercedes n\u00e3o tinha nenhuma expectativa de entrar na disputa pela pole-position neste s\u00e1bado (14)<\/p>\n","protected":false},"author":0,"featured_media":1000867713,"comment_status":"closed","ping_status":"closed","sticky":false,"template":"","format":"standard","meta":{"42wp_featured_image_caption":"","42wp_featured_image_credits":"","42wp_featured_video":"","42wp_featured_image_hidden":false,"42wp_authors_list":[],"footnotes":""},"categories":[2],"tags":[4371,5660,969,147,3230,642,160,180,30909,800,24976,40880,1491,30103,28285,87,82,150],"42wp_author":[47160],"class_list":["post-62186","post","type-post","status-publish","format-standard","has-post-thumbnail","hentry","category-f1","tag-baku","tag-classificacao","tag-corrida","tag-f1","tag-f1-2024","tag-f1-ao-vivo","tag-f1-tv","tag-formula-1","tag-formula-1-2024","tag-george-russell","tag-gp-do-azerbaijao","tag-gp-do-azerbaijao-2024","tag-grande-premio","tag-grande-premio-f1","tag-grandepremio","tag-lewis-hamilton","tag-mercedes","tag-toto-wolff","42wp_author-vicente-soella"],"_links":{"self":[{"href":"https:\/\/grandepremio.com\/br\/wp-json\/wp\/v2\/posts\/62186","targetHints":{"allow":["GET"]}}],"collection":[{"href":"https:\/\/grandepremio.com\/br\/wp-json\/wp\/v2\/posts"}],"about":[{"href":"https:\/\/grandepremio.com\/br\/wp-json\/wp\/v2\/types\/post"}],"replies":[{"embeddable":true,"href":"https:\/\/grandepremio.com\/br\/wp-json\/wp\/v2\/comments?post=62186"}],"version-history":[{"count":0,"href":"https:\/\/grandepremio.com\/br\/wp-json\/wp\/v2\/posts\/62186\/revisions"}],"wp:featuredmedia":[{"embeddable":true,"href":"https:\/\/grandepremio.com\/br\/wp-json\/wp\/v2\/media\/1000867713"}],"wp:attachment":[{"href":"https:\/\/grandepremio.com\/br\/wp-json\/wp\/v2\/media?parent=62186"}],"wp:term":[{"taxonomy":"category","embeddable":true,"href":"https:\/\/grandepremio.com\/br\/wp-json\/wp\/v2\/categories?post=62186"},{"taxonomy":"post_tag","embeddable":true,"href":"https:\/\/grandepremio.com\/br\/wp-json\/wp\/v2\/tags?post=62186"},{"taxonomy":"42wp_author","embeddable":true,"href":"https:\/\/grandepremio.com\/br\/wp-json\/wp\/v2\/42wp_author?post=62186"}],"curies":[{"name":"wp","href":"https:\/\/api.w.org\/{rel}","templated":true}]}}