{"id":62337,"date":"2024-09-14T08:10:50","date_gmt":"2024-09-14T11:10:50","guid":{"rendered":"https:\/\/grandepremio.com\/br\/noticias\/joshua-durksen-brilha-sprint-azerbaijao-leva-paraguai-vitoria-f2-gabriel-bortoleto-5o\/"},"modified":"2024-09-14T10:29:08","modified_gmt":"2024-09-14T13:29:08","slug":"joshua-durksen-brilha-sprint-azerbaijao-leva-paraguai-vitoria-f2-gabriel-bortoleto-5o","status":"publish","type":"post","link":"https:\/\/grandepremio.com\/br\/f2\/joshua-durksen-brilha-sprint-azerbaijao-leva-paraguai-vitoria-f2-gabriel-bortoleto-5o\/","title":{"rendered":"D\u00fcrksen brilha na sprint do Azerbaij\u00e3o e leva Paraguai \u00e0 vit\u00f3ria na F2. Bortoleto \u00e9 5\u00ba"},"content":{"rendered":"\n<p class=\"wp-block-paragraph\"><strong>Joshua D\u00fcrksen<\/strong> brilhou na <strong>corrida sprint<\/strong> da r<strong>odada do Azerbaij\u00e3o<\/strong>, realizada neste s\u00e1bado (14), e levou a <strong>AIX <\/strong>e o <strong>Paraguai<\/strong> \u00e0 vit\u00f3ria no veloz e complicado circuito de rua de <strong>Baku<\/strong>. O piloto alinhou em quarto, pulou para terceiro logo na volta 1 e, depois, efetuou belas ultrapassagens sobre <strong>Christian Mansell<\/strong> e <strong>Gabriele Min\u00ec<\/strong> at\u00e9 chegar \u00e0 ponta.<strong> Jak Crawford<\/strong> ficou em segundo, com o novato da Prema fechando em terceiro.<\/p>\n\n\n\n<p class=\"wp-block-paragraph\">A corrida foi bem menos movimentada que o esperado por ser um circuito de rua, mas o safety-car n\u00e3o deixou de dar o ar da gra\u00e7a nas voltas finais ap\u00f3s batida de <strong>Ritomo Miyata<\/strong>. O incidente, ali\u00e1s, foi providencial para unir todo o grid e trazer a vers\u00e3o arrojada de <strong>Gabriel Bortoleto<\/strong> ap\u00f3s in\u00edcio conservador.<\/p>\n\n\n\n<p class=\"wp-block-paragraph\">Na relargada, o brasileiro, ent\u00e3o em oitavo, deixou para tr\u00e1s em uma \u00fanica volta <strong>Andrea Kimi Antonelli<\/strong>, <strong>Kush Maini<\/strong> e <strong>Christian Mansell<\/strong>, subindo para quinto. At\u00e9 houve toque entre o ele e o novato da <strong>Trident<\/strong>, por\u00e9m Gabriel resistiu e segurou a coloca\u00e7\u00e3o at\u00e9 a bandeirada. Enzo Fittipaldi terminou em 13\u00ba, logo atr\u00e1s de <strong>Isack Hadjar<\/strong>.<\/p>\n\n\n\n<p class=\"wp-block-paragraph\">A F\u00f3rmula 2 retorna neste domingo (15), \u00e0s 4h35 (de Bras\u00edlia, GMT-3), para a largada da corrida 2 da rodada do <strong>Azerbaij\u00e3o<\/strong>. O <strong>GRANDE PR\u00caMIO<\/strong> acompanha todas as atividades da <strong>temporada 2024<\/strong>.<\/p>\n\n\n\n<p class=\"wp-block-paragraph\"><strong><img decoding=\"async\" src=\"https:\/\/a.slack-edge.com\/production-standard-emoji-assets\/14.0\/google-medium\/25b6-fe0f.png\" alt=\":seta_para_frente:\">\u00a0Inscreva-se nos dois canais do GRANDE PR\u00caMIO no YouTube:\u00a0<a href=\"https:\/\/www.youtube.com\/channel\/UC9OlHEgxoaY6QY6nWPoiqQg?sub_confirmation=1\" target=\"_blank\" rel=\"noreferrer noopener\">GP<\/a>\u00a0|\u00a0<a href=\"https:\/\/www.youtube.com\/channel\/UC9csiS6q_C3C0FYhyr1rnFA?sub_confirmation=1\" target=\"_blank\" rel=\"noreferrer noopener\">GP2<\/a><\/strong><br><strong><img decoding=\"async\" src=\"https:\/\/a.slack-edge.com\/production-standard-emoji-assets\/14.0\/google-medium\/25b6-fe0f.png\" alt=\":seta_para_frente:\">\u00a0LEIA TAMB\u00c9M<\/strong>: <strong><a href=\"https:\/\/www.grandepremio.com\/br\/f2\/noticias\/isack-hadjar-volta-deletada-causar-bandeira-vermelha-larga-20o-azerbaijao-f2\/\">Hadjar tem volta deletada por causar bandeira vermelha e larga em 20\u00ba no Azerbaij\u00e3o na F2<\/a><\/strong><\/p>\n\n\n\n<figure class=\"wp-block-image size-large\"><img decoding=\"async\" src=\"https:\/\/www.grandepremio.com\/br\/wp-content\/uploads\/2024\/09\/WhatsApp-Image-2024-09-14-at-07.52.19-1200x675.jpeg\" alt=\"\" class=\"wp-image-867603\"\/><figcaption class=\"wp-element-caption\">Largada da sprint da F2 no Azerbaij\u00e3o (Foto: Reprodu\u00e7\u00e3o\/F2)<\/figcaption><\/figure>\n\n\n\n<h2 class=\"wp-block-heading\" id=\"h-confira-como-foi-a-corrida-sprint-da-f2-em-baku\">Confira como foi a corrida sprint da F2 em Baku:<\/h2>\n\n\n\n<p class=\"wp-block-paragraph\">Com um atraso de cinco minutos em rela\u00e7\u00e3o ao hor\u00e1rio inicial, marcada anteriormente para as 7h15 (de Bras\u00edlia), os carros partiram para a volta de apresenta\u00e7\u00e3o com 26,9\u00b0C de temperatura ambiente, com 33,5\u00b0C de asfalto e 42% de umidade relativa do ar. Na escolha de pneus, compostos macios para todos, com Mansell assumindo o primeiro colchete j\u00e1 em sua corrida de estreia na categoria e tendo ao lado Crawford. <\/p>\n\n\n\n<p class=\"wp-block-paragraph\">Bortoleto, por sua vez, alinhou em quinto, com o companheiro de equipe, Maini, em sexto. Hadjar, l\u00edder do campeonato, era apenas o 20\u00ba ap\u00f3s puni\u00e7\u00e3o por causar bandeira vermelha na classifica\u00e7\u00e3o. Isso ainda fez Fittipaldi ganhar um posto e partir de 15\u00ba, a posi\u00e7\u00e3o anteriormente conquistada por Isack.<\/p>\n\n\n\n<p class=\"wp-block-paragraph\">Luzes apagadas, Mansell segurou bem a primeira coloca\u00e7\u00e3o, enquanto Min\u00ec mergulhou por fora e assumiu o segundo posto. D\u00fcrksen, por sua vez, veio pela linha de dentro e ganhou o terceiro lugar, jogando Crawford para quarto. <\/p>\n\n\n\n<p class=\"wp-block-paragraph\">J\u00e1 Bortoleto teve de recolher para n\u00e3o correr riscos de acidentes e perdeu posi\u00e7\u00e3o para Maini logo ap\u00f3s a curva 1. <strong>Zane Maloney <\/strong>e <strong>Victor Martins <\/strong>aproveitaram o embalo e tamb\u00e9m efetuaram ultrapassagens sobre o brasileiro, que fechou o giro 1 em oitavo. Enquanto isso, Hadjar surgia em 16\u00ba, logo \u00e0 frente de Fittipaldi. <\/p>\n\n\n\n<figure class=\"wp-block-image size-full\"><img decoding=\"async\" src=\"https:\/\/www.grandepremio.com\/br\/wp-content\/uploads\/2024\/09\/Gabriel-Bortoleto-2-1.jpg\" alt=\"\" class=\"wp-image-867366\"\/><figcaption class=\"wp-element-caption\">Gabriel Bortoleto foi quinto colocado (Foto: James Gasperotti)<\/figcaption><\/figure>\n\n\n\n<p class=\"wp-block-paragraph\">Volta 2, e Maloney colocou por fora na curva 1 e tentou manobra sobre Maini, mas acabou ref\u00e9m do ataque de Martins, que levou a melhor e jogou o barbadiano para sexto. Enquanto isso, na frente, Min\u00ec acompanhava Mansell de muito perto, a apenas 0s5 de dist\u00e2ncia, com D\u00fcrksen, que largara em quarto, logo atr\u00e1s, buscando aproxima\u00e7\u00e3o para usar a asa m\u00f3vel.<\/p>\n\n\n\n<p class=\"wp-block-paragraph\">In\u00edcio limpo, portanto, e Mansell, Min\u00ec, D\u00fcrksen, Crawford, Maini, Martins, Maloney, Bortoleto, <strong>Luke Browning<\/strong> e Antonelli fechavam o primeiro top-10 da prova. E ao contr\u00e1rio do que se esperava, ao menos as seis primeiras voltas trouxeram uma fila indiana, com todos os dez primeiros com diferen\u00e7as inferiores a 1s entre eles.<\/p>\n\n\n\n<p class=\"wp-block-paragraph\">O trenzinho do DRS, ent\u00e3o, deixou a sprint um tanto mon\u00f3tona, at\u00e9 que Min\u00ec foi para o ataque sobre Mansell na abertura do giro 7, trouxe o carro da Prema para a linha de dentro ao final do ret\u00e3o e assumiu a lideran\u00e7a, deixando Mansell agora fortemente pressionado pelo paraguaio D\u00fcrksen. E a ultrapassagem veio na volta seguinte, exatamente como a manobra anterior.<\/p>\n\n\n\n<p class=\"wp-block-paragraph\">Logo atr\u00e1s, Maini ganhava de uma vez s\u00f3 os lugares de Maloney e Martins, subindo para quinto, enquanto Bortoleto surgia a apenas 0s3 do franc\u00eas da ART. Hadjar, por sua vez, j\u00e1 era o 14\u00ba, agora atr\u00e1s de Miyata e correndo contra o tempo para alcan\u00e7ar justamente o brasileiro, o \u00faltimo colocado na zona de pontos.<\/p>\n\n\n\n<figure class=\"wp-block-image size-full\"><img decoding=\"async\" src=\"https:\/\/www.grandepremio.com\/br\/wp-content\/uploads\/2024\/09\/image-9.jpg\" alt=\"\" class=\"wp-image-867624\"\/><figcaption class=\"wp-element-caption\">Joshua D\u00fcrksen puxa fila na sprint do Azerbaij\u00e3o (Foto: AFP)<\/figcaption><\/figure>\n\n\n\n<p class=\"wp-block-paragraph\">Na volta 10, <strong>Richard Verschoor<\/strong>, pole-position da corrida de domingo, foi para os boxes colocar pneus supermacios, enquanto, na pista, Martins enfim recuperava o posto perdido para Maloney e subia para sexto. Foi a deixa para Bortoleto ensaiar a ultrapassagem, mas o barbadiano se defendeu muito bem das primeiras investidas do piloto da Invicta.<\/p>\n\n\n\n<p class=\"wp-block-paragraph\">Na frente, D\u00fcrksen colocou de vez na traseira de Min\u00ec nos setores 1 e 2, mais sinuosos, e usou o DRS para assumir a lideran\u00e7a na longa reta de Baku, e Bortoleto fez o mesmo para cima de Maloney, com apenas uma diferen\u00e7a: enquanto o paraguaio alinhou pelo lado de dentro, Gabriel foi por fora.<\/p>\n\n\n\n<p class=\"wp-block-paragraph\">Volta 14, e D\u00fcrksen fez a melhor volta, j\u00e1 colocando mais de 2s sobre o substituto de <strong>Oliver Bearman<\/strong>. Maloney, ent\u00e3o, foi ultrapassado por Antonelli, deixando a zona de pontos. Mais um giro, e foi a vez do piloto futuro piloto da Mercedes n\u00e3o tomar conhecimento de Gabriel e subir para s\u00e9timo.<\/p>\n\n\n\n<p class=\"wp-block-paragraph\">Foi quando veio o safety-car causado por Miyata, ap\u00f3s tentativa mal sucedida de ultrapassagem sobre <strong>Dennis Hauger<\/strong> na curva 3. Alguns pilotos aproveitaram a janela para cal\u00e7ar supermacios, entre eles Fittipaldi, que reclamou bastante de um poss\u00edvel unsafe release de Amaury Cordeel.<\/p>\n\n\n\n<p class=\"wp-block-paragraph\">O carro de seguran\u00e7a deixou a pista na abertura do 18\u00ba e 21 giros programados, com D\u00fcrksen puxando a fila. E se a corrida estava devagar, quase parando, a relargada foi um salseiro s\u00f3. No bolo, eis que Bortoleto, j\u00e1 ciente dos caminhos para buscar posi\u00e7\u00f5es, ligou o modo ataque e deixou tr\u00eas para tr\u00e1s de uma vez s\u00f3. Ainda teve toque de Mansell no brasileiro, mas o carro da Invicta resistiu e cruzou a linha de chegada em quinto. \u00d3timo resultado, portanto, considerando que Hadjar n\u00e3o passou do 12\u00ba posto. E primeira vit\u00f3ria paraguaia na F2.<\/p>\n\n\n\n<p class=\"wp-block-paragraph\">F\u00f3rmula 2 2024, rodada do Azerbaij\u00e3o, Baku, corrida sprint:<\/p>\n\n\n\n<figure class=\"wp-block-table\"><table><tbody><tr><td>1<\/td><td>J D\u00dcRKSEN<\/td><td>AIX<\/td><td>21 voltas<\/td><td>&nbsp;<\/td><\/tr><tr><td>2<\/td><td>J CRAWFORD<\/td><td>DAMS<\/td><td>+3.444<\/td><td>&nbsp;<\/td><\/tr><tr><td>3<\/td><td>G MIN\u00cc<\/td><td>Prema<\/td><td>+4.579<\/td><td>&nbsp;<\/td><\/tr><tr><td>4<\/td><td>V MARTINS<\/td><td>ART<\/td><td>+4.599<\/td><td>&nbsp;<\/td><\/tr><tr><td>5<\/td><td>G BORTOLETO<\/td><td>Invicta<\/td><td>+7.807<\/td><td>&nbsp;<\/td><\/tr><tr><td>6<\/td><td>P ARON<\/td><td>Hitech<\/td><td>+8.793<\/td><td>&nbsp;<\/td><\/tr><tr><td>7<\/td><td>A K ANTONELLI<\/td><td>Prema<\/td><td>+9.293<\/td><td>&nbsp;<\/td><\/tr><tr><td>8<\/td><td>C MANSELL<\/td><td>Trident<\/td><td>+13.436<\/td><td>&nbsp;<\/td><\/tr><tr><td>9<\/td><td>K MAINI<\/td><td>Invicta<\/td><td>+15.013<\/td><td>&nbsp;<\/td><\/tr><tr><td>10<\/td><td>Z MALONEY<\/td><td>Rodin<\/td><td>+15.515<\/td><td>&nbsp;<\/td><\/tr><tr><td>11<\/td><td>L BROWNING<\/td><td>ART<\/td><td>+15.740<\/td><td>&nbsp;<\/td><\/tr><tr><td>12<\/td><td>I HADJAR<\/td><td>Campos<\/td><td>+16.208<\/td><td>&nbsp;<\/td><\/tr><tr><td>13<\/td><td>E FITTIPALDI<\/td><td>Van Amersfoort<\/td><td>+17.065<\/td><td>&nbsp;<\/td><\/tr><tr><td>14<\/td><td>D HAUGER<\/td><td>MP<\/td><td>+17.094<\/td><td>&nbsp;<\/td><\/tr><tr><td>15<\/td><td>J M CORREA<\/td><td>DAMS<\/td><td>+18.039<\/td><td>&nbsp;<\/td><\/tr><tr><td>16<\/td><td>R VILLAG\u00d3MEZ<\/td><td>Van Amersfoort<\/td><td>+20.637<\/td><td>&nbsp;<\/td><\/tr><tr><td>17<\/td><td>R VERSCHOOR<\/td><td>Trident<\/td><td>+22.828<\/td><td>&nbsp;<\/td><\/tr><tr><td>18<\/td><td>A CORDEEL<\/td><td>Hitech<\/td><td>+47.405<\/td><td>&nbsp;<\/td><\/tr><tr><td>19<\/td><td>J M MART\u00cd<\/td><td>Campos<\/td><td>+52.191<\/td><td>&nbsp;<\/td><\/tr><tr><td>20<\/td><td>N KOOLEN<\/td><td>AIX<\/td><td>+56.243<\/td><td>&nbsp;<\/td><\/tr><tr><td>21<\/td><td>O GOETHE<\/td><td>MP<\/td><td>+1:37.954<\/td><td>&nbsp;<\/td><\/tr><tr><td>&nbsp;<\/td><td>R MIYATA<\/td><td>Rodin<\/td><td>NC<\/td><td>&nbsp;<\/td><\/tr><\/tbody><\/table><\/figure>\n\n\n\n<figure class=\"wp-block-embed is-type-video is-provider-youtube wp-block-embed-youtube wp-embed-aspect-16-9 wp-has-aspect-ratio\"><div class=\"wp-block-embed__wrapper\">\n<iframe loading=\"lazy\" title=\"BORTOLETO \u00d7 HADJAR: por que AZERBAIJ\u00c3O pode ser DECISIVO EM T\u00cdTULO da F2 2024 | GP \u00e0s 10\" width=\"500\" height=\"281\" src=\"https:\/\/www.youtube.com\/embed\/R8H8Yo7Yv7U?feature=oembed\" frameborder=\"0\" allow=\"accelerometer; autoplay; clipboard-write; encrypted-media; gyroscope; picture-in-picture; web-share\" referrerpolicy=\"strict-origin-when-cross-origin\" allowfullscreen><\/iframe>\n<\/div><\/figure>\n","protected":false},"excerpt":{"rendered":"<p>Joshua D\u00fcrksen venceu a corrida sprint da rodada do Azerbaij\u00e3o da F2 ap\u00f3s bel\u00edssima performance. Gabriel Bortoleto terminou em quinto e Isack Hadjar n\u00e3o pontuou<\/p>\n","protected":false},"author":0,"featured_media":1000867613,"comment_status":"closed","ping_status":"closed","sticky":false,"template":"","format":"standard","meta":{"42wp_featured_image_caption":"","42wp_featured_image_credits":"","42wp_featured_video":"","42wp_featured_image_hidden":false,"42wp_authors_list":[],"footnotes":""},"categories":[9],"tags":[39506,30624,27861,6086,28198,40836,34562,4371,40837,29654,3158,33152,30246,1539,1581,409,111,32189,2208,35969,350,28373,1491,28285,114,35029,35937,28104,598,33971,38631,107,32107,33941,4606,40737,29923,28397,35030,25439,349,33454,2261,36953,33638,32190,2204,6608,486,28107],"42wp_author":[47147],"class_list":["post-62337","post","type-post","status-publish","format-standard","has-post-thumbnail","hentry","category-f2","tag-aix","tag-amaury-cordeel","tag-andrea-kimi-antonelli","tag-art","tag-azerbaijao","tag-azerbaijao-2024","tag-azerbaijao-f2","tag-baku","tag-baku-2024","tag-calendario-f2","tag-campos","tag-christian-mansell","tag-classificacao-f2","tag-dams","tag-dennis-hauger","tag-enzo-fittipaldi","tag-f2","tag-f2-2024","tag-formula-2","tag-formula-2-2024","tag-gabriel-bortoleto","tag-gabriele-mini","tag-grande-premio","tag-grandepremio","tag-hitech","tag-horarios-f2","tag-invicta","tag-isack-hadjar","tag-jak-crawford","tag-josep-maria-marti","tag-joshua-durksen","tag-juan-manuel-correa","tag-kush-maini","tag-luke-browning","tag-mp","tag-niels-koolen","tag-oliver-bearman","tag-oliver-goethe","tag-onde-assistir-f2","tag-paul-aron","tag-prema","tag-rafael-villagomez","tag-richard-verschoor","tag-ritomo-miyata","tag-rodin","tag-temporada-2024-f2","tag-trident","tag-van-amersfoort","tag-victor-martins","tag-zane-maloney","42wp_author-luana-marino"],"_links":{"self":[{"href":"https:\/\/grandepremio.com\/br\/wp-json\/wp\/v2\/posts\/62337","targetHints":{"allow":["GET"]}}],"collection":[{"href":"https:\/\/grandepremio.com\/br\/wp-json\/wp\/v2\/posts"}],"about":[{"href":"https:\/\/grandepremio.com\/br\/wp-json\/wp\/v2\/types\/post"}],"replies":[{"embeddable":true,"href":"https:\/\/grandepremio.com\/br\/wp-json\/wp\/v2\/comments?post=62337"}],"version-history":[{"count":0,"href":"https:\/\/grandepremio.com\/br\/wp-json\/wp\/v2\/posts\/62337\/revisions"}],"wp:featuredmedia":[{"embeddable":true,"href":"https:\/\/grandepremio.com\/br\/wp-json\/wp\/v2\/media\/1000867613"}],"wp:attachment":[{"href":"https:\/\/grandepremio.com\/br\/wp-json\/wp\/v2\/media?parent=62337"}],"wp:term":[{"taxonomy":"category","embeddable":true,"href":"https:\/\/grandepremio.com\/br\/wp-json\/wp\/v2\/categories?post=62337"},{"taxonomy":"post_tag","embeddable":true,"href":"https:\/\/grandepremio.com\/br\/wp-json\/wp\/v2\/tags?post=62337"},{"taxonomy":"42wp_author","embeddable":true,"href":"https:\/\/grandepremio.com\/br\/wp-json\/wp\/v2\/42wp_author?post=62337"}],"curies":[{"name":"wp","href":"https:\/\/api.w.org\/{rel}","templated":true}]}}