{"id":62479,"date":"2024-09-13T14:00:04","date_gmt":"2024-09-13T17:00:04","guid":{"rendered":"https:\/\/grandepremio.com\/br\/noticias\/sauber-promete-decisao-breve-piloto-jovem-opcao-medio-longo-prazo\/"},"modified":"2024-09-13T19:53:15","modified_gmt":"2024-09-13T22:53:15","slug":"sauber-promete-decisao-breve-piloto-jovem-opcao-medio-longo-prazo","status":"publish","type":"post","link":"https:\/\/grandepremio.com\/br\/f1\/sauber-promete-decisao-breve-piloto-jovem-opcao-medio-longo-prazo\/","title":{"rendered":"Sauber promete &#8220;decis\u00e3o em breve&#8221; e v\u00ea piloto jovem como &#8220;op\u00e7\u00e3o a m\u00e9dio e longo prazo&#8221;"},"content":{"rendered":"\n<p class=\"wp-block-paragraph\">A <strong>Sauber <\/strong>confirmou que se v\u00ea diante de um dilema entre ter um piloto experiente ao lado do j\u00e1 veterano <strong>Nico H\u00fclkenberg <\/strong>em 2025 ou apostar em um &#8220;jovem talento com perspectiva de m\u00e9dio e longo prazo&#8221;. Essas foram as palavras do atual representante da equipe, <strong>Alessandro Alunni Bravi<\/strong>, ressaltando ainda que esta tem sido uma das principais delibera\u00e7\u00f5es de<strong> Mattia Binotto<\/strong> desde que assumiu a chefia do projeto.<\/p>\n\n\n\n<p class=\"wp-block-paragraph\">Mesmo sem citar nomes, o pr\u00f3prio Binotto j\u00e1 havia falado anteriormente que a figura jovem, no caso, \u00e9 <strong>Gabriel Bortoleto<\/strong>, vice-l\u00edder da <strong>F\u00f3rmula 2 <\/strong>e que integra a academia de pilotos da <strong>McLaren<\/strong>. A equipe papaia, ali\u00e1s,<a href=\"https:\/\/www.grandepremio.com\/br\/f1\/noticias\/mclaren-libera-gabriel-bortoleto-abre-caminho-acordo-sauber-audi-f1-2025\/\"> liberou o brasileiro para negociar com o time de Hinwil<\/a>, mas h\u00e1 um impasse ainda quanto \u00e0 dura\u00e7\u00e3o do contrato, j\u00e1 que a McLaren aceita empr\u00e9stimo por dois anos, conforme apurou o <strong>GRANDE PR\u00caMIO<\/strong>.<\/p>\n\n\n\n<p class=\"wp-block-paragraph\">O outro \u00e9 <strong>Valtteri Bottas<\/strong>, que demonstrou confian\u00e7a na renova\u00e7\u00e3o ao falar com os jornalistas presentes em Baku, por\u00e9m Alunni Bravi enfatizou que a decis\u00e3o final &#8220;ser\u00e1 tomada em breve&#8221;.<\/p>\n\n\n\n<p class=\"wp-block-paragraph\">&#8220;Estamos equilibrando todas as op\u00e7\u00f5es e avaliando todos os pr\u00f3s e contras&#8221;, come\u00e7ou o dirigente ao site oficial da F1. &#8220;Claro, temos experi\u00eancia a curto prazo de um lado e um jovem talento com uma perspectiva de m\u00e9dio e longo prazo fazendo parte do projeto do outro&#8221;, completou Alunni Bravi, sem citar nominalmente Gabriel.<\/p>\n\n\n\n<figure class=\"wp-block-image size-full\"><img decoding=\"async\" src=\"https:\/\/www.grandepremio.com\/br\/wp-content\/uploads\/2024\/09\/442655_1123449_mon_gp_sr_1656_2-1.jpg\" alt=\"\" class=\"wp-image-862759\"\/><figcaption class=\"wp-element-caption\">Gabriel Bortoleto est\u00e1 em boa posi\u00e7\u00e3o para vaga na Sauber, mas h\u00e1 impasse (Foto: Dutch Photo Agency)<\/figcaption><\/figure>\n\n\n\n<p class=\"wp-block-paragraph\">&#8220;Ent\u00e3o, qual \u00e9 a avalia\u00e7\u00e3o que Mattia est\u00e1 fazendo? H\u00e1 candidatos em ambos os lados, come\u00e7ando por Valtteri, nosso piloto, e sabemos o qu\u00e3o experiente ele \u00e9 e a contribui\u00e7\u00e3o que deu a n\u00f3s nos \u00faltimos tr\u00eas anos&#8221;, continuou o l\u00edder da Sauber.<\/p>\n\n\n\n<p class=\"wp-block-paragraph\">&#8220;Estamos avaliando um jovem talento porque tamb\u00e9m ser\u00e1 importante ter em nossa equipe no futuro, sem d\u00favida, os melhores talentos. Portanto, \u00e9 a avalia\u00e7\u00e3o que estamos fazendo desde a nomea\u00e7\u00e3o de Mattia. Claro que h\u00e1 muitos dossi\u00eas sobre a mesa dele, este \u00e9 dos mais importantes e acredito que a decis\u00e3o ser\u00e1 tomada em breve&#8221;, completou o italiano.<\/p>\n\n\n\n<p class=\"wp-block-paragraph\">Em seguida, Alunni Bravi foi questionado se o processo de escolha tem sido tranquilo ou \u00e9 algo de tirar o sono, mas afirmou que se trata de um momento &#8220;muito importante&#8221;.<\/p>\n\n\n\n<p class=\"wp-block-paragraph\">&#8220;Pilotos s\u00e3o o diferencial de desempenho mais importante em uma equipe, ent\u00e3o n\u00e3o se pode subestimar a import\u00e2ncia desse processo. E quando se tem uma mudan\u00e7a de lideran\u00e7a, claro que \u00e9 preciso dar tempo para Mattia conversar com eles para entender tamb\u00e9m como pode ser esse relacionamento. Se estiver de acordo com a vis\u00e3o dele e a estrat\u00e9gia que temos, acho normal falar com todos&#8221;, seguiu.<\/p>\n\n\n\n<p class=\"wp-block-paragraph\">&#8220;N\u00e3o \u00e9 que estejamos adotando uma abordagem oportunista porque somos a \u00faltima equipe com vaga dispon\u00edvel, e sim porque queremos avaliar adequadamente todas as oportunidades. E tenho certeza de que tomaremos a decis\u00e3o certa para a equipe&#8221;, encerrou Alunni Bravi.<\/p>\n\n\n\n<p class=\"wp-block-paragraph\">O\u00a0<strong>GRANDE PR\u00caMIO<\/strong>\u00a0acompanha\u00a0<a href=\"https:\/\/www.grandepremio.com\/br\/ao-vivo\/f1\/\" target=\"_blank\" rel=\"noreferrer noopener\"><strong>AO VIVO<\/strong>\u00a0e\u00a0<strong>EM\u00a0<\/strong><\/a><strong><a href=\"https:\/\/www.grandepremio.com\/br\/ao-vivo\/\" target=\"_blank\" rel=\"noreferrer noopener\">TEMPO REAL<\/a><\/strong>\u00a0todas as atividades do\u00a0<strong>GP do Azerbaij\u00e3o\u00a0<\/strong>de\u00a0<a href=\"https:\/\/www.grandepremio.com\/br\/f1\/\" target=\"_blank\" rel=\"noreferrer noopener\">F\u00f3rmula 1<\/a>\u00a0e transmite classifica\u00e7\u00e3o e corrida em segunda tela, em parceria com a Voz do Esporte, na\u00a0<strong><a href=\"https:\/\/www.youtube.com\/c\/GrandePremioTV\/streams\" target=\"_blank\" rel=\"noreferrer noopener\">GPTV, o canal do GP no Youtube<\/a><\/strong>. Al\u00e9m disso, debate tudo que aconteceu na pista com o\u00a0<strong>Briefing\u00a0<\/strong>ap\u00f3s treinos livres e classifica\u00e7\u00e3o, al\u00e9m de antes e depois da corrida. No s\u00e1bado (14), o\u00a0<strong>TL3<\/strong>\u00a0abre o dia \u00e0s\u00a0<strong>5h30<\/strong>\u00a0(de Bras\u00edlia, GMT-3), ao passo que a\u00a0<strong>classifica\u00e7\u00e3o\u00a0<\/strong>ser\u00e1 \u00e0s\u00a0<strong>9h<\/strong>. Por fim, no domingo (15), os pilotos disputam a\u00a0<strong>corrida\u00a0<\/strong>em\u00a0<strong><a href=\"https:\/\/www.grandepremio.com\/br\/circuito\/monza\/\" target=\"_blank\" rel=\"noreferrer noopener\">Baku<\/a>\u00a0<\/strong>a partir das\u00a0<strong>8h<\/strong>.<\/p>\n\n\n\n<p class=\"wp-block-paragraph\"><strong><img decoding=\"async\" src=\"https:\/\/a.slack-edge.com\/production-standard-emoji-assets\/14.0\/google-medium\/25b6-fe0f.png\" alt=\":seta_para_frente:\">&nbsp;Inscreva-se nos dois canais do GRANDE PR\u00caMIO no YouTube:&nbsp;<a href=\"https:\/\/www.youtube.com\/channel\/UC9OlHEgxoaY6QY6nWPoiqQg?sub_confirmation=1\" target=\"_blank\" rel=\"noreferrer noopener\">GP<\/a>&nbsp;|&nbsp;<a href=\"https:\/\/www.youtube.com\/channel\/UC9csiS6q_C3C0FYhyr1rnFA?sub_confirmation=1\" target=\"_blank\" rel=\"noreferrer noopener\">GP2<\/a><\/strong><br><strong><img decoding=\"async\" src=\"https:\/\/a.slack-edge.com\/production-standard-emoji-assets\/14.0\/google-medium\/25b6-fe0f.png\" alt=\":seta_para_frente:\">&nbsp;LEIA TAMB\u00c9M:&nbsp;<a href=\"https:\/\/www.grandepremio.com\/br\/f1\/noticias\/mclaren-favorita-red-bull-apuros-f1-parte-incognito-gp-azerbaijao\/\">McLaren favorita e Red Bull em apuros: como F1 parte para inc\u00f3gnito GP do Azerbaij\u00e3o<\/a><\/strong><\/p>\n\n\n\n<figure class=\"wp-block-embed is-type-video is-provider-youtube wp-block-embed-youtube wp-embed-aspect-16-9 wp-has-aspect-ratio\"><div class=\"wp-block-embed__wrapper\">\n<iframe loading=\"lazy\" title=\"LECLERC 0s006 \u00c0 FRENTE DE P\u00c9REZ, HAMILTON 3\u00ba, VERSTAPPEN 6\u00ba: treinos livres no Azerbaij\u00e3o | Briefing\" width=\"500\" height=\"281\" src=\"https:\/\/www.youtube.com\/embed\/SQckTMTqERY?feature=oembed\" frameborder=\"0\" allow=\"accelerometer; autoplay; clipboard-write; encrypted-media; gyroscope; picture-in-picture; web-share\" referrerpolicy=\"strict-origin-when-cross-origin\" allowfullscreen><\/iframe>\n<\/div><\/figure>\n","protected":false},"excerpt":{"rendered":"<p>Representante da Sauber, Alessandro Alunni Bravi afirmou que a escolha do companheiro de equipe de Nico H\u00fclkenberg em 2025 tem sido uma das principais delibera\u00e7\u00f5es de Mattia Binotto<\/p>\n","protected":false},"author":0,"featured_media":1000831622,"comment_status":"closed","ping_status":"closed","sticky":false,"template":"","format":"standard","meta":{"42wp_featured_image_caption":"","42wp_featured_image_credits":"","42wp_featured_video":"","42wp_featured_image_hidden":false,"42wp_authors_list":[],"footnotes":""},"categories":[2],"tags":[28198,4371,26271,5273,147,3230,180,30909,350,24976,34437,1491,28285,30840,35129,1197,33301,612],"42wp_author":[47147],"class_list":["post-62479","post","type-post","status-publish","format-standard","has-post-thumbnail","hentry","category-f1","tag-azerbaijao","tag-baku","tag-calendario-f1","tag-classificacao-f1","tag-f1","tag-f1-2024","tag-formula-1","tag-formula-1-2024","tag-gabriel-bortoleto","tag-gp-do-azerbaijao","tag-gp-do-azerbaijao-f1","tag-grande-premio","tag-grandepremio","tag-horarios-f1","tag-onde-assistir-f1","tag-sauber","tag-temporada-2024-f1","tag-valtteri-bottas","42wp_author-luana-marino"],"_links":{"self":[{"href":"https:\/\/grandepremio.com\/br\/wp-json\/wp\/v2\/posts\/62479","targetHints":{"allow":["GET"]}}],"collection":[{"href":"https:\/\/grandepremio.com\/br\/wp-json\/wp\/v2\/posts"}],"about":[{"href":"https:\/\/grandepremio.com\/br\/wp-json\/wp\/v2\/types\/post"}],"replies":[{"embeddable":true,"href":"https:\/\/grandepremio.com\/br\/wp-json\/wp\/v2\/comments?post=62479"}],"version-history":[{"count":0,"href":"https:\/\/grandepremio.com\/br\/wp-json\/wp\/v2\/posts\/62479\/revisions"}],"wp:featuredmedia":[{"embeddable":true,"href":"https:\/\/grandepremio.com\/br\/wp-json\/wp\/v2\/media\/1000831622"}],"wp:attachment":[{"href":"https:\/\/grandepremio.com\/br\/wp-json\/wp\/v2\/media?parent=62479"}],"wp:term":[{"taxonomy":"category","embeddable":true,"href":"https:\/\/grandepremio.com\/br\/wp-json\/wp\/v2\/categories?post=62479"},{"taxonomy":"post_tag","embeddable":true,"href":"https:\/\/grandepremio.com\/br\/wp-json\/wp\/v2\/tags?post=62479"},{"taxonomy":"42wp_author","embeddable":true,"href":"https:\/\/grandepremio.com\/br\/wp-json\/wp\/v2\/42wp_author?post=62479"}],"curies":[{"name":"wp","href":"https:\/\/api.w.org\/{rel}","templated":true}]}}