{"id":62609,"date":"2024-09-12T18:41:22","date_gmt":"2024-09-12T21:41:22","guid":{"rendered":"https:\/\/grandepremio.com\/br\/noticias\/foyt-oficializa-renovacao-santino-ferrucci-temporada-2025-indy\/"},"modified":"2024-09-12T23:44:48","modified_gmt":"2024-09-13T02:44:48","slug":"foyt-oficializa-renovacao-santino-ferrucci-temporada-2025-indy","status":"publish","type":"post","link":"https:\/\/grandepremio.com\/br\/indy\/foyt-oficializa-renovacao-santino-ferrucci-temporada-2025-indy\/","title":{"rendered":"Foyt oficializa renova\u00e7\u00e3o de Ferrucci para temporada 2025 da Indy"},"content":{"rendered":"\n<p class=\"wp-block-paragraph\"><strong>Santino Ferrucci <\/strong>vai seguir na <strong>Foyt <\/strong>em 2025. A equipe americana anunciou, nesta quinta-feira (12), que fechou um contrato plurianual para <a href=\"https:\/\/www.grandepremio.com\/br\/indy\/noticias\/foyt-destaca-grande-ajuda-santino-ferrucci-indica-desejo-renovacao-2025\/\">manter o v\u00ednculo com o piloto americano<\/a>, que far\u00e1 a dupla com o compatriota <strong>David Malukas <\/strong>a partir da pr\u00f3xima temporada.<\/p>\n\n\n\n<p class=\"wp-block-paragraph\">Aos 26 anos, Ferrucci desembarcou na Foyt em 2023 e vive o melhor momento da carreira na Indy. Atualmente, ele ocupa a d\u00e9cima posi\u00e7\u00e3o no Campeonato de Pilotos, com 339 pontos. Os melhores resultados aconteceram na rodada dupla de Milwaukee, com dois quartos lugares. Ele tamb\u00e9m anotou uma pole-position em Portland.<\/p>\n\n\n\n<p class=\"wp-block-paragraph\">&#8220;Estou animado por seguir com Santino. N\u00f3s realmente nos unimos nas \u00faltimas duas temporadas e ele \u00e9 uma grande parte do nosso sucesso recente. Essa continuidade \u00e9 \u00f3tima para a equipe, e acredito que a dupla Ferrucci e Malukas na pr\u00f3xima temporada \u00e9 uma combina\u00e7\u00e3o poderosa para o time&#8221;, declarou o chefe de equipe Larry Foyt.<\/p>\n\n\n\n<p class=\"wp-block-paragraph\"><strong>Inscreva-se nos dois canais do GRANDE PR\u00caMIO no YouTube:&nbsp;<a href=\"https:\/\/www.youtube.com\/channel\/UC9OlHEgxoaY6QY6nWPoiqQg?sub_confirmation=1\" target=\"_blank\" rel=\"noreferrer noopener\">GP<\/a>&nbsp;|&nbsp;<a href=\"https:\/\/www.youtube.com\/channel\/UC9csiS6q_C3C0FYhyr1rnFA?sub_confirmation=1\" target=\"_blank\" rel=\"noreferrer noopener\">GP2<\/a><\/strong><\/p>\n\n\n\n<figure class=\"wp-block-image size-large\"><img decoding=\"async\" src=\"https:\/\/www.grandepremio.com\/br\/wp-content\/uploads\/2024\/08\/Santino-Ferrucci-BITNILE_com-Grand-Prix-of-Portland-By_-Joe-Skibinski_Large-Image-Without-Watermark_m116001-1200x800.jpg\" alt=\"\" class=\"wp-image-857652\"\/><figcaption class=\"wp-element-caption\">Ferrucci cumprimenta membro da Foyt ap\u00f3s anotar pole em Portland (Foto: IndyCar)<\/figcaption><\/figure>\n\n\n\n<p class=\"wp-block-paragraph\">Ap\u00f3s passagem pol\u00eamica pela F\u00f3rmula 2, Santino estreou na Indy em 2018 pela Dale Coyne. No ano seguinte, foi promovido para disputar a temporada completa, mas acabou deixando o time em 2021. Desde ent\u00e3o, fez participa\u00e7\u00f5es especiais por equipes como RLL, Dreyer &amp; Reinbold e Juncos at\u00e9 acertar a chegada na Foyt.<\/p>\n\n\n\n<p class=\"wp-block-paragraph\">&#8220;Acho que Larry fez um \u00f3timo trabalho construindo a equipe, ent\u00e3o eles est\u00e3o agora em posi\u00e7\u00e3o de vencer a Indy 500 e competir por t\u00edtulos. Todos que est\u00e3o l\u00e1 s\u00e3o os que fizeram a incr\u00edvel reviravolta desta equipe. Todos n\u00f3s colocamos muito tempo, energia e trabalho duro neste programa. E realmente quero ver isso acontecer n\u00e3o apenas como piloto, mas a n\u00edvel pessoal tamb\u00e9m&#8221;, citou Ferrucci.<\/p>\n\n\n\n<p class=\"wp-block-paragraph\">A&nbsp;<strong><a href=\"https:\/\/www.grandepremio.com\/formula-indy\/\" target=\"_blank\" rel=\"noreferrer noopener\">Indy<\/a>&nbsp;<\/strong>retorna com a etapa final da temporada 2024 neste domingo (15), com a corrida no oval de&nbsp;<strong><a href=\"https:\/\/www.grandepremio.com\/br\/circuito\/nashville\/\" target=\"_blank\" rel=\"noreferrer noopener\">Nashville<\/a><\/strong>, localizado em&nbsp;<strong>Lebanon<\/strong>, no Tennessee. O&nbsp;<strong>GRANDE PR\u00caMIO&nbsp;<\/strong>faz a cobertura completa.<\/p>\n","protected":false},"excerpt":{"rendered":"<p>Um dos destaques da temporada 2024 da Indy, Santino Ferrucci oficializou a renova\u00e7\u00e3o com a Foyt para 2025. Piloto americano formar\u00e1 dupla com David Malukas<\/p>\n","protected":false},"author":0,"featured_media":1000857645,"comment_status":"closed","ping_status":"closed","sticky":false,"template":"","format":"standard","meta":{"42wp_featured_image_caption":"","42wp_featured_image_credits":"","42wp_featured_video":"","42wp_featured_image_hidden":false,"42wp_authors_list":[],"footnotes":""},"categories":[3],"tags":[28552,6133,322,26235,1491,28285,35361,93,31011,29784,830,36027],"42wp_author":[47119],"class_list":["post-62609","post","type-post","status-publish","format-standard","has-post-thumbnail","hentry","category-indy","tag-calendario-indy","tag-classificacao-indy","tag-foyt","tag-gp-de-nashville","tag-grande-premio","tag-grandepremio","tag-horarios-indy","tag-indy","tag-indy-2024","tag-onde-assistir-indy","tag-santino-ferrucci","tag-temporada-2024-da-indy","42wp_author-gabriel-carvalho"],"_links":{"self":[{"href":"https:\/\/grandepremio.com\/br\/wp-json\/wp\/v2\/posts\/62609","targetHints":{"allow":["GET"]}}],"collection":[{"href":"https:\/\/grandepremio.com\/br\/wp-json\/wp\/v2\/posts"}],"about":[{"href":"https:\/\/grandepremio.com\/br\/wp-json\/wp\/v2\/types\/post"}],"replies":[{"embeddable":true,"href":"https:\/\/grandepremio.com\/br\/wp-json\/wp\/v2\/comments?post=62609"}],"version-history":[{"count":0,"href":"https:\/\/grandepremio.com\/br\/wp-json\/wp\/v2\/posts\/62609\/revisions"}],"wp:featuredmedia":[{"embeddable":true,"href":"https:\/\/grandepremio.com\/br\/wp-json\/wp\/v2\/media\/1000857645"}],"wp:attachment":[{"href":"https:\/\/grandepremio.com\/br\/wp-json\/wp\/v2\/media?parent=62609"}],"wp:term":[{"taxonomy":"category","embeddable":true,"href":"https:\/\/grandepremio.com\/br\/wp-json\/wp\/v2\/categories?post=62609"},{"taxonomy":"post_tag","embeddable":true,"href":"https:\/\/grandepremio.com\/br\/wp-json\/wp\/v2\/tags?post=62609"},{"taxonomy":"42wp_author","embeddable":true,"href":"https:\/\/grandepremio.com\/br\/wp-json\/wp\/v2\/42wp_author?post=62609"}],"curies":[{"name":"wp","href":"https:\/\/api.w.org\/{rel}","templated":true}]}}