{"id":62705,"date":"2024-09-12T08:03:30","date_gmt":"2024-09-12T11:03:30","guid":{"rendered":"https:\/\/grandepremio.com\/br\/noticias\/mclaren-aceita-favorecer-lando-norris-luta-titulo-sem-comprometer-principios\/"},"modified":"2024-09-12T11:49:23","modified_gmt":"2024-09-12T14:49:23","slug":"mclaren-aceita-favorecer-lando-norris-luta-titulo-sem-comprometer-principios","status":"publish","type":"post","link":"https:\/\/grandepremio.com\/br\/f1\/mclaren-aceita-favorecer-lando-norris-luta-titulo-sem-comprometer-principios\/","title":{"rendered":"McLaren aceita favorecer Norris em luta por t\u00edtulo, mas &#8220;sem comprometer princ\u00edpios&#8221;"},"content":{"rendered":"\n<p class=\"wp-block-paragraph\">A <strong>McLaren<\/strong> deixou <strong>Monza<\/strong> <a href=\"https:\/\/www.grandepremio.com\/br\/f1\/noticias\/mclaren-promete-revisao-regra-papaia-ja-cogita-priorizar-lando-norris-titulo-possivel\/\">prometendo uma revis\u00e3o na famigerada &#8220;regra papaia&#8221;<\/a> e decidiu que, de agora em diante, <strong>Oscar Piastri <\/strong>vai ajudar <strong>Lando Norris<\/strong> no duelo contra<strong> Max Verstappen <\/strong>pelo t\u00edtulo da <strong>temporada 2024 <\/strong>da <strong>F\u00f3rmula 1<\/strong>. O chefe, <strong>Andrea Stella<\/strong>, no entanto, enfatizou que se trata de um direcionamento que s\u00f3 ser\u00e1 aplicado se houver necessidade.<\/p>\n\n\n\n<p class=\"wp-block-paragraph\">A mudan\u00e7a de postura \u00e9 consequ\u00eancia da inesperada derrota sofrida no <strong>GP da It\u00e1lia<\/strong>, realizado h\u00e1 duas semanas. Na casa da <strong>Ferrari<\/strong>, o time de Woking partiu como franco favorito ao pegar a primeira fila do grid, por\u00e9m foi surpreendido pela ousada estrat\u00e9gia dos italianos de apenas uma parada. A t\u00e1tica levou <strong>Charles Leclerc<\/strong> <a href=\"https:\/\/www.grandepremio.com\/br\/f1\/noticias\/charles-leclerc-brilha-parada-unica-enlouquece-torcida-ferrari-vitoria-gp-italia\/\">\u00e0 vit\u00f3ria<\/a>.<\/p>\n\n\n\n<p class=\"wp-block-paragraph\">Do lado da McLaren, Piastri cruzou a linha de chegada em segundo, \u00e0 frente de Norris, e tudo porque ainda na primeira volta, na segunda chicane, o australiano n\u00e3o tomou conhecimento do companheiro de equipe \u2014 que largara na pole \u2014 e efetuou bela ultrapassagem. Leclerc ainda veio no embalo e teve a chance de p\u00f4r o plano em pr\u00e1tica.<\/p>\n\n\n\n<p class=\"wp-block-paragraph\">Para completar, durante a corrida, a McLaren ainda exp\u00f4s via r\u00e1dio que os dois pilotos estavam livres para brigar por posi\u00e7\u00e3o (o &#8220;papaya rules&#8221;), mas a atitude levantou cr\u00edticas, uma vez que Verstappen novamente sofreu com o acerto do carro e n\u00e3o passou da sexta posi\u00e7\u00e3o ao final.<\/p>\n\n\n\n<figure class=\"wp-block-image size-full\"><img decoding=\"async\" src=\"https:\/\/www.grandepremio.com\/br\/wp-content\/uploads\/2024\/07\/image-1-2.png\" alt=\"\" class=\"wp-image-844244\"\/><figcaption class=\"wp-element-caption\">Lando Norris e Oscar Piastri no p\u00f3dio do GP da Hungria (Foto: F1)<\/figcaption><\/figure>\n\n\n\n<p class=\"wp-block-paragraph\">\u00c0 emissora brit\u00e2nica <em>BBC<\/em>, Stella falou sobre a reuni\u00e3o interna realizada p\u00f3s-Monza e revelou que a equipe inglesa est\u00e1 oficialmente dando &#8220;tend\u00eancia&#8221; ao &#8220;apoio a Lando&#8221;. &#8220;Mas queremos fazer isso sem comprometer muito nossos princ\u00edpios&#8221;, acrescentou. <\/p>\n\n\n\n<p class=\"wp-block-paragraph\">&#8220;Nossos princ\u00edpios s\u00e3o que o interesse da equipe sempre vem em primeiro lugar. Para n\u00f3s, esportividade \u00e9 importante no modo geral como corremos. Portanto, queremos ser justos com os pilotos. O que n\u00e3o queremos mais \u00e9 uma situa\u00e7\u00e3o como em Monza, na qual entramos em uma chicane em primeiro e segundo e sa\u00edmos em primeiro e terceiro, pois isso \u00e9 preju\u00edzo para o time&#8221;, salientou.<\/p>\n\n\n\n<p class=\"wp-block-paragraph\">&#8220;Os interesses da equipe v\u00eam em primeiro lugar, e essas s\u00e3o as situa\u00e7\u00f5es que precisamos consertar antes de mais nada, porque, na verdade, a maneira como entramos na corrida em Monza deu brecha para essa situa\u00e7\u00e3o&#8221;, completou Stella.<\/p>\n\n\n\n<p class=\"wp-block-paragraph\">Em seguida, o dirigente deu alguns detalhes sobre a conversa com Lando e Oscar e classificou-a como &#8220;muito colaborativa&#8221;. <\/p>\n\n\n\n<p class=\"wp-block-paragraph\">&#8220;Quando perguntei a Oscar &#8216;Voc\u00ea estaria disposto a desistir de uma vit\u00f3ria?&#8217;, e ele disse &#8216;\u00c9 doloroso, mas se fora a coisa certa a fazer, farei&#8217;. Todo piloto \u00e9 programado para vencer. Ent\u00e3o, fico sempre muito impressionado com o n\u00edvel de esp\u00edrito de equipe, maturidade e colabora\u00e7\u00e3o que encontramos neste per\u00edodo&#8221;, seguiu.<\/p>\n\n\n\n<p class=\"wp-block-paragraph\">Apesar da nova dire\u00e7\u00e3o para as disputas entre Norris e Piastri, Stella pontuou que haver\u00e1 outra reuni\u00e3o ap\u00f3s o <strong>GP do Azerbaij\u00e3o<\/strong>, que acontece neste fim de semana, portanto a decis\u00e3o poder\u00e1 ser atualizada. Entende-se, portanto, que os dois estar\u00e3o livres para competir entre si dependendo da circunst\u00e2ncia.<\/p>\n\n\n\n<p class=\"wp-block-paragraph\">&#8220;Ap\u00f3s Monza, temos tr\u00eas objetivos: precisamos garantir que tudo o que aconte\u00e7a na pista n\u00e3o seja em detrimento da equipe. O segundo, como vencer os dois campeonatos, com os dois comprometidos em ajudar. Mas o que n\u00e3o queremos e fazer isso de forma imprudente. Esses s\u00e3o os tr\u00eas t\u00f3picos que definem a forma como vamos correr em Baku. Isso ser\u00e1 atualizado depois&#8221;, encerrou.<\/p>\n\n\n\n<p class=\"wp-block-paragraph\">A diferen\u00e7a entre Norris e Verstappen na classifica\u00e7\u00e3o \u00e9 de 62 pontos. No Mundial de Construtores, a McLaren est\u00e1 a apenas 8 da l\u00edder, Red Bull.<\/p>\n\n\n\n<p class=\"wp-block-paragraph\">O\u00a0<strong>GRANDE PR\u00caMIO<\/strong>\u00a0acompanha\u00a0<a href=\"https:\/\/www.grandepremio.com\/br\/ao-vivo\/f1\/\" target=\"_blank\" rel=\"noreferrer noopener\"><strong>AO VIVO<\/strong>\u00a0e\u00a0<strong>EM\u00a0<\/strong><\/a><strong><a href=\"https:\/\/www.grandepremio.com\/br\/ao-vivo\/\" target=\"_blank\" rel=\"noreferrer noopener\">TEMPO REAL<\/a><\/strong>\u00a0todas as atividades do\u00a0<strong>GP do Azerbaij\u00e3o <\/strong>de\u00a0<a href=\"https:\/\/www.grandepremio.com\/br\/f1\/\" target=\"_blank\" rel=\"noreferrer noopener\">F\u00f3rmula 1<\/a>\u00a0e transmite classifica\u00e7\u00e3o e corrida em segunda tela, em parceria com a Voz do Esporte, na\u00a0<strong><a href=\"https:\/\/www.youtube.com\/c\/GrandePremioTV\/streams\" target=\"_blank\" rel=\"noreferrer noopener\">GPTV, o canal do GP no Youtube<\/a><\/strong>. Al\u00e9m disso, debate tudo que aconteceu na pista com o\u00a0<strong>Briefing\u00a0<\/strong>ap\u00f3s treinos livres e classifica\u00e7\u00e3o, al\u00e9m de antes e depois da corrida. Na sexta-feira (13), o <strong>treino livre 1<\/strong> acontece \u00e0s <strong>6h30 <\/strong>(de Bras\u00edlia, GMT-3), enquanto a\u00a0<strong>segunda sess\u00e3o<\/strong>\u00a0est\u00e1 marcada para as\u00a0<strong>10h<\/strong>. No s\u00e1bado (14), o\u00a0<strong>TL3<\/strong>\u00a0abre o dia \u00e0s\u00a0<strong>5h30<\/strong>, ao passo que a\u00a0<strong>classifica\u00e7\u00e3o\u00a0<\/strong>ser\u00e1 \u00e0s\u00a0<strong>9h<\/strong>. Por fim, no domingo (15), os pilotos disputam a\u00a0<strong>corrida\u00a0<\/strong>em\u00a0<strong><a href=\"https:\/\/www.grandepremio.com\/br\/circuito\/monza\/\" target=\"_blank\" rel=\"noreferrer noopener\">Monza<\/a>\u00a0<\/strong>a partir das\u00a0<strong>8h<\/strong>.<\/p>\n\n\n\n<p class=\"wp-block-paragraph\"><strong><img decoding=\"async\" src=\"https:\/\/a.slack-edge.com\/production-standard-emoji-assets\/14.0\/google-medium\/25b6-fe0f.png\" alt=\":seta_para_frente:\">\u00a0Inscreva-se nos dois canais do GRANDE PR\u00caMIO no YouTube:\u00a0<a href=\"https:\/\/www.youtube.com\/channel\/UC9OlHEgxoaY6QY6nWPoiqQg?sub_confirmation=1\" target=\"_blank\" rel=\"noreferrer noopener\">GP<\/a>\u00a0|\u00a0<a href=\"https:\/\/www.youtube.com\/channel\/UC9csiS6q_C3C0FYhyr1rnFA?sub_confirmation=1\" target=\"_blank\" rel=\"noreferrer noopener\">GP2<\/a><\/strong><br><strong><img decoding=\"async\" src=\"https:\/\/a.slack-edge.com\/production-standard-emoji-assets\/14.0\/google-medium\/25b6-fe0f.png\" alt=\":seta_para_frente:\">\u00a0LEIA TAMB\u00c9M: <a href=\"https:\/\/www.grandepremio.com\/br\/f1\/noticias\/mercedes-mira-recuperacao-espera-teste-muito-diferente-gp-azerbaijao\/\">Mercedes mira recupera\u00e7\u00e3o e espera \u201cteste muito diferente\u201d no GP do Azerbaij\u00e3o<\/a><\/strong><\/p>\n\n\n\n<figure class=\"wp-block-embed is-type-video is-provider-youtube wp-block-embed-youtube wp-embed-aspect-16-9 wp-has-aspect-ratio\"><div class=\"wp-block-embed__wrapper\">\n<iframe loading=\"lazy\" title=\"NEWEY \u00e9 PE\u00c7A QUE FALTAVA para ASTON MARTIN + PR\u00c9VIA da F1 com NOVATOS no AZERBAIJ\u00c3O\u00a0|\u00a0TTGP\u00a0#152\" width=\"500\" height=\"281\" src=\"https:\/\/www.youtube.com\/embed\/srdatilbZK4?feature=oembed\" frameborder=\"0\" allow=\"accelerometer; autoplay; clipboard-write; encrypted-media; gyroscope; picture-in-picture; web-share\" referrerpolicy=\"strict-origin-when-cross-origin\" allowfullscreen><\/iframe>\n<\/div><\/figure>\n","protected":false},"excerpt":{"rendered":"<p>Andrea Stella confirmou que Oscar Piastri comprometeu-se a abrir m\u00e3o de vit\u00f3ria para ajudar Lando Norris na briga pelo t\u00edtulo contra Max Verstappen, mas enfatizou que a orienta\u00e7\u00e3o ser\u00e1 novamente revisada ap\u00f3s Baku<\/p>\n","protected":false},"author":0,"featured_media":1000844459,"comment_status":"closed","ping_status":"closed","sticky":false,"template":"","format":"standard","meta":{"42wp_featured_image_caption":"","42wp_featured_image_credits":"","42wp_featured_video":"","42wp_featured_image_hidden":false,"42wp_authors_list":[],"footnotes":""},"categories":[2],"tags":[7094,28198,4371,26271,5273,147,3230,180,30909,24976,1491,28285,30840,547,90,35129,2916,33301],"42wp_author":[47147],"class_list":["post-62705","post","type-post","status-publish","format-standard","has-post-thumbnail","hentry","category-f1","tag-andrea-stella","tag-azerbaijao","tag-baku","tag-calendario-f1","tag-classificacao-f1","tag-f1","tag-f1-2024","tag-formula-1","tag-formula-1-2024","tag-gp-do-azerbaijao","tag-grande-premio","tag-grandepremio","tag-horarios-f1","tag-lando-norris","tag-mclaren","tag-onde-assistir-f1","tag-oscar-piastri","tag-temporada-2024-f1","42wp_author-luana-marino"],"_links":{"self":[{"href":"https:\/\/grandepremio.com\/br\/wp-json\/wp\/v2\/posts\/62705","targetHints":{"allow":["GET"]}}],"collection":[{"href":"https:\/\/grandepremio.com\/br\/wp-json\/wp\/v2\/posts"}],"about":[{"href":"https:\/\/grandepremio.com\/br\/wp-json\/wp\/v2\/types\/post"}],"replies":[{"embeddable":true,"href":"https:\/\/grandepremio.com\/br\/wp-json\/wp\/v2\/comments?post=62705"}],"version-history":[{"count":0,"href":"https:\/\/grandepremio.com\/br\/wp-json\/wp\/v2\/posts\/62705\/revisions"}],"wp:featuredmedia":[{"embeddable":true,"href":"https:\/\/grandepremio.com\/br\/wp-json\/wp\/v2\/media\/1000844459"}],"wp:attachment":[{"href":"https:\/\/grandepremio.com\/br\/wp-json\/wp\/v2\/media?parent=62705"}],"wp:term":[{"taxonomy":"category","embeddable":true,"href":"https:\/\/grandepremio.com\/br\/wp-json\/wp\/v2\/categories?post=62705"},{"taxonomy":"post_tag","embeddable":true,"href":"https:\/\/grandepremio.com\/br\/wp-json\/wp\/v2\/tags?post=62705"},{"taxonomy":"42wp_author","embeddable":true,"href":"https:\/\/grandepremio.com\/br\/wp-json\/wp\/v2\/42wp_author?post=62705"}],"curies":[{"name":"wp","href":"https:\/\/api.w.org\/{rel}","templated":true}]}}