{"id":62717,"date":"2024-09-12T04:30:00","date_gmt":"2024-09-12T07:30:00","guid":{"rendered":"https:\/\/grandepremio.com\/br\/noticias\/sergio-sette-camara-defende-corridas-pelota-formula-e-sao-legais-para-publico\/"},"modified":"2024-09-12T12:03:29","modified_gmt":"2024-09-12T15:03:29","slug":"sergio-sette-camara-defende-corridas-pelota-formula-e-sao-legais-para-publico","status":"publish","type":"post","link":"https:\/\/grandepremio.com\/br\/formula-e\/sergio-sette-camara-defende-corridas-pelota-formula-e-sao-legais-para-publico\/","title":{"rendered":"Sette C\u00e2mara defende corridas de pelot\u00e3o na F\u00f3rmula E: &#8220;S\u00e3o legais para o p\u00fablico&#8221;"},"content":{"rendered":"\n<p class=\"wp-block-paragraph\">As corridas de pelot\u00e3o costumam dividir a opini\u00e3o de pilotos e membros das equipes que fazem parte da <strong>F\u00f3rmula E<\/strong>, categoria que tradicionalmente corre em circuitos de rua. Recentemente, <strong>Jean-\u00c9ric Vergne<\/strong>, piloto da <strong>DS Penske<\/strong> e bicampe\u00e3o mundial, <a href=\"https:\/\/www.grandepremio.com\/br\/formula-e\/noticias\/jean-eric-vergne-critica-corridas-pelotao-ameaca-deixar-formula-nao-mudar-parar\/\">amea\u00e7ou at\u00e9 se retirar<\/a> do grid caso o estilo continue. Contudo, foi em uma das provas em circuitos permanentes que o brasileiro <strong>S\u00e9rgio Sette C\u00e2mara<\/strong> conseguiu o melhor resultado da temporada 2023\/24 com a <strong>ERT<\/strong>. No <strong>eP de Misano 2<\/strong>, o piloto largou em 11\u00ba e conseguiu terminar a corrida em sexto, levando 8 pontos para casa naquela ocasi\u00e3o.<\/p>\n\n\n\n<p class=\"wp-block-paragraph\">Em entrevista exclusiva ao&nbsp;<strong>GRANDE PR\u00caMIO<\/strong>, Sette C\u00e2mara citou pontos negativos das corridas de pelot\u00e3o, mas defendeu o estilo e enfatizou que o formato de corridas em circuitos permanentes \u00e9 atrativo para o p\u00fablico e para a visibilidade da categoria dos carros el\u00e9tricos.<\/p>\n\n\n\n<p class=\"wp-block-paragraph\">&#8220;Todos est\u00e3o no mesmo barco, querem que a categoria cres\u00e7a, que d\u00ea certo, n\u00e3o \u00e9 bom ficar criticando a categoria sempre. Tudo tem lado bom e o lado ruim. Realmente, olhando pelo lado esportivo, n\u00e3o \u00e9 a coisa mais meritocr\u00e1tica. O fator sorte entra muito na jogada. Mas olhando pelo lado positivo, nem toda corrida \u00e9 de pelot\u00e3o. Acho que 50% das corridas [da temporada] s\u00e3o de pelot\u00e3o e elas s\u00e3o muito emocionantes para os f\u00e3s. Tem muita ultrapassagem, ningu\u00e9m sabe quem vai levar, fica aquela indecis\u00e3o. Acho que temos de olhar para o lado positivo tamb\u00e9m&#8221;, disse o brasileiro.<\/p>\n\n\n\n<p class=\"wp-block-paragraph\">Sette C\u00e2mara citou o fato de o campeonato ter apenas dez ano e disse que a F\u00f3rmula E ainda busca se posicionar como categoria, por isso permite-se fazer testes durante as temporadas. Para ele, os pilotos precisam lembrar que correm para o p\u00fablico, ou seriam apenas homens &#8220;andando de carrinhos e se divertindo&#8221;.<\/p>\n\n\n\n<figure class=\"wp-block-image size-large\"><img decoding=\"async\" src=\"https:\/\/www.grandepremio.com\/br\/wp-content\/uploads\/2024\/04\/EPS1006_152655DSC_6858-2048x2048-1-1024x683.jpg\" alt=\"\" class=\"wp-image-801040\"\/><figcaption class=\"wp-element-caption\">Sette C\u00e2mara defendeu corridas de pelot\u00e3o (Foto: F\u00f3rmula E)<\/figcaption><\/figure>\n\n\n\n<p class=\"wp-block-paragraph\">&#8220;O campeonato \u00e9 novo, tem dez anos, est\u00e1 se descobrindo como marca e formato de corrida. Fizeram altera\u00e7\u00f5es na classifica\u00e7\u00e3o que deram certo, ent\u00e3o existem alguns acertos. As corridas de pelot\u00e3o s\u00e3o legais para o p\u00fablico. Muitas vezes o piloto esquece que est\u00e1 correndo para o p\u00fablico. Tem de ter um n\u00edvel de atratividade, sen\u00e3o vira um bando de homens andando de carrinhos e se divertindo. O esporte perde o prop\u00f3sito&#8221;, opinou o <strong>#3<\/strong>.<\/p>\n\n\n\n<p class=\"wp-block-paragraph\">&#8220;N\u00e3o podemos s\u00f3 olhar para a pilotagem. O espet\u00e1culo precisa ser legal e, neste sentido, a corrida de pelot\u00e3o n\u00e3o \u00e9 um desastre e n\u00e3o deixa de ser legal para o p\u00fablico. Nenhum promotor de evento mant\u00e9m uma corrida se ela n\u00e3o tem apelo do p\u00fablico. As corridas em S\u00e3o Paulo entregam muito e isso \u00e9 bom. Mas veja a <strong>Coreia do Sul<\/strong>. Assinaram contrato de cinco anos, no primeiro ano n\u00f3s fomos e n\u00e3o deu ningu\u00e9m. No ano seguinte cancelaram o contrato e a gente nunca mais voltou. \u00c9 a maior prova disso&#8221;, finalizou Sette C\u00e2mara.<\/p>\n\n\n\n<p class=\"wp-block-paragraph\">A&nbsp;<a href=\"https:\/\/www.grandepremio.com\/br\/formula-e\/\" target=\"_blank\" rel=\"noreferrer noopener\"><\/a><a href=\"https:\/\/www.grandepremio.com\/br\/formula-e\/\" target=\"_blank\" rel=\"noreferrer noopener\">F\u00f3rmula E<\/a>&nbsp;retorna com atividades de pista somente entre os dias&nbsp;<strong>4 e 7 de novembro<\/strong>, com os&nbsp;<strong>testes coletivos de pr\u00e9-temporada na pista de Val\u00eancia, na&nbsp;<a href=\"https:\/\/es.grandepremio.com\/\" target=\"_blank\" rel=\"noreferrer noopener\">Espanha<\/a><\/strong>. A temporada 2024\/25 come\u00e7a aqui no Brasil, com o&nbsp;<strong>eP de&nbsp;<a href=\"https:\/\/www.grandepremio.com\/br\/circuito\/sao-paulo\/\" target=\"_blank\" rel=\"noreferrer noopener\"><\/a><a href=\"https:\/\/www.grandepremio.com\/br\/circuito\/sao-paulo\/\" target=\"_blank\" rel=\"noreferrer noopener\"><\/a><a href=\"https:\/\/www.grandepremio.com\/br\/circuito\/sao-paulo\/\" target=\"_blank\" rel=\"noreferrer noopener\"><\/a><a href=\"https:\/\/www.grandepremio.com\/br\/circuito\/sao-paulo\/\" target=\"_blank\" rel=\"noreferrer noopener\"><\/a><a href=\"https:\/\/www.grandepremio.com\/br\/circuito\/sao-paulo\/\" target=\"_blank\" rel=\"noreferrer noopener\"><\/a><a href=\"https:\/\/www.grandepremio.com\/br\/circuito\/sao-paulo\/\" target=\"_blank\" rel=\"noreferrer noopener\"><\/a><a href=\"https:\/\/www.grandepremio.com\/br\/circuito\/sao-paulo\/\" target=\"_blank\" rel=\"noreferrer noopener\"><\/a><a href=\"https:\/\/www.grandepremio.com\/br\/circuito\/sao-paulo\/\" target=\"_blank\" rel=\"noreferrer noopener\"><\/a><a href=\"https:\/\/www.grandepremio.com\/br\/circuito\/sao-paulo\/\" target=\"_blank\" rel=\"noreferrer noopener\"><\/a><a href=\"https:\/\/www.grandepremio.com\/br\/circuito\/sao-paulo\/\" target=\"_blank\" rel=\"noreferrer noopener\"><\/a><a href=\"https:\/\/www.grandepremio.com\/br\/circuito\/sao-paulo\/\" target=\"_blank\" rel=\"noreferrer noopener\"><\/a><a href=\"https:\/\/www.grandepremio.com\/br\/circuito\/sao-paulo\/\" target=\"_blank\" rel=\"noreferrer noopener\"><\/a><a href=\"https:\/\/www.grandepremio.com\/br\/circuito\/sao-paulo\/\" target=\"_blank\" rel=\"noreferrer noopener\"><\/a><a href=\"https:\/\/www.grandepremio.com\/br\/circuito\/sao-paulo\/\" target=\"_blank\" rel=\"noreferrer noopener\"><\/a><a href=\"https:\/\/www.grandepremio.com\/br\/circuito\/sao-paulo\/\" target=\"_blank\" rel=\"noreferrer noopener\"><\/a><a href=\"https:\/\/www.grandepremio.com\/br\/circuito\/sao-paulo\/\" target=\"_blank\" rel=\"noreferrer noopener\"><\/a><a href=\"https:\/\/www.grandepremio.com\/br\/circuito\/sao-paulo\/\" target=\"_blank\" rel=\"noreferrer noopener\"><\/a><a href=\"https:\/\/www.grandepremio.com\/br\/circuito\/sao-paulo\/\" target=\"_blank\" rel=\"noreferrer noopener\"><\/a><a href=\"https:\/\/www.grandepremio.com\/br\/circuito\/sao-paulo\/\" target=\"_blank\" rel=\"noreferrer noopener\">S\u00e3o Paulo<\/a>, marcado para o fim de semana do dia 7 de dezembro<\/strong>.<\/p>\n\n\n\n<p class=\"wp-block-paragraph\"><strong><img decoding=\"async\" src=\"https:\/\/a.slack-edge.com\/production-standard-emoji-assets\/14.0\/google-medium\/25b6-fe0f.png\" alt=\":seta_para_frente:\">&nbsp;Inscreva-se nos dois canais do GRANDE PR\u00caMIO no YouTube:&nbsp;<a href=\"https:\/\/www.youtube.com\/channel\/UC9OlHEgxoaY6QY6nWPoiqQg?sub_confirmation=1\" target=\"_blank\" rel=\"noreferrer noopener\">GP<\/a>&nbsp;|&nbsp;<a href=\"https:\/\/www.youtube.com\/channel\/UC9csiS6q_C3C0FYhyr1rnFA?sub_confirmation=1\" target=\"_blank\" rel=\"noreferrer noopener\">GP2<\/a><\/strong><\/p>\n\n\n\n<figure class=\"wp-block-embed is-type-video is-provider-youtube wp-block-embed-youtube wp-embed-aspect-16-9 wp-has-aspect-ratio\"><div class=\"wp-block-embed__wrapper\">\n<iframe loading=\"lazy\" title=\"Entra Jed\u00e1, sai Diriyah: pista da F1 \u00c9 \u00d3TIMA NOT\u00cdCIA para F\u00f3rmula E | GP \u00e0s 10\" width=\"500\" height=\"281\" src=\"https:\/\/www.youtube.com\/embed\/idJBfLXtxGo?feature=oembed\" frameborder=\"0\" allow=\"accelerometer; autoplay; clipboard-write; encrypted-media; gyroscope; picture-in-picture; web-share\" referrerpolicy=\"strict-origin-when-cross-origin\" allowfullscreen><\/iframe>\n<\/div><\/figure>\n","protected":false},"excerpt":{"rendered":"<p>Em entrevista exclusiva ao GRANDE PR\u00caMIO, S\u00e9rgio Sette C\u00e2mara afirmou que categoria precisa entender seu pr\u00f3prio prop\u00f3sito, ou ser\u00e3o apenas &#8220;um bando de homens andando de carrinhos e se divertindo&#8221;<\/p>\n","protected":false},"author":0,"featured_media":1000788691,"comment_status":"closed","ping_status":"closed","sticky":false,"template":"","format":"standard","meta":{"42wp_featured_image_caption":"","42wp_featured_image_credits":"","42wp_featured_video":"","42wp_featured_image_hidden":false,"42wp_authors_list":[],"footnotes":""},"categories":[19],"tags":[28679,6853,31465,36858,840,35967,1491,28285,35442,851,36219,1025,37653],"42wp_author":[47142,47161],"class_list":["post-62717","post","type-post","status-publish","format-standard","has-post-thumbnail","hentry","category-formula-e","tag-calendario-formula-e","tag-classificacao-formula-e","tag-ds-penske","tag-ert","tag-formula-e","tag-formula-e-2024","tag-grande-premio","tag-grandepremio","tag-horarios-formula-e","tag-jean-eric-vergne","tag-onde-assistir-formula-e","tag-sergio-sette-camara","tag-temporada-2024-da-formula-e","42wp_author-jp-nascimento","42wp_author-kaio-esteves"],"_links":{"self":[{"href":"https:\/\/grandepremio.com\/br\/wp-json\/wp\/v2\/posts\/62717","targetHints":{"allow":["GET"]}}],"collection":[{"href":"https:\/\/grandepremio.com\/br\/wp-json\/wp\/v2\/posts"}],"about":[{"href":"https:\/\/grandepremio.com\/br\/wp-json\/wp\/v2\/types\/post"}],"replies":[{"embeddable":true,"href":"https:\/\/grandepremio.com\/br\/wp-json\/wp\/v2\/comments?post=62717"}],"version-history":[{"count":0,"href":"https:\/\/grandepremio.com\/br\/wp-json\/wp\/v2\/posts\/62717\/revisions"}],"wp:featuredmedia":[{"embeddable":true,"href":"https:\/\/grandepremio.com\/br\/wp-json\/wp\/v2\/media\/1000788691"}],"wp:attachment":[{"href":"https:\/\/grandepremio.com\/br\/wp-json\/wp\/v2\/media?parent=62717"}],"wp:term":[{"taxonomy":"category","embeddable":true,"href":"https:\/\/grandepremio.com\/br\/wp-json\/wp\/v2\/categories?post=62717"},{"taxonomy":"post_tag","embeddable":true,"href":"https:\/\/grandepremio.com\/br\/wp-json\/wp\/v2\/tags?post=62717"},{"taxonomy":"42wp_author","embeddable":true,"href":"https:\/\/grandepremio.com\/br\/wp-json\/wp\/v2\/42wp_author?post=62717"}],"curies":[{"name":"wp","href":"https:\/\/api.w.org\/{rel}","templated":true}]}}