{"id":62859,"date":"2024-09-10T13:29:41","date_gmt":"2024-09-10T16:29:41","guid":{"rendered":"https:\/\/grandepremio.com\/br\/noticias\/lucas-di-grassi-lamenta-problemas-pior-ano-carreira-tudo-podia-dar-errado-deu\/"},"modified":"2024-09-10T13:39:06","modified_gmt":"2024-09-10T16:39:06","slug":"lucas-di-grassi-lamenta-problemas-pior-ano-carreira-tudo-podia-dar-errado-deu","status":"publish","type":"post","link":"https:\/\/grandepremio.com\/br\/formula-e\/lucas-di-grassi-lamenta-problemas-pior-ano-carreira-tudo-podia-dar-errado-deu\/","title":{"rendered":"Di Grassi lamenta problemas em &#8220;pior ano da carreira&#8221;: &#8220;Tudo que podia dar errado deu&#8221;"},"content":{"rendered":"\n<p class=\"wp-block-paragraph\">No evento de lan\u00e7amento do <strong>eP de S\u00e3o Paulo<\/strong> da <strong>F\u00f3rmula E<\/strong>, nesta ter\u00e7a-feira (10), em apresenta\u00e7\u00e3o da etapa que vai abrir a temporada 2024\/25 da categoria em dezembro, <strong>Lucas Di Grassi<\/strong> conversou com o <strong>GRANDE PR\u00caMIO<\/strong> sobre a edi\u00e7\u00e3o que se passou. Definido por ele como &#8220;o pior da carreira por muito&#8221;, o campeonato terminou com apenas <strong>quatro pontos<\/strong> somados pelo brasileiro, que n\u00e3o teve uma trajet\u00f3ria tranquila com o carro da <strong>ABT Cupra<\/strong>.<\/p>\n\n\n\n<p class=\"wp-block-paragraph\">Segundo Di Grassi, tudo que poderia dar errado na temporada realmente deu. O piloto lamentou os erros nas escolhas de estrat\u00e9gia, mas disse que o desempenho pessoal foi melhor do que em 2023. Al\u00e9m disso, o campe\u00e3o de 2016\/17 ressaltou a import\u00e2ncia de aprender com o que aconteceu.<\/p>\n\n\n\n<p class=\"wp-block-paragraph\">&#8220;Basicamente, na temporada passada, o que podia dar errado deu&#8221;, admitiu Di Grassi em entrevista exclusiva ao <strong>GP<\/strong>. &#8220;Descobrimos falhas no carro depois de algumas corridas, e quando escolh\u00edamos a estrat\u00e9gia &#8216;A&#8217;, a &#8216;B&#8217; era melhor. Quando escolh\u00edamos a &#8216;B&#8217;, a vantagem era da &#8216;A&#8217;. Foi um ano muito ruim, mas n\u00e3o por causa da minha performance&#8221;, destacou.<\/p>\n\n\n\n<p class=\"wp-block-paragraph\">&#8220;Se comparar minha performance com o ano passado, foi melhor, mas os pontos, os resultados, foram muito piores. \u00c9 um ano para aprender, mais do que esquecer, e levar esse conhecimento para o ano que vem&#8221;, disse.<\/p>\n\n\n\n<figure class=\"wp-block-image size-large is-resized\"><img loading=\"lazy\" decoding=\"async\" src=\"https:\/\/www.grandepremio.com\/br\/wp-content\/uploads\/2023\/09\/Luca-1024x683.jpg\" alt=\"\" class=\"wp-image-735120\" style=\"width:840px;height:560px\" width=\"840\" height=\"560\"\/><figcaption class=\"wp-element-caption\">A ABT de Di Grassi vai correr com motores Lola-Yamaha na pr\u00f3xima temporada (Foto: ABT Cupra)<\/figcaption><\/figure>\n\n\n\n<p class=\"wp-block-paragraph\">Para a temporada 2024\/25, que come\u00e7a em dezembro, Di Grassi ter\u00e1 um novo desafio. A ABT vai contar com o trem de for\u00e7a <strong>Lola-Yamaha<\/strong>, que estreia na F\u00f3rmula E na pr\u00f3xima edi\u00e7\u00e3o. O desafio, segundo ele, \u00e9 tentar evoluir o m\u00e1ximo poss\u00edvel, j\u00e1 que h\u00e1 uma defasagem em rela\u00e7\u00e3o aos concorrentes. Lucas, por\u00e9m, demonstrou confian\u00e7a em concluir o objetivo.<\/p>\n\n\n\n<p class=\"wp-block-paragraph\">&#8220;A dificuldade \u00e9 realmente acelerar esse desenvolvimento de uma equipe totalmente nova. Entra a Yamaha, a Lola, e j\u00e1 conhe\u00e7o o pessoal da ABT. \u00c9 tentar ser competitivo desde a primeira etapa. Vai ser dif\u00edcil, mas estou confiante de que vamos conseguir fazer bem melhor do que no ano passado&#8221;, finalizou Di Grassi.<\/p>\n\n\n\n<p class=\"wp-block-paragraph\">A&nbsp;<a href=\"https:\/\/www.grandepremio.com\/br\/formula-e\/\" target=\"_blank\" rel=\"noreferrer noopener\"><\/a><a href=\"https:\/\/www.grandepremio.com\/br\/formula-e\/\" target=\"_blank\" rel=\"noreferrer noopener\">F\u00f3rmula E<\/a>&nbsp;retorna com atividades de pista somente entre os dias&nbsp;<strong>4 e 7 de novembro<\/strong>, com os&nbsp;<strong>testes coletivos de pr\u00e9-temporada na pista de Val\u00eancia, na&nbsp;<a href=\"https:\/\/es.grandepremio.com\/\" target=\"_blank\" rel=\"noreferrer noopener\">Espanha<\/a><\/strong>. A temporada 2024\/25 come\u00e7a aqui no Brasil, com o&nbsp;<strong>eP de&nbsp;<a href=\"https:\/\/www.grandepremio.com\/br\/circuito\/sao-paulo\/\" target=\"_blank\" rel=\"noreferrer noopener\"><\/a><a href=\"https:\/\/www.grandepremio.com\/br\/circuito\/sao-paulo\/\" target=\"_blank\" rel=\"noreferrer noopener\"><\/a><a href=\"https:\/\/www.grandepremio.com\/br\/circuito\/sao-paulo\/\" target=\"_blank\" rel=\"noreferrer noopener\"><\/a><a href=\"https:\/\/www.grandepremio.com\/br\/circuito\/sao-paulo\/\" target=\"_blank\" rel=\"noreferrer noopener\"><\/a><a href=\"https:\/\/www.grandepremio.com\/br\/circuito\/sao-paulo\/\" target=\"_blank\" rel=\"noreferrer noopener\"><\/a><a href=\"https:\/\/www.grandepremio.com\/br\/circuito\/sao-paulo\/\" target=\"_blank\" rel=\"noreferrer noopener\"><\/a><a href=\"https:\/\/www.grandepremio.com\/br\/circuito\/sao-paulo\/\" target=\"_blank\" rel=\"noreferrer noopener\"><\/a><a href=\"https:\/\/www.grandepremio.com\/br\/circuito\/sao-paulo\/\" target=\"_blank\" rel=\"noreferrer noopener\"><\/a><a href=\"https:\/\/www.grandepremio.com\/br\/circuito\/sao-paulo\/\" target=\"_blank\" rel=\"noreferrer noopener\"><\/a><a href=\"https:\/\/www.grandepremio.com\/br\/circuito\/sao-paulo\/\" target=\"_blank\" rel=\"noreferrer noopener\"><\/a><a href=\"https:\/\/www.grandepremio.com\/br\/circuito\/sao-paulo\/\" target=\"_blank\" rel=\"noreferrer noopener\"><\/a><a href=\"https:\/\/www.grandepremio.com\/br\/circuito\/sao-paulo\/\" target=\"_blank\" rel=\"noreferrer noopener\"><\/a><a href=\"https:\/\/www.grandepremio.com\/br\/circuito\/sao-paulo\/\" target=\"_blank\" rel=\"noreferrer noopener\"><\/a><a href=\"https:\/\/www.grandepremio.com\/br\/circuito\/sao-paulo\/\" target=\"_blank\" rel=\"noreferrer noopener\"><\/a><a href=\"https:\/\/www.grandepremio.com\/br\/circuito\/sao-paulo\/\" target=\"_blank\" rel=\"noreferrer noopener\"><\/a><a href=\"https:\/\/www.grandepremio.com\/br\/circuito\/sao-paulo\/\" target=\"_blank\" rel=\"noreferrer noopener\"><\/a><a href=\"https:\/\/www.grandepremio.com\/br\/circuito\/sao-paulo\/\" target=\"_blank\" rel=\"noreferrer noopener\">S\u00e3o Paulo<\/a>, marcado para o fim de semana do dia 7 de dezembro<\/strong>.<\/p>\n\n\n\n<p class=\"wp-block-paragraph\"><strong><img decoding=\"async\" style=\"width: 20px;\" src=\"https:\/\/s.w.org\/images\/core\/emoji\/14.0.0\/svg\/25b6.svg\" alt=\"\u25b6\ufe0f\">&nbsp;Inscreva-se nos dois canais do GRANDE PR\u00caMIO no YouTube:&nbsp;<a href=\"https:\/\/www.youtube.com\/channel\/UC9OlHEgxoaY6QY6nWPoiqQg?sub_confirmation=1\" target=\"_blank\" rel=\"noreferrer noopener\">GP<\/a>&nbsp;|&nbsp;<a href=\"https:\/\/www.youtube.com\/channel\/UC9csiS6q_C3C0FYhyr1rnFA?sub_confirmation=1\" target=\"_blank\" rel=\"noreferrer noopener\">GP2<\/a><\/strong><\/p>\n\n\n\n<figure class=\"wp-block-embed is-type-video is-provider-youtube wp-block-embed-youtube wp-embed-aspect-16-9 wp-has-aspect-ratio\"><div class=\"wp-block-embed__wrapper\">\n<iframe loading=\"lazy\" title=\"Entra Jed\u00e1, sai Diriyah: pista da F1 \u00c9 \u00d3TIMA NOT\u00cdCIA para F\u00f3rmula E | GP \u00e0s 10\" width=\"500\" height=\"281\" src=\"https:\/\/www.youtube.com\/embed\/idJBfLXtxGo?feature=oembed\" frameborder=\"0\" allow=\"accelerometer; autoplay; clipboard-write; encrypted-media; gyroscope; picture-in-picture; web-share\" referrerpolicy=\"strict-origin-when-cross-origin\" allowfullscreen><\/iframe>\n<\/div><\/figure>\n","protected":false},"excerpt":{"rendered":"<p>Lucas Di Grassi conversou com o GRANDE PR\u00caMIO nesta ter\u00e7a-feira (10) e lamentou as dificuldades vividas na temporada 2023\/24 da F\u00f3rmula E \u2014 classificada por ele como a pior da carreira. Brasileiro, por\u00e9m, demonstrou confian\u00e7a no futuro da ABT<\/p>\n","protected":false},"author":0,"featured_media":1000843726,"comment_status":"closed","ping_status":"closed","sticky":false,"template":"","format":"standard","meta":{"42wp_featured_image_caption":"","42wp_featured_image_credits":"","42wp_featured_video":"","42wp_featured_image_hidden":false,"42wp_authors_list":[],"footnotes":""},"categories":[19],"tags":[10187,28679,6853,379,36881,840,35967,1601,1491,30103,28285,3659,966,36219,172],"42wp_author":[47142],"class_list":["post-62859","post","type-post","status-publish","format-standard","has-post-thumbnail","hentry","category-formula-e","tag-abt","tag-calendario-formula-e","tag-classificacao-formula-e","tag-fe","tag-fe-2024","tag-formula-e","tag-formula-e-2024","tag-gen3","tag-grande-premio","tag-grande-premio-f1","tag-grandepremio","tag-lola","tag-lucas-di-grassi","tag-onde-assistir-formula-e","tag-yamaha","42wp_author-jp-nascimento"],"_links":{"self":[{"href":"https:\/\/grandepremio.com\/br\/wp-json\/wp\/v2\/posts\/62859","targetHints":{"allow":["GET"]}}],"collection":[{"href":"https:\/\/grandepremio.com\/br\/wp-json\/wp\/v2\/posts"}],"about":[{"href":"https:\/\/grandepremio.com\/br\/wp-json\/wp\/v2\/types\/post"}],"replies":[{"embeddable":true,"href":"https:\/\/grandepremio.com\/br\/wp-json\/wp\/v2\/comments?post=62859"}],"version-history":[{"count":0,"href":"https:\/\/grandepremio.com\/br\/wp-json\/wp\/v2\/posts\/62859\/revisions"}],"wp:featuredmedia":[{"embeddable":true,"href":"https:\/\/grandepremio.com\/br\/wp-json\/wp\/v2\/media\/1000843726"}],"wp:attachment":[{"href":"https:\/\/grandepremio.com\/br\/wp-json\/wp\/v2\/media?parent=62859"}],"wp:term":[{"taxonomy":"category","embeddable":true,"href":"https:\/\/grandepremio.com\/br\/wp-json\/wp\/v2\/categories?post=62859"},{"taxonomy":"post_tag","embeddable":true,"href":"https:\/\/grandepremio.com\/br\/wp-json\/wp\/v2\/tags?post=62859"},{"taxonomy":"42wp_author","embeddable":true,"href":"https:\/\/grandepremio.com\/br\/wp-json\/wp\/v2\/42wp_author?post=62859"}],"curies":[{"name":"wp","href":"https:\/\/api.w.org\/{rel}","templated":true}]}}