{"id":62944,"date":"2024-09-09T13:32:00","date_gmt":"2024-09-09T16:32:00","guid":{"rendered":"https:\/\/grandepremio.com\/br\/noticias\/francesco-bagnaia-sobra-lidera-teste-motogp-misano-marc-marquez-7o\/"},"modified":"2024-09-09T13:39:05","modified_gmt":"2024-09-09T16:39:05","slug":"francesco-bagnaia-sobra-lidera-teste-motogp-misano-marc-marquez-7o","status":"publish","type":"post","link":"https:\/\/grandepremio.com\/br\/motogp\/francesco-bagnaia-sobra-lidera-teste-motogp-misano-marc-marquez-7o\/","title":{"rendered":"Bagnaia sobra e lidera teste da MotoGP em Misano. Marc M\u00e1rquez fica em 7\u00ba"},"content":{"rendered":"\n<p class=\"wp-block-paragraph\">A <strong>MotoGP <\/strong>completou, nesta segunda-feira (9), o \u00faltimo teste da temporada 2024, em <strong>Misano<\/strong>. Correndo em casa no circuito italiano, <strong>Francesco Bagnaia<\/strong> esqueceu as dores que vinha sentindo, voltou a mostrar a for\u00e7a da <strong>Ducati <\/strong>GP24 e colocou a montadora local na primeira coloca\u00e7\u00e3o, com o tempo de <strong>1min30s619<\/strong>, obtido na parte final do dia.<\/p>\n\n\n\n<p class=\"wp-block-paragraph\">Depois de desempenho decente no fim de semana, <strong>Franco Morbidelli<\/strong> voltou a andar bem em Misano e ficou na segunda coloca\u00e7\u00e3o, com <strong>1min30s780<\/strong>. <strong>Enea Bastianini<\/strong>, tamb\u00e9m da equipe de f\u00e1brica da Ducati, acabou na terceira coloca\u00e7\u00e3o, mas a <strong>0s366 <\/strong>do companheiro Bagnaia.<\/p>\n\n\n\n<p class=\"wp-block-paragraph\">O novato <strong>Pedro Acosta<\/strong> colocou sua <strong>KTM <\/strong>no quarto lugar, quebrando o dom\u00ednio da Ducati nas primeiras posi\u00e7\u00f5es. O espanhol foi seguido por <strong>Fabio Quartararo<\/strong>, da <strong>Yamaha<\/strong>. <strong>Jorge Mart\u00edn<\/strong>, <a href=\"https:\/\/www.grandepremio.com\/br\/motogp\/noticias\/jorge-martin-resiste-pressao-francesco-bagnaia-vence-corrida-sprint-motogp-san-marino\/\">vencedor da corrida sprint do \u00faltimo fim de semana<\/a>, ficou no sexto lugar, \u00e0 frente de <strong>Marc M\u00e1rquez<\/strong>, <a href=\"https:\/\/www.grandepremio.com\/br\/motogp\/noticias\/marc-marquez-bate-francesco-bagnaia-vence-caotico-gp-san-marino-motogp\/\">ganhador da prova principal<\/a> da MotoGP em Misano.<\/p>\n\n\n\n<p class=\"wp-block-paragraph\"><strong>Marco Bezzecchi<\/strong> foi o oitavo colocado. <strong>Maverick Vi\u00f1ales<\/strong> chegou a cair durante a atividade, mas fechou o dia na nona coloca\u00e7\u00e3o, com <strong>Brad Binder<\/strong> completando o top-10. Outro piloto que foi para o ch\u00e3o durante o teste foi <strong>\u00c1lex M\u00e1rquez<\/strong>, que acabou na 12\u00aa coloca\u00e7\u00e3o.<\/p>\n\n\n\n<figure class=\"wp-block-image size-large\"><img decoding=\"async\" src=\"https:\/\/www.grandepremio.com\/br\/wp-content\/uploads\/2024\/09\/000_36FQ62W-1200x800.jpg\" alt=\"\" class=\"wp-image-864460\"\/><figcaption class=\"wp-element-caption\">Francesco Bagnaia liderou o dia \u00fanico de testes em Misano (Foto: AFP)<\/figcaption><\/figure>\n\n\n\n<p class=\"wp-block-paragraph\"><strong>\u25b6\ufe0f\u00a0Inscreva-se nos dois canais do GRANDE PR\u00caMIO no YouTube:\u00a0<a href=\"https:\/\/www.youtube.com\/channel\/UC9OlHEgxoaY6QY6nWPoiqQg?sub_confirmation=1\" target=\"_blank\" rel=\"noreferrer noopener\">GP<\/a>\u00a0|\u00a0<a href=\"https:\/\/www.youtube.com\/channel\/UC9csiS6q_C3C0FYhyr1rnFA?sub_confirmation=1\" target=\"_blank\" rel=\"noreferrer noopener\">GP2<\/a><\/strong><\/p>\n\n\n\n<p class=\"wp-block-paragraph\">A sess\u00e3o demorou para ter a\u00e7\u00e3o porque a chuva que caiu durante a madrugada em Misano lavou o circuito e tirou a ader\u00eancia. O primeiro piloto a acelerar demorou quase duas horas e s\u00f3 a\u00ed as atividades aumentaram na pista italiana.<\/p>\n\n\n\n<p class=\"wp-block-paragraph\">A dupla da <strong>Honda <\/strong><a href=\"https:\/\/www.grandepremio.com\/br\/motogp\/noticias\/luca-marini-ausenta-problemas-saude-honda-fica-sem-pilotos-gp-san-marino\/\">esteve ausente na corrida do fim de semana<\/a>, mas entrou na pista nesta segunda, com <strong>Joan Mir<\/strong> e<strong> Luca Marini<\/strong>, ambos recuperados de problemas estomacais. A \u00fanica aus\u00eancia foi <strong>Fabio Di Giannantonio<\/strong>, da <strong>VR46<\/strong>, com dores no ombro esquerdo.<\/p>\n\n\n\n<p class=\"wp-block-paragraph\">Por outro lado, Misano recebe alguns pilotos de testes nesta segunda-feira, como <strong>Dani Pedrosa<\/strong>, da <strong>KTM<\/strong>; <strong>Lorenzo Savadori<\/strong>, da <strong>Aprilia<\/strong>; e<strong> Stefan Bradl<\/strong>, da <strong>Honda<\/strong>. O dia tamb\u00e9m foi marcado <a href=\"https:\/\/www.grandepremio.com\/br\/motogp\/noticias\/motogp-altera-planos-define-introducao-comunicacao-via-radio-temporada-2025\/\">pela utiliza\u00e7\u00e3o de um novo sistema de comunica\u00e7\u00e3o via r\u00e1dio<\/a>, que vai ser implementado oficialmente a partir da pr\u00f3xima temporada.<\/p>\n\n\n\n<p class=\"wp-block-paragraph\">A\u00a0<a href=\"https:\/\/grandepremio.com\/motovelocidade\/\" target=\"_blank\" rel=\"noreferrer noopener\"><\/a><strong><a href=\"https:\/\/grandepremio.com\/motogp\/\" target=\"_blank\" rel=\"noreferrer noopener\">MotoGP<\/a>\u00a0<\/strong>volta a acelerar entre 20 a 22 de setembro, com o GP da\u00a0<strong>Em\u00edlia-Romanha<\/strong>, novamente em\u00a0<strong><a href=\"https:\/\/www.grandepremio.com\/br\/circuito\/misano\/\" target=\"_blank\" rel=\"noreferrer noopener\">Misano<\/a><\/strong>, para a 14\u00aa etapa da temporada\u00a0<strong>2024<\/strong>. O\u00a0<strong>GRANDE PR\u00caMIO\u00a0<\/strong>faz a cobertura completa do evento, assim como das outras classes do Mundial de\u00a0<a href=\"https:\/\/www.grandepremio.com\/motovelocidade\/\">Motovelocidade\u00a0<\/a>durante todo o ano.<\/p>\n\n\n\n<h2 class=\"wp-block-heading\" id=\"h-motogp-2024-misano-teste\"><strong>MotoGP 2024, Misano, Teste:<\/strong><\/h2>\n\n\n\n<figure class=\"wp-block-table\"><table><tbody><tr><td>1<\/td><td>F BAGNAIA<\/td><td>Ducati<\/td><td>1:30.619<\/td><td>&nbsp;<\/td><\/tr><tr><td>2<\/td><td>F MORBIDELLI<\/td><td>Pramac Ducati<\/td><td>1:30.780<\/td><td>+0.161<\/td><\/tr><tr><td>3<\/td><td>E BASTIANINI<\/td><td>Ducati<\/td><td>1:30.985<\/td><td>+0.366<\/td><\/tr><tr><td>4<\/td><td>P ACOSTA<\/td><td>GasGas Tech3<\/td><td>1:31.052<\/td><td>+0.433<\/td><\/tr><tr><td>5<\/td><td>F QUARTARARO<\/td><td>Yamaha<\/td><td>1:31.063<\/td><td>+0.444<\/td><\/tr><tr><td>6<\/td><td>J MART\u00cdN<\/td><td>Pramac Ducati<\/td><td>1:31.111<\/td><td>+0.492<\/td><\/tr><tr><td>7<\/td><td>M M\u00c1RQUEZ<\/td><td>Gresini Ducati<\/td><td>1:31.130<\/td><td>+0.511<\/td><\/tr><tr><td>8<\/td><td>M BEZZECCHI<\/td><td>VR46 Ducati<\/td><td>1:31.133<\/td><td>+0.514<\/td><\/tr><tr><td>9<\/td><td>M VI\u00d1ALES<\/td><td>Aprilia<\/td><td>1:31.244<\/td><td>+0.625<\/td><\/tr><tr><td>10<\/td><td>B BINDER<\/td><td>KTM<\/td><td>1:31.302<\/td><td>+0.683<\/td><\/tr><tr><td>11<\/td><td>R FERN\u00c1NDEZ<\/td><td>Trackhouse Aprilia<\/td><td>1:31.405<\/td><td>+0.786<\/td><\/tr><tr><td>12<\/td><td>\u00c1 M\u00c1RQUEZ<\/td><td>Gresini Ducati<\/td><td>1:31.455<\/td><td>+0.836<\/td><\/tr><tr><td>13<\/td><td>D PEDROSA<\/td><td>KTM<\/td><td>1:31.539<\/td><td>+0.920<\/td><\/tr><tr><td>14<\/td><td>A ESPARGAR\u00d3<\/td><td>Aprilia<\/td><td>1:31.683<\/td><td>+1.064<\/td><\/tr><tr><td>15<\/td><td>J MILLER<\/td><td>KTM<\/td><td>1:31.840<\/td><td>+1.221<\/td><\/tr><tr><td>16<\/td><td>A RINS<\/td><td>Yamaha<\/td><td>1:31.951<\/td><td>+1.332<\/td><\/tr><tr><td>17<\/td><td>M OLIVEIRA<\/td><td>Trackhouse Aprilia<\/td><td>1:31.973<\/td><td>+1.354<\/td><\/tr><tr><td>18<\/td><td>J ZARCO<\/td><td>LCR Honda<\/td><td>1:31.979<\/td><td>+1.360<\/td><\/tr><tr><td>19<\/td><td>T NAKAGAMI<\/td><td>LCR Honda<\/td><td>1:32.305<\/td><td>+1.686<\/td><\/tr><tr><td>20<\/td><td>A FERN\u00c1NDEZ<\/td><td>GasGas Tech3<\/td><td>1:32.492<\/td><td>+1.873<\/td><\/tr><tr><td>21<\/td><td>L MARINI<\/td><td>Honda<\/td><td>1:32.502<\/td><td>+1.883<\/td><\/tr><tr><td>22<\/td><td>J MIR<\/td><td>Honda<\/td><td>1:32.587<\/td><td>+1.968<\/td><\/tr><tr><td>23<\/td><td>L SAVADORI<\/td><td>Aprilia<\/td><td>1:33.312<\/td><td>+2.693<\/td><\/tr><tr><td>24<\/td><td>S BRADL<\/td><td>Honda<\/td><td>1:34.590<\/td><td>+3.971<\/td><\/tr><tr><td>25<\/td><td>F DI GIANNANTONIO<\/td><td>VR46 Ducati<\/td><td>Sem tempo<\/td><td><\/td><\/tr><\/tbody><\/table><\/figure>\n\n\n\n<figure class=\"wp-block-embed is-type-video is-provider-youtube wp-block-embed-youtube wp-embed-aspect-16-9 wp-has-aspect-ratio\"><div class=\"wp-block-embed__wrapper\">\n<iframe loading=\"lazy\" title=\"MOTOGP entra na reta final com BRIGA TRIPLA pelo t\u00edtulo e muitas incertezas | GP \u00e0s 10\" width=\"500\" height=\"281\" src=\"https:\/\/www.youtube.com\/embed\/DL6lqEE3ka0?feature=oembed\" frameborder=\"0\" allow=\"accelerometer; autoplay; clipboard-write; encrypted-media; gyroscope; picture-in-picture; web-share\" referrerpolicy=\"strict-origin-when-cross-origin\" allowfullscreen><\/iframe>\n<\/div><\/figure>\n","protected":false},"excerpt":{"rendered":"<p>Francesco Bagnaia novamente andou forte em Misano e ficou com a melhor marca no \u00fanico dia de testes da MotoGP no circuito italiano. Jorge Mart\u00edn ficou no sexto lugar, \u00e0 frente de Marc M\u00e1rquez<\/p>\n","protected":false},"author":0,"featured_media":1000864394,"comment_status":"closed","ping_status":"closed","sticky":false,"template":"","format":"standard","meta":{"42wp_featured_image_caption":"","42wp_featured_image_credits":"","42wp_featured_video":"","42wp_featured_image_hidden":false,"42wp_authors_list":[],"footnotes":""},"categories":[8],"tags":[133,5214,131,2282,110,2327,140,25051,32351,28285,3504,130,24704,132,1300,3464,79,78,34329,37693,37691,37692,25819,29345,28766,37694,27587,26690,136,172],"42wp_author":[47135],"class_list":["post-62944","post","type-post","status-publish","format-standard","has-post-thumbnail","hentry","category-motogp","tag-aprilia","tag-classificacao-motogp","tag-ducati","tag-enea-bastianini","tag-fabio-quartararo","tag-francesco-bagnaia","tag-franco-morbidelli","tag-gp-de-san-marino","tag-gp-de-san-marino-e-riviera-de-rimini","tag-grandepremio","tag-gresini","tag-honda","tag-jorge-martin","tag-ktm","tag-marc-marquez","tag-misano","tag-moto-gp","tag-motogp","tag-motogp-2024","tag-motogp-2024-calendario","tag-motogp-calendario-2024","tag-motogp-classificacao-2024","tag-motogp-hoje","tag-motogp-horario","tag-motogp-standings","tag-onde-assistir-motogp-2024","tag-pedro-acosta","tag-pilotos-motogp","tag-pramac","tag-yamaha","42wp_author-pedro-luis-cuenca"],"_links":{"self":[{"href":"https:\/\/grandepremio.com\/br\/wp-json\/wp\/v2\/posts\/62944","targetHints":{"allow":["GET"]}}],"collection":[{"href":"https:\/\/grandepremio.com\/br\/wp-json\/wp\/v2\/posts"}],"about":[{"href":"https:\/\/grandepremio.com\/br\/wp-json\/wp\/v2\/types\/post"}],"replies":[{"embeddable":true,"href":"https:\/\/grandepremio.com\/br\/wp-json\/wp\/v2\/comments?post=62944"}],"version-history":[{"count":0,"href":"https:\/\/grandepremio.com\/br\/wp-json\/wp\/v2\/posts\/62944\/revisions"}],"wp:featuredmedia":[{"embeddable":true,"href":"https:\/\/grandepremio.com\/br\/wp-json\/wp\/v2\/media\/1000864394"}],"wp:attachment":[{"href":"https:\/\/grandepremio.com\/br\/wp-json\/wp\/v2\/media?parent=62944"}],"wp:term":[{"taxonomy":"category","embeddable":true,"href":"https:\/\/grandepremio.com\/br\/wp-json\/wp\/v2\/categories?post=62944"},{"taxonomy":"post_tag","embeddable":true,"href":"https:\/\/grandepremio.com\/br\/wp-json\/wp\/v2\/tags?post=62944"},{"taxonomy":"42wp_author","embeddable":true,"href":"https:\/\/grandepremio.com\/br\/wp-json\/wp\/v2\/42wp_author?post=62944"}],"curies":[{"name":"wp","href":"https:\/\/api.w.org\/{rel}","templated":true}]}}