{"id":62971,"date":"2024-09-09T11:13:46","date_gmt":"2024-09-09T14:13:46","guid":{"rendered":"https:\/\/grandepremio.com\/br\/noticias\/motogp-altera-planos-define-introducao-comunicacao-via-radio-temporada-2025\/"},"modified":"2024-09-09T11:15:17","modified_gmt":"2024-09-09T14:15:17","slug":"motogp-altera-planos-define-introducao-comunicacao-via-radio-temporada-2025","status":"publish","type":"post","link":"https:\/\/grandepremio.com\/br\/motogp\/motogp-altera-planos-define-introducao-comunicacao-via-radio-temporada-2025\/","title":{"rendered":"MotoGP altera planos e define introdu\u00e7\u00e3o de comunica\u00e7\u00e3o via r\u00e1dio para temporada 2025"},"content":{"rendered":"\n<p class=\"wp-block-paragraph\">A <strong>MotoGP <\/strong>vai ganhar uma grande novidade para a temporada 2025. A partir do pr\u00f3ximo, os pilotos da classe rainha do <strong>Mundial de Motovelocidade<\/strong> v\u00e3o receber mensagens da dire\u00e7\u00e3o de prova via r\u00e1dio, mas ainda n\u00e3o v\u00e3o poder responder de volta, algo que deve acontecer apenas em 2026.<\/p>\n\n\n\n<p class=\"wp-block-paragraph\">A <strong>Dorna<\/strong>, promotora do campeonato, j\u00e1 convocou reuni\u00e3o e informou as equipes da decis\u00e3o na \u00faltima semana, de acordo com a vers\u00e3o espanhola do site <em>Motorsport<\/em>. A publica\u00e7\u00e3o ainda destaca que conversas entre pilotos e equipes v\u00e3o fazer parte da \u00faltima etapa de introdu\u00e7\u00e3o da tecnologia, ainda sem prazo definido.<\/p>\n\n\n\n<p class=\"wp-block-paragraph\">A entrada da comunica\u00e7\u00e3o via r\u00e1dio era estudada pela MotoGP h\u00e1 anos, inclusive com testes realizados em 2020 e 2023, mas sem sucesso. No ano passado, <a href=\"https:\/\/www.grandepremio.com\/br\/motogp\/noticias\/motogp-avalia-sistema-comunicacao-pilotos-via-radio-teste-jerez\/\">pilotos fizeram experimentos com sistema de comunica\u00e7\u00e3o via r\u00e1dio com a dire\u00e7\u00e3o de prova<\/a> em <strong>Jerez<\/strong>. O grid, no entanto, <a href=\"https:\/\/www.grandepremio.com\/br\/motogp\/noticias\/pode-ajudar-nao-precisamos-pilotos-dividem-uso-radio-motogp\/\">se dividiu entre a aprova\u00e7\u00e3o e o temor sobre a distra\u00e7\u00e3o causada pelas mensagens<\/a>.<\/p>\n\n\n\n<p class=\"wp-block-paragraph\">O sistema atual j\u00e1 foi testado nesta segunda-feira (9), em <strong>Misano<\/strong>, por <strong>Fabio Quartararo<\/strong>, <strong>Aleix Espargar\u00f3<\/strong> e <strong>Lorenzo Savadori<\/strong>. A tecnologia tem sido desenvolvida nos \u00faltimos dois anos pela Dorna e por uma equipe de televis\u00e3o. O fone ser\u00e1 colocado por fora da orelha e o som transmitido por vibra\u00e7\u00f5es, sendo menos intrusivo para os pilotos.<\/p>\n\n\n\n<figure class=\"wp-block-image size-large\"><img decoding=\"async\" src=\"https:\/\/www.grandepremio.com\/br\/wp-content\/uploads\/2024\/09\/SI202409080480_hires_jpeg_24bit_rgb-1200x800.jpg\" alt=\"\" class=\"wp-image-864964\"\/><figcaption class=\"wp-element-caption\">Comunica\u00e7\u00e3o entre e pilotos e equipes deve entrar em 2026 (Foto: Gold &amp; Goose\/Red Bull Content Pool)<\/figcaption><\/figure>\n\n\n\n<p class=\"wp-block-paragraph\"><strong>\u25b6\ufe0f\u00a0Inscreva-se nos dois canais do GRANDE PR\u00caMIO no YouTube:\u00a0<a href=\"https:\/\/www.youtube.com\/channel\/UC9OlHEgxoaY6QY6nWPoiqQg?sub_confirmation=1\" target=\"_blank\" rel=\"noreferrer noopener\">GP<\/a>\u00a0|\u00a0<a href=\"https:\/\/www.youtube.com\/channel\/UC9csiS6q_C3C0FYhyr1rnFA?sub_confirmation=1\" target=\"_blank\" rel=\"noreferrer noopener\">GP2<\/a><\/strong><\/p>\n\n\n\n<p class=\"wp-block-paragraph\">&#8220;Pode ser muito interessante para a seguran\u00e7a. Se, por exemplo, h\u00e1 um acidente, um piloto no meio da pista, a dire\u00e7\u00e3o de prova pode te avisar imediatamente&#8221;, disse <strong>Maverick Vi\u00f1ales<\/strong>, piloto da <strong>Aprilia<\/strong>.<\/p>\n\n\n\n<p class=\"wp-block-paragraph\">&#8220;Est\u00e1 claro que os tempos est\u00e3o mudando e esse tipo de coisa refor\u00e7a o espet\u00e1culo. Minha frase favorita j\u00e1 posso te adiantar, ser\u00e1 &#8216;me deixe em paz agora'&#8221;, brincou o espanhol.<\/p>\n\n\n\n<p class=\"wp-block-paragraph\">Quartararo, um dos que testou a novidade em Misano, defendeu a ideia para quest\u00f5es de seguran\u00e7a e tamb\u00e9m para desenvolvimento de estrat\u00e9gias, <a href=\"https:\/\/www.grandepremio.com\/br\/motogp\/noticias\/marc-marquez-bate-francesco-bagnaia-vence-caotico-gp-san-marino-motogp\/\">como durante a chuva que caiu<\/a> no GP de San Marino, no \u00faltimo domingo (8).<\/p>\n\n\n\n<p class=\"wp-block-paragraph\">&#8220;Sergi [Sendra, respons\u00e1vel de m\u00eddia da Dorna] est\u00e1 trabalhando muito bem nisso. H\u00e1 muito tempo que est\u00e1 desenvolvendo e acredito que \u00e9 uma grande ideia por muitos motivos. Ainda nos falta muito porque \u00e9 dif\u00edcil escutar bem com o ru\u00eddo das motos&#8221;, pontuou o franc\u00eas da Yamaha.<\/p>\n\n\n\n<p class=\"wp-block-paragraph\">A\u00a0<a href=\"https:\/\/grandepremio.com\/motovelocidade\/\" target=\"_blank\" rel=\"noreferrer noopener\"><\/a><strong><a href=\"https:\/\/grandepremio.com\/motogp\/\" target=\"_blank\" rel=\"noreferrer noopener\">MotoGP<\/a>\u00a0<\/strong>volta a acelerar entre 20 a 22 de setembro, com o GP da\u00a0<strong>Em\u00edlia-Romanha<\/strong>, novamente em\u00a0<strong><a href=\"https:\/\/www.grandepremio.com\/br\/circuito\/misano\/\" target=\"_blank\" rel=\"noreferrer noopener\">Misano<\/a><\/strong>, para a 14\u00aa etapa da temporada\u00a0<strong>2024<\/strong>. O\u00a0<strong>GRANDE PR\u00caMIO\u00a0<\/strong>faz a cobertura completa do evento, assim como das outras classes do Mundial de\u00a0<a href=\"https:\/\/www.grandepremio.com\/motovelocidade\/\">Motovelocidade\u00a0<\/a>durante todo o ano.<\/p>\n\n\n\n<figure class=\"wp-block-embed is-type-video is-provider-youtube wp-block-embed-youtube wp-embed-aspect-16-9 wp-has-aspect-ratio\"><div class=\"wp-block-embed__wrapper\">\n<iframe loading=\"lazy\" title=\"MOTOGP entra na reta final com BRIGA TRIPLA pelo t\u00edtulo e muitas incertezas | GP \u00e0s 10\" width=\"500\" height=\"281\" src=\"https:\/\/www.youtube.com\/embed\/DL6lqEE3ka0?feature=oembed\" frameborder=\"0\" allow=\"accelerometer; autoplay; clipboard-write; encrypted-media; gyroscope; picture-in-picture; web-share\" referrerpolicy=\"strict-origin-when-cross-origin\" allowfullscreen><\/iframe>\n<\/div><\/figure>\n","protected":false},"excerpt":{"rendered":"<p>A MotoGP vai ganhar uma novidade tecnol\u00f3gica a partir da temporada 2025: comunica\u00e7\u00e3o via r\u00e1dio entre a dire\u00e7\u00e3o de prova e os pilotos. A Dorna j\u00e1 comunicou equipes da decis\u00e3o e testou o equipamento em Misano, nesta segunda-feira (9)<\/p>\n","protected":false},"author":0,"featured_media":1000864823,"comment_status":"closed","ping_status":"closed","sticky":false,"template":"","format":"standard","meta":{"42wp_featured_image_caption":"","42wp_featured_image_credits":"","42wp_featured_video":"","42wp_featured_image_hidden":false,"42wp_authors_list":[],"footnotes":""},"categories":[8],"tags":[5214,25051,32351,28285,3464,79,78,34329,37693,37691,37692,25819,29345,28766,37694,26690,4984],"42wp_author":[47135],"class_list":["post-62971","post","type-post","status-publish","format-standard","has-post-thumbnail","hentry","category-motogp","tag-classificacao-motogp","tag-gp-de-san-marino","tag-gp-de-san-marino-e-riviera-de-rimini","tag-grandepremio","tag-misano","tag-moto-gp","tag-motogp","tag-motogp-2024","tag-motogp-2024-calendario","tag-motogp-calendario-2024","tag-motogp-classificacao-2024","tag-motogp-hoje","tag-motogp-horario","tag-motogp-standings","tag-onde-assistir-motogp-2024","tag-pilotos-motogp","tag-radio","42wp_author-pedro-luis-cuenca"],"_links":{"self":[{"href":"https:\/\/grandepremio.com\/br\/wp-json\/wp\/v2\/posts\/62971","targetHints":{"allow":["GET"]}}],"collection":[{"href":"https:\/\/grandepremio.com\/br\/wp-json\/wp\/v2\/posts"}],"about":[{"href":"https:\/\/grandepremio.com\/br\/wp-json\/wp\/v2\/types\/post"}],"replies":[{"embeddable":true,"href":"https:\/\/grandepremio.com\/br\/wp-json\/wp\/v2\/comments?post=62971"}],"version-history":[{"count":0,"href":"https:\/\/grandepremio.com\/br\/wp-json\/wp\/v2\/posts\/62971\/revisions"}],"wp:featuredmedia":[{"embeddable":true,"href":"https:\/\/grandepremio.com\/br\/wp-json\/wp\/v2\/media\/1000864823"}],"wp:attachment":[{"href":"https:\/\/grandepremio.com\/br\/wp-json\/wp\/v2\/media?parent=62971"}],"wp:term":[{"taxonomy":"category","embeddable":true,"href":"https:\/\/grandepremio.com\/br\/wp-json\/wp\/v2\/categories?post=62971"},{"taxonomy":"post_tag","embeddable":true,"href":"https:\/\/grandepremio.com\/br\/wp-json\/wp\/v2\/tags?post=62971"},{"taxonomy":"42wp_author","embeddable":true,"href":"https:\/\/grandepremio.com\/br\/wp-json\/wp\/v2\/42wp_author?post=62971"}],"curies":[{"name":"wp","href":"https:\/\/api.w.org\/{rel}","templated":true}]}}