{"id":62982,"date":"2024-09-09T10:11:38","date_gmt":"2024-09-09T13:11:38","guid":{"rendered":"https:\/\/grandepremio.com\/br\/noticias\/red-bull-diretor-esportivo-lamenta-perda-audi-membro-importante\/"},"modified":"2024-09-09T16:46:19","modified_gmt":"2024-09-09T19:46:19","slug":"red-bull-diretor-esportivo-lamenta-perda-audi-membro-importante","status":"publish","type":"post","link":"https:\/\/grandepremio.com\/br\/f1\/red-bull-diretor-esportivo-lamenta-perda-audi-membro-importante\/","title":{"rendered":"Red Bull elogia diretor-esportivo e lamenta perda para Audi: \u201cMembro muito importante\u201d"},"content":{"rendered":"\n<p class=\"wp-block-paragraph\">A <strong>Red Bull<\/strong> est\u00e1 passando por um momento de transi\u00e7\u00e3o na <strong>F\u00f3rmula 1<\/strong> e est\u00e1 perdendo nomes importantes de seu corpo t\u00e9cnico. <a href=\"https:\/\/www.grandepremio.com\/br\/f1\/noticias\/red-bull-confirma-saida-adrian-newey-encerra-casamento-quase-20-anos\/\">Depois de confirmar a sa\u00edda do projetista <strong>Adrian Newey<\/strong><\/a>, o time austr\u00edaco viu o diretor-esportivo <strong>Jonathan Wheatley<\/strong> ser confirmado como chefe da <strong>Audi <\/strong>a partir de 2026.<strong> Helmut Marko<\/strong>, consultor dos taurinos, reconheceu a import\u00e2ncia do brit\u00e2nico e disse que ele \u00e9 um membro importante da equipe.<\/p>\n\n\n\n<p class=\"wp-block-paragraph\"><strong>Wheatley <\/strong><a href=\"https:\/\/www.grandepremio.com\/br\/f1\/noticias\/diretor-esportivo-jonathan-wheatley-deixa-red-bull-fim-ano-parte-ser-chefe-audi-formula-1\/\">foi anunciado como futuro chefe da Audi<\/a> em agosto. Antes de se juntar ao time alem\u00e3o, no entanto, <strong>Jonathan <\/strong>ter\u00e1 de passar pelo per\u00edodo de car\u00eancia. O brit\u00e2nico chegou na Red Bull em 2006 e foi fundamental para o processo de crescimento da equipe.<\/p>\n\n\n\n<p class=\"wp-block-paragraph\">Al\u00e9m de ter sido o principal intermediador entre <strong>Red Bull<\/strong> e diretor de provas <strong>Michael Masi<\/strong> na pol\u00eamica decis\u00e3o do safety-car do<strong> GP de Abu Dhabi<\/strong> em 2021, <strong>Wheatley <\/strong>tamb\u00e9m trabalhou de forma primorosa para que o time austr\u00edaco tivesse uma opera\u00e7\u00e3o de pit-stop eficiente. Marko reconheceu as qualidades do funcion\u00e1rio.<\/p>\n\n\n\n<p class=\"wp-block-paragraph\">\u201cJonathan tem mais de 50 anos. Ele come\u00e7ou como mec\u00e2nico e tem uma carreira incr\u00edvel e pode se orgulhar muito dela. Ele queria uma posi\u00e7\u00e3o que fosse mais exigente. Infelizmente, a oferta veio da Audi, que n\u00e3o conseguimos igualar, seja pela posi\u00e7\u00e3o ou pelo dinheiro que lhe ofereceram. Eu o entendo, ele foi atr\u00e1s da oportunidade. E claro, \u00e9 uma perda para n\u00f3s\u201d, destacou o consultor da Red Bull.<\/p>\n\n\n\n<figure class=\"wp-block-image size-large\"><img decoding=\"async\" src=\"https:\/\/www.grandepremio.com\/br\/wp-content\/uploads\/2023\/11\/sao-paulo-2023-f1-corrida-sprint-helmut-marko-01-1024x683.jpg\" alt=\"\" class=\"wp-image-750624\"\/><figcaption class=\"wp-element-caption\">Helmut Marko elogiou Jonathan Wheatley (Foto: Rodrigo Berton\/Warm Up)<\/figcaption><\/figure>\n\n\n\n<p class=\"wp-block-paragraph\">\u201cJonathan \u00e9 um membro muito importante para a Red Bull. Nossos pit-stops t\u00eam sido uma refer\u00eancia, mas n\u00e3o s\u00f3 isso, tamb\u00e9m a forma como os mec\u00e2nicos t\u00eam sido treinados e [suas] intera\u00e7\u00f5es com a FIA como diretor-esportivo. temos uma equipe com muitos jovens e temos a oportunidade de atribuir a fun\u00e7\u00e3o de Jonathan a outras pessoas e acreditamos que podemos administrar essa situa\u00e7\u00e3o internamente\u201d, finalizou <strong>Marko<\/strong>.<\/p>\n\n\n\n<p class=\"wp-block-paragraph\">A&nbsp;<a href=\"https:\/\/www.grandepremio.com\/br\/f1\/\" target=\"_blank\" rel=\"noreferrer noopener\"><\/a><a href=\"https:\/\/www.grandepremio.com\/br\/f1\/\" target=\"_blank\" rel=\"noreferrer noopener\">F\u00f3rmula 1<\/a>&nbsp;volta de&nbsp;<strong>13 a 15 de setembro<\/strong>&nbsp;em&nbsp;<a href=\"https:\/\/www.grandepremio.com\/br\/circuito\/baku\/\" target=\"_blank\" rel=\"noreferrer noopener\">Baku<\/a>, para a disputa do&nbsp;<strong>GP do Azerbaij\u00e3o<\/strong>, 17\u00aa etapa da temporada 2024.<\/p>\n\n\n\n<p class=\"wp-block-paragraph\"><strong>&nbsp;Inscreva-se nos dois canais do GRANDE PR\u00caMIO no YouTube:&nbsp;<a href=\"https:\/\/www.youtube.com\/channel\/UC9OlHEgxoaY6QY6nWPoiqQg?sub_confirmation=1\" target=\"_blank\" rel=\"noreferrer noopener\">GP<\/a>&nbsp;|&nbsp;<a href=\"https:\/\/www.youtube.com\/channel\/UC9csiS6q_C3C0FYhyr1rnFA?sub_confirmation=1\" target=\"_blank\" rel=\"noreferrer noopener\">GP2<\/a><\/strong><\/p>\n\n\n\n<figure class=\"wp-block-embed is-type-video is-provider-youtube wp-block-embed-youtube wp-embed-aspect-16-9 wp-has-aspect-ratio\"><div class=\"wp-block-embed__wrapper\">\n<iframe loading=\"lazy\" title=\"BORTOLETO FAVORITO \u00c0 VAGA DA SAUBER AUDI NA F1 2025: detalhes com McLAREN e GLOBO | Paddock Sprint\" width=\"500\" height=\"281\" src=\"https:\/\/www.youtube.com\/embed\/gAucbGtY1jA?feature=oembed\" frameborder=\"0\" allow=\"accelerometer; autoplay; clipboard-write; encrypted-media; gyroscope; picture-in-picture; web-share\" referrerpolicy=\"strict-origin-when-cross-origin\" allowfullscreen><\/iframe>\n<\/div><\/figure>\n","protected":false},"excerpt":{"rendered":"<p>Helmut Marko, consultor da Red Bull, valorizou o trabalho de Jonathan Wheatley e reconheceu que a equipe austr\u00edaca n\u00e3o podia fazer uma proposta como a da Audi<\/p>\n","protected":false},"author":0,"featured_media":1000849570,"comment_status":"closed","ping_status":"closed","sticky":false,"template":"","format":"standard","meta":{"42wp_featured_image_caption":"","42wp_featured_image_credits":"","42wp_featured_video":"","42wp_featured_image_hidden":false,"42wp_authors_list":[],"footnotes":""},"categories":[2],"tags":[970,1491,28285,258,21324,8723,204],"42wp_author":[47149],"class_list":["post-62982","post","type-post","status-publish","format-standard","has-post-thumbnail","hentry","category-f1","tag-audi","tag-grande-premio","tag-grandepremio","tag-helmut-marko","tag-jonathan-wheatley","tag-marko","tag-red-bull","42wp_author-bernardo-castro"],"_links":{"self":[{"href":"https:\/\/grandepremio.com\/br\/wp-json\/wp\/v2\/posts\/62982","targetHints":{"allow":["GET"]}}],"collection":[{"href":"https:\/\/grandepremio.com\/br\/wp-json\/wp\/v2\/posts"}],"about":[{"href":"https:\/\/grandepremio.com\/br\/wp-json\/wp\/v2\/types\/post"}],"replies":[{"embeddable":true,"href":"https:\/\/grandepremio.com\/br\/wp-json\/wp\/v2\/comments?post=62982"}],"version-history":[{"count":0,"href":"https:\/\/grandepremio.com\/br\/wp-json\/wp\/v2\/posts\/62982\/revisions"}],"wp:featuredmedia":[{"embeddable":true,"href":"https:\/\/grandepremio.com\/br\/wp-json\/wp\/v2\/media\/1000849570"}],"wp:attachment":[{"href":"https:\/\/grandepremio.com\/br\/wp-json\/wp\/v2\/media?parent=62982"}],"wp:term":[{"taxonomy":"category","embeddable":true,"href":"https:\/\/grandepremio.com\/br\/wp-json\/wp\/v2\/categories?post=62982"},{"taxonomy":"post_tag","embeddable":true,"href":"https:\/\/grandepremio.com\/br\/wp-json\/wp\/v2\/tags?post=62982"},{"taxonomy":"42wp_author","embeddable":true,"href":"https:\/\/grandepremio.com\/br\/wp-json\/wp\/v2\/42wp_author?post=62982"}],"curies":[{"name":"wp","href":"https:\/\/api.w.org\/{rel}","templated":true}]}}