{"id":63008,"date":"2024-09-09T07:39:14","date_gmt":"2024-09-09T10:39:14","guid":{"rendered":"https:\/\/grandepremio.com\/br\/noticias\/prema-escolhe-gabriele-mini-ocupar-lugar-oliver-bearman-rodada-azerbaijao-f2\/"},"modified":"2024-09-09T07:52:06","modified_gmt":"2024-09-09T10:52:06","slug":"prema-escolhe-gabriele-mini-ocupar-lugar-oliver-bearman-rodada-azerbaijao-f2","status":"publish","type":"post","link":"https:\/\/grandepremio.com\/br\/f2\/prema-escolhe-gabriele-mini-ocupar-lugar-oliver-bearman-rodada-azerbaijao-f2\/","title":{"rendered":"Prema escolhe Min\u00ec para ocupar lugar de Bearman na rodada do Azerbaij\u00e3o da F2"},"content":{"rendered":"\n<p class=\"wp-block-paragraph\">A <strong>Prema <\/strong>escolheu o vice-campe\u00e3o da <strong>F\u00f3rmula 3 2024<\/strong>, <strong>Gabriele Min\u00ec<\/strong>, para ocupar a vaga que ser\u00e1 deixada por <strong>Oliver Bearman<\/strong> durante a rodada do <strong>Azerbaij\u00e3o <\/strong>da <strong>F\u00f3rmula 2<\/strong>, que acontece neste fim de semana. O brit\u00e2nico, j\u00e1 confirmado no grid da <strong>F\u00f3rmula 1 2025<\/strong> com a <strong>Haas<\/strong>, foi acionado pelo time norte-americano <a href=\"https:\/\/www.grandepremio.com\/br\/f1\/noticias\/haas-confirma-expectativa-define-oliver-bearman-substituto-kevin-magnussen-baku\/\">para substituir o suspenso <strong>Kevin Magnussen<\/strong><\/a> em <strong>Baku<\/strong>.<\/p>\n\n\n\n<p class=\"wp-block-paragraph\">Min\u00ec se uniu \u00e0 Prema em 2020, ano em que conquistou o t\u00edtulo da <strong>F\u00f3rmula 4 Italiana<\/strong>. No ano seguinte, subiu para a <strong>FRECA <\/strong>com a <strong>ART <\/strong>e chegou ao vice-campeonato na segunda temporada na competi\u00e7\u00e3o. A entrada na F3 foi com a <strong>Hitech<\/strong>, em 2023, at\u00e9 que retornou ao tradicional time italiano este ano e brigou pelo t\u00edtulo at\u00e9 a rodada final.<\/p>\n\n\n\n<p class=\"wp-block-paragraph\">O jovem de 19 anos se disse &#8220;muito feliz por me juntar \u00e0 Prema em Baku&#8221; e destacou a briga pelo t\u00edtulo da F3 &#8220;at\u00e9 a \u00faltima curva&#8221;. &#8220;A F2 \u00e9 a principal op\u00e7\u00e3o para 2025, ent\u00e3o \u00e9 muito importante correr em Baku. \u00c9 uma boa oportunidade de aprendizado para mim quanto ao carro novo e \u00e0 categoria&#8221;, completou.<\/p>\n\n\n\n<p class=\"wp-block-paragraph\">Chefe da Prema, <strong>Ren\u00e9 Rosin<\/strong> classificou a chegada de Min\u00ec ao time como &#8220;uma oportunidade \u00fatil para ele e para a equipe.&#8221;<\/p>\n\n\n\n<figure class=\"wp-block-image size-full\"><img decoding=\"async\" src=\"https:\/\/www.grandepremio.com\/br\/wp-content\/uploads\/2024\/09\/unnamed-7-1.jpg\" alt=\"\" class=\"wp-image-865214\"\/><figcaption class=\"wp-element-caption\">Gabriele Min\u00ec substitui Bearman na Prema em Baku (Foto: Prema)<\/figcaption><\/figure>\n\n\n\n<p class=\"wp-block-paragraph\">&#8220;Por outro lado, queremos desejar a Ollie o melhor em sua segunda corrida na F\u00f3rmula 1 e estamos ansiosos para t\u00ea-lo de volta para a reta final do ano&#8221;, concluiu.<\/p>\n\n\n\n<p class=\"wp-block-paragraph\">Bearman tamb\u00e9m substituiu <strong>Carlos Sainz <\/strong>na <strong>Ferrari <\/strong>no <strong>GP da Ar\u00e1bia Saudita<\/strong> ap\u00f3s o espanhol ser diagnosticado com apendicite. Na ocasi\u00e3o, escapou de graves erros e pontuou em s\u00e9timo depois de largar fora do top-10, arrancando elogios.<\/p>\n\n\n\n<p class=\"wp-block-paragraph\">A\u00a0<a href=\"https:\/\/www.grandepremio.com\/br\/f2\/\" target=\"_blank\" rel=\"noreferrer noopener\"><\/a><a href=\"https:\/\/www.grandepremio.com\/br\/f2\/\" target=\"_blank\" rel=\"noreferrer noopener\">F\u00f3rmula 2<\/a>\u00a0volta de 13 a 15 de setembro em\u00a0<strong><a href=\"https:\/\/www.grandepremio.com\/br\/circuito\/baku\/\" target=\"_blank\" rel=\"noreferrer noopener\">Baku<\/a><\/strong>, para a disputa da rodada do\u00a0<strong>Azerbaij\u00e3o<\/strong>, a 12\u00aa da temporada 2024.<\/p>\n\n\n\n<p class=\"wp-block-paragraph\"><strong><img decoding=\"async\" src=\"https:\/\/a.slack-edge.com\/production-standard-emoji-assets\/14.0\/google-medium\/25b6-fe0f.png\" alt=\":seta_para_frente:\">\u00a0Inscreva-se nos dois canais do GRANDE PR\u00caMIO no YouTube:\u00a0<a href=\"https:\/\/www.youtube.com\/channel\/UC9OlHEgxoaY6QY6nWPoiqQg?sub_confirmation=1\" target=\"_blank\" rel=\"noreferrer noopener\">GP<\/a>\u00a0|\u00a0<a href=\"https:\/\/www.youtube.com\/channel\/UC9csiS6q_C3C0FYhyr1rnFA?sub_confirmation=1\" target=\"_blank\" rel=\"noreferrer noopener\">GP2<\/a><\/strong><br><strong><img decoding=\"async\" src=\"https:\/\/a.slack-edge.com\/production-standard-emoji-assets\/14.0\/google-medium\/25b6-fe0f.png\" alt=\":seta_para_frente:\">\u00a0LEIA TAMB\u00c9M:\u00a0<a href=\"https:\/\/www.grandepremio.com\/br\/f2\/noticias\/gabriel-bortoleto-atinge-apogeu-exibicao-gala-italia-deixa-claro-f1-perde-lo-loucura\/\">Bortoleto atinge apogeu em exibi\u00e7\u00e3o de gala na It\u00e1lia e deixa claro: F1 perd\u00ea-lo \u00e9 loucura<\/a><\/strong><\/p>\n\n\n\n<figure class=\"wp-block-embed is-type-video is-provider-youtube wp-block-embed-youtube wp-embed-aspect-16-9 wp-has-aspect-ratio\"><div class=\"wp-block-embed__wrapper\">\n<iframe loading=\"lazy\" title=\"DRAMA vivido por POURCHAIRE e DRUGOVICH escancara PROBLEMA de CAMPEO\u0303ES da F2 | GP a\u0300s 10\" width=\"500\" height=\"281\" src=\"https:\/\/www.youtube.com\/embed\/aPlSPj1BKyk?feature=oembed\" frameborder=\"0\" allow=\"accelerometer; autoplay; clipboard-write; encrypted-media; gyroscope; picture-in-picture; web-share\" referrerpolicy=\"strict-origin-when-cross-origin\" allowfullscreen><\/iframe>\n<\/div><\/figure>\n","protected":false},"excerpt":{"rendered":"<p>Gabriele Min\u00ec terminou a temporada 2024 com o vice-campeonato da F\u00f3rmula 3. Ele substitui Oliver Bearman, que vai suprir a suspens\u00e3o de Kevin Magnussen na Haas<\/p>\n","protected":false},"author":0,"featured_media":1000865213,"comment_status":"closed","ping_status":"closed","sticky":false,"template":"","format":"standard","meta":{"42wp_featured_image_caption":"","42wp_featured_image_credits":"","42wp_featured_video":"","42wp_featured_image_hidden":false,"42wp_authors_list":[],"footnotes":""},"categories":[9],"tags":[28198,40836,34562,4371,40837,29654,30246,111,32189,2208,35969,28373,1491,28285,35029,29923,35030,349,32190],"42wp_author":[47147],"class_list":["post-63008","post","type-post","status-publish","format-standard","has-post-thumbnail","hentry","category-f2","tag-azerbaijao","tag-azerbaijao-2024","tag-azerbaijao-f2","tag-baku","tag-baku-2024","tag-calendario-f2","tag-classificacao-f2","tag-f2","tag-f2-2024","tag-formula-2","tag-formula-2-2024","tag-gabriele-mini","tag-grande-premio","tag-grandepremio","tag-horarios-f2","tag-oliver-bearman","tag-onde-assistir-f2","tag-prema","tag-temporada-2024-f2","42wp_author-luana-marino"],"_links":{"self":[{"href":"https:\/\/grandepremio.com\/br\/wp-json\/wp\/v2\/posts\/63008","targetHints":{"allow":["GET"]}}],"collection":[{"href":"https:\/\/grandepremio.com\/br\/wp-json\/wp\/v2\/posts"}],"about":[{"href":"https:\/\/grandepremio.com\/br\/wp-json\/wp\/v2\/types\/post"}],"replies":[{"embeddable":true,"href":"https:\/\/grandepremio.com\/br\/wp-json\/wp\/v2\/comments?post=63008"}],"version-history":[{"count":0,"href":"https:\/\/grandepremio.com\/br\/wp-json\/wp\/v2\/posts\/63008\/revisions"}],"wp:featuredmedia":[{"embeddable":true,"href":"https:\/\/grandepremio.com\/br\/wp-json\/wp\/v2\/media\/1000865213"}],"wp:attachment":[{"href":"https:\/\/grandepremio.com\/br\/wp-json\/wp\/v2\/media?parent=63008"}],"wp:term":[{"taxonomy":"category","embeddable":true,"href":"https:\/\/grandepremio.com\/br\/wp-json\/wp\/v2\/categories?post=63008"},{"taxonomy":"post_tag","embeddable":true,"href":"https:\/\/grandepremio.com\/br\/wp-json\/wp\/v2\/tags?post=63008"},{"taxonomy":"42wp_author","embeddable":true,"href":"https:\/\/grandepremio.com\/br\/wp-json\/wp\/v2\/42wp_author?post=63008"}],"curies":[{"name":"wp","href":"https:\/\/api.w.org\/{rel}","templated":true}]}}