{"id":63313,"date":"2024-09-05T16:34:54","date_gmt":"2024-09-05T19:34:54","guid":{"rendered":"https:\/\/grandepremio.com\/br\/noticias\/sacha-fenestraz-confirma-saida-nissan-admite-ausencia-grid-formula-e-agora-e-tarde\/"},"modified":"2024-09-05T16:46:36","modified_gmt":"2024-09-05T19:46:36","slug":"sacha-fenestraz-confirma-saida-nissan-admite-ausencia-grid-formula-e-agora-e-tarde","status":"publish","type":"post","link":"https:\/\/grandepremio.com\/br\/formula-e\/sacha-fenestraz-confirma-saida-nissan-admite-ausencia-grid-formula-e-agora-e-tarde\/","title":{"rendered":"Fenestraz confirma sa\u00edda da Nissan e admite aus\u00eancia no grid da F\u00f3rmula E: &#8220;Agora \u00e9 tarde&#8221;"},"content":{"rendered":"\n<p class=\"wp-block-paragraph\">Nesta quinta-feira (5), <strong>Sacha Fenestraz<\/strong> confirmou a informa\u00e7\u00e3o de que a <strong>Nissan<\/strong> <a href=\"https:\/\/www.grandepremio.com\/br\/formula-e\/noticias\/nissan-muda-ideia-opta-saida-sacha-fenestraz-temporada-dificil-formula-e\/\">n\u00e3o espera contar com ele para a disputa da temporada 2024\/2025<\/a> da <strong>F\u00f3rmula E<\/strong>, que tem in\u00edcio programado para dezembro, em <strong>S\u00e3o Paulo<\/strong>. O franco-argentino lamentou o fato de ter sido comunicado de maneira t\u00e3o tardia pela equipe, j\u00e1 que agora todos os demais lugares no grid est\u00e3o praticamente ocupados, o que o deixa sem muitas op\u00e7\u00f5es para o futuro.<\/p>\n\n\n\n<p class=\"wp-block-paragraph\">Em seu segundo ano na\u00a0categoria el\u00e9trica, o piloto de 25 anos n\u00e3o manteve a curva de evolu\u00e7\u00e3o esperada e foi amplamente superado pelo companheiro\u00a0<strong><a href=\"https:\/\/www.grandepremio.com\/br\/piloto\/oliver-rowland\/\" target=\"_blank\" rel=\"noreferrer noopener\">Oliver Rowland<\/a><\/strong>. Enquanto o ingl\u00eas somou\u00a0156\u00a0pontos, conquistou\u00a0duas vit\u00f3rias\u00a0e chegou em\u00a0quarto\u00a0no campeonato, Fenestraz n\u00e3o passou dos\u00a026\u00a0tentos, sem um p\u00f3dio sequer \u2014 o quinto lugar na corrida 2 em <strong>Misano<\/strong> foi o melhor resultado do ano \u2014, e foi apenas\u00a017\u00ba.<\/p>\n\n\n\n<p class=\"wp-block-paragraph\">&#8220;Disseram-me no in\u00edcio de agosto que eu ficaria, mas aparentemente tudo mudou. Agora estou tentando encontrar uma solu\u00e7\u00e3o para minha carreira, para permanecer na F\u00f3rmula E. Mas fui informado [sobre a sa\u00edda] muito tarde, ent\u00e3o ser\u00e1 dif\u00edcil continuar, pois a maioria das vagas j\u00e1 est\u00e1 ocupada&#8221;, declarou em entrevista ao portal ingl\u00eas <em>Autosport<\/em>.<\/p>\n\n\n\n<p class=\"wp-block-paragraph\">&#8220;Foi uma temporada dif\u00edcil, uma das mais complicadas da minha carreira. Mas todos n\u00f3s temos nossos altos e baixos \u2014 at\u00e9 mesmo Oliver n\u00e3o terminou a temporada no ano passado [com a <strong>Mahindra<\/strong>]. Muitos pilotos tiveram anos parecidos com o que tive e conseguiram dar a volta por cima. Infelizmente, n\u00e3o me deram essa oportunidade, o que \u00e9 uma pena, mas \u00e9 a realidade&#8221;, continuou.<\/p>\n\n\n\n<figure class=\"wp-block-image size-full\"><img decoding=\"async\" src=\"https:\/\/www.grandepremio.com\/br\/wp-content\/uploads\/2023\/06\/Fzai16vaEAAUBqY.jpg\" alt=\"\" class=\"wp-image-699863\"\/><figcaption class=\"wp-element-caption\">Sacha Fenestraz viveu ano complicada com a Nissan na F\u00f3rmula E (Foto: Nissan)<\/figcaption><\/figure>\n\n\n\n<p class=\"wp-block-paragraph\"><strong><img decoding=\"async\" src=\"https:\/\/a.slack-edge.com\/production-standard-emoji-assets\/14.0\/google-medium\/25b6-fe0f.png\" alt=\":seta_para_frente:\">\u00a0Inscreva-se nos dois canais do GRANDE PR\u00caMIO no YouTube:\u00a0<a href=\"https:\/\/www.youtube.com\/channel\/UC9OlHEgxoaY6QY6nWPoiqQg?sub_confirmation=1\" target=\"_blank\" rel=\"noreferrer noopener\">GP<\/a>\u00a0|\u00a0<a href=\"https:\/\/www.youtube.com\/channel\/UC9csiS6q_C3C0FYhyr1rnFA?sub_confirmation=1\" target=\"_blank\" rel=\"noreferrer noopener\">GP2<\/a><\/strong><br><strong><img decoding=\"async\" src=\"https:\/\/a.slack-edge.com\/production-standard-emoji-assets\/14.0\/google-medium\/25b6-fe0f.png\" alt=\":seta_para_frente:\">\u00a0LEIA TAMB\u00c9M:\u00a0<a href=\"https:\/\/www.grandepremio.com\/br\/formula-e\/noticias\/sergio-sette-camara-admite-vontade-ert-cliente-formula-e-estaria-no-podio\/\">Sette C\u00e2mara admite vontade de ver ERT virar cliente na FE: \u201cEstaria no p\u00f3dio\u201d<\/a><\/strong><\/p>\n\n\n\n<p class=\"wp-block-paragraph\">Olhando para as poss\u00edveis op\u00e7\u00f5es, ainda h\u00e1 duas equipes no grid que n\u00e3o definiram a dupla para o pr\u00f3ximo campeonato. O franco-argentino esteve em conversas recentes com a\u00a0<strong>ABT<\/strong>, que prioriza um piloto mais jovem para ser companheiro de\u00a0<strong><a href=\"https:\/\/www.grandepremio.com\/br\/piloto\/lucas-di-grassi\/\" target=\"_blank\" rel=\"noreferrer noopener\">Lucas Di Grassi<\/a><\/strong>, e com a <strong>ERT<\/strong>, que tem a manuten\u00e7\u00e3o de <strong>S\u00e9rgio Sette C\u00e2mara<\/strong> e\u00a0<strong><a href=\"https:\/\/www.grandepremio.com\/br\/piloto\/dan-ticktum\/\" target=\"_blank\" rel=\"noreferrer noopener\">Dan Ticktum<\/a><\/strong>\u00a0como prioridade.<\/p>\n\n\n\n<p class=\"wp-block-paragraph\">&#8220;H\u00e1 duas op\u00e7\u00f5es, mas \u00e9 tarde. A temporada terminou h\u00e1 quase dois meses e a maioria dos contratos \u00e9 assinada antes disso. As chances s\u00e3o pequenas no momento porque \u00e9 uma decis\u00e3o muito tardia&#8221;, lamentou Fenestraz, que ainda estuda a possibilidade de competir em outras categorias, como o <strong>Mundial de Endurance<\/strong> (<strong>WEC<\/strong>) ou a <strong>Super F\u00f3rmula<\/strong>, no <strong>Jap\u00e3o<\/strong>, onde teve sucesso e chegou a ser vice-campe\u00e3o em 2022.<\/p>\n\n\n\n<p class=\"wp-block-paragraph\">&#8220;Pode haver algumas chances no WEC, e tamb\u00e9m h\u00e1 a possibilidade de voltar ao Jap\u00e3o, mas primeiro veremos se h\u00e1 alguma chance de permanecer na F\u00f3rmula E ou n\u00e3o&#8221;, apontou. &#8220;Adoro o Jap\u00e3o, adoro a cultura, adoro as corridas l\u00e1 com os carros barulhentos e de alto downforce. As chances de correr l\u00e1 s\u00e3o maiores do que em outros lugares&#8221;, finalizou.<\/p>\n\n\n\n<p class=\"wp-block-paragraph\"><strong>Norman Nato<\/strong>, que deixou a <strong>Andretti<\/strong> <a href=\"https:\/\/www.grandepremio.com\/br\/formula-e\/noticias\/andretti-corrobora-pedra-cantada-anuncia-saida-norman-nato-apos-ano-formula-e\/\" target=\"_blank\" rel=\"noreferrer noopener\">depois de uma temporada tamb\u00e9m marcada por decep\u00e7\u00f5es<\/a>, se coloca como prioridade para a vaga deixada por Sacha um ano depois de deixar a pr\u00f3pria Nissan para a aventura na equipe norte-americana.<\/p>\n\n\n\n<p class=\"wp-block-paragraph\">A\u00a0<a href=\"https:\/\/www.grandepremio.com\/br\/formula-e\/\" target=\"_blank\" rel=\"noreferrer noopener\"><\/a><a href=\"https:\/\/www.grandepremio.com\/br\/formula-e\/\" target=\"_blank\" rel=\"noreferrer noopener\">F\u00f3rmula E<\/a>\u00a0retorna com atividades de pista somente entre os dias\u00a0<strong>4 e 7 de novembro<\/strong>, com os\u00a0<strong>testes coletivos de pr\u00e9-temporada na pista de Val\u00eancia, na\u00a0<a href=\"https:\/\/es.grandepremio.com\/\" target=\"_blank\" rel=\"noreferrer noopener\">Espanha<\/a><\/strong>. A temporada 2024\/25 come\u00e7a aqui no Brasil, com o\u00a0<strong>eP de\u00a0<a href=\"https:\/\/www.grandepremio.com\/br\/circuito\/sao-paulo\/\" target=\"_blank\" rel=\"noreferrer noopener\"><\/a><a href=\"https:\/\/www.grandepremio.com\/br\/circuito\/sao-paulo\/\" target=\"_blank\" rel=\"noreferrer noopener\"><\/a><a href=\"https:\/\/www.grandepremio.com\/br\/circuito\/sao-paulo\/\" target=\"_blank\" rel=\"noreferrer noopener\"><\/a><a href=\"https:\/\/www.grandepremio.com\/br\/circuito\/sao-paulo\/\" target=\"_blank\" rel=\"noreferrer noopener\"><\/a><a href=\"https:\/\/www.grandepremio.com\/br\/circuito\/sao-paulo\/\" target=\"_blank\" rel=\"noreferrer noopener\"><\/a><a href=\"https:\/\/www.grandepremio.com\/br\/circuito\/sao-paulo\/\" target=\"_blank\" rel=\"noreferrer noopener\"><\/a><a href=\"https:\/\/www.grandepremio.com\/br\/circuito\/sao-paulo\/\" target=\"_blank\" rel=\"noreferrer noopener\"><\/a><a href=\"https:\/\/www.grandepremio.com\/br\/circuito\/sao-paulo\/\" target=\"_blank\" rel=\"noreferrer noopener\"><\/a><a href=\"https:\/\/www.grandepremio.com\/br\/circuito\/sao-paulo\/\" target=\"_blank\" rel=\"noreferrer noopener\"><\/a><a href=\"https:\/\/www.grandepremio.com\/br\/circuito\/sao-paulo\/\" target=\"_blank\" rel=\"noreferrer noopener\"><\/a><a href=\"https:\/\/www.grandepremio.com\/br\/circuito\/sao-paulo\/\" target=\"_blank\" rel=\"noreferrer noopener\"><\/a><a href=\"https:\/\/www.grandepremio.com\/br\/circuito\/sao-paulo\/\" target=\"_blank\" rel=\"noreferrer noopener\"><\/a><a href=\"https:\/\/www.grandepremio.com\/br\/circuito\/sao-paulo\/\" target=\"_blank\" rel=\"noreferrer noopener\"><\/a><a href=\"https:\/\/www.grandepremio.com\/br\/circuito\/sao-paulo\/\" target=\"_blank\" rel=\"noreferrer noopener\"><\/a><a href=\"https:\/\/www.grandepremio.com\/br\/circuito\/sao-paulo\/\" target=\"_blank\" rel=\"noreferrer noopener\">S\u00e3o Paulo<\/a>, marcado para o fim de semana do dia 7 de dezembro<\/strong>.<\/p>\n\n\n\n<figure class=\"wp-block-embed is-type-video is-provider-youtube wp-block-embed-youtube wp-embed-aspect-16-9 wp-has-aspect-ratio\"><div class=\"wp-block-embed__wrapper\">\n<iframe loading=\"lazy\" title=\"Entra Jed\u00e1, sai Diriyah: pista da F1 \u00c9 \u00d3TIMA NOT\u00cdCIA para F\u00f3rmula E | GP \u00e0s 10\" width=\"500\" height=\"281\" src=\"https:\/\/www.youtube.com\/embed\/idJBfLXtxGo?feature=oembed\" frameborder=\"0\" allow=\"accelerometer; autoplay; clipboard-write; encrypted-media; gyroscope; picture-in-picture; web-share\" referrerpolicy=\"strict-origin-when-cross-origin\" allowfullscreen><\/iframe>\n<\/div><\/figure>\n","protected":false},"excerpt":{"rendered":"<p>Sem expectativas de conseguir uma nova vaga no grid da F\u00f3rmula E para a pr\u00f3xima temporada, j\u00e1 que foi comunicado &#8220;muito tarde&#8221; pela Nissan sobre a sa\u00edda, Sacha Fenestraz admitiu que estuda a possibilidade de competir no WEC ou na Super F\u00f3rmula em 2025<\/p>\n","protected":false},"author":0,"featured_media":1000788440,"comment_status":"closed","ping_status":"closed","sticky":false,"template":"","format":"standard","meta":{"42wp_featured_image_caption":"","42wp_featured_image_credits":"","42wp_featured_video":"","42wp_featured_image_hidden":false,"42wp_authors_list":[],"footnotes":""},"categories":[19],"tags":[34133,37542,37543,34603,37743,37744,5660,26410,37762,38618,22347,38616,31468,38617,31479,35967,34647,32736,37545,33841,37745,894,7539],"42wp_author":[47160],"class_list":["post-63313","post","type-post","status-publish","format-standard","has-post-thumbnail","hentry","category-formula-e","tag-assistir-formula-e-ao-vivo","tag-assistir-formula-e-gratis","tag-assistir-formula-e-online","tag-attack-charge","tag-calendario-formula-e-2024","tag-calendario-formula-e-2024-horarios","tag-classificacao","tag-classificacao-da-formula-e","tag-classificacao-formula-e-2024","tag-cupom-grande-premio","tag-desconto","tag-ep-da-brasileiro","tag-ep-de-sao-paulo","tag-eprix-brasil","tag-eprix-de-sao-paulo","tag-formula-e-2024","tag-formula-e-ao-vivo","tag-formula-e-brasil","tag-formula-e-live","tag-formula-e-no-grande-premio","tag-formula-e-tv-2024","tag-nissan","tag-sacha-fenestraz","42wp_author-vicente-soella"],"_links":{"self":[{"href":"https:\/\/grandepremio.com\/br\/wp-json\/wp\/v2\/posts\/63313","targetHints":{"allow":["GET"]}}],"collection":[{"href":"https:\/\/grandepremio.com\/br\/wp-json\/wp\/v2\/posts"}],"about":[{"href":"https:\/\/grandepremio.com\/br\/wp-json\/wp\/v2\/types\/post"}],"replies":[{"embeddable":true,"href":"https:\/\/grandepremio.com\/br\/wp-json\/wp\/v2\/comments?post=63313"}],"version-history":[{"count":0,"href":"https:\/\/grandepremio.com\/br\/wp-json\/wp\/v2\/posts\/63313\/revisions"}],"wp:featuredmedia":[{"embeddable":true,"href":"https:\/\/grandepremio.com\/br\/wp-json\/wp\/v2\/media\/1000788440"}],"wp:attachment":[{"href":"https:\/\/grandepremio.com\/br\/wp-json\/wp\/v2\/media?parent=63313"}],"wp:term":[{"taxonomy":"category","embeddable":true,"href":"https:\/\/grandepremio.com\/br\/wp-json\/wp\/v2\/categories?post=63313"},{"taxonomy":"post_tag","embeddable":true,"href":"https:\/\/grandepremio.com\/br\/wp-json\/wp\/v2\/tags?post=63313"},{"taxonomy":"42wp_author","embeddable":true,"href":"https:\/\/grandepremio.com\/br\/wp-json\/wp\/v2\/42wp_author?post=63313"}],"curies":[{"name":"wp","href":"https:\/\/api.w.org\/{rel}","templated":true}]}}