{"id":63404,"date":"2024-09-05T07:26:14","date_gmt":"2024-09-05T10:26:14","guid":{"rendered":"https:\/\/grandepremio.com\/br\/noticias\/ferrari-loic-serra-ex-mercedes-lugar-enrico-cardile-diretor-tecnico\/"},"modified":"2024-09-05T07:35:54","modified_gmt":"2024-09-05T10:35:54","slug":"ferrari-loic-serra-ex-mercedes-lugar-enrico-cardile-diretor-tecnico","status":"publish","type":"post","link":"https:\/\/grandepremio.com\/br\/f1\/ferrari-loic-serra-ex-mercedes-lugar-enrico-cardile-diretor-tecnico\/","title":{"rendered":"Ferrari anuncia Serra, ex-Mercedes, no lugar de Cardile como diretor-t\u00e9cnico"},"content":{"rendered":"\n<p class=\"wp-block-paragraph\">Nesta quinta-feira (5), a <strong>Ferrari <\/strong>anunciou o que j\u00e1 vinha sendo <a href=\"https:\/\/www.grandepremio.com\/br\/f1\/noticias\/ferrari-poe-ex-mercedes-cargo-diretor-tecnico-mira-modelo-mclaren-estrutura\/\">especulado h\u00e1 dias na imprensa internacional<\/a>. <strong>Lo\u00efc Serra<\/strong>, ex-diretor de desempenho da <strong>Mercedes<\/strong>, assumir\u00e1 o cargo de diretor-t\u00e9cnico na escuderia, que foi deixado por<strong> Enrico Cardile<\/strong> ap\u00f3s quase 20 anos. O engenheiro franc\u00eas rec\u00e9m-chegado a <strong>Maranello <\/strong>come\u00e7ar\u00e1 os trabalhos na equipe no dia 1\u00ba de outubro.&nbsp;<\/p>\n\n\n\n<p class=\"wp-block-paragraph\">Serra foi<a href=\"https:\/\/www.grandepremio.com\/br\/f1\/noticias\/ferrari-confirma-efeito-lewis-hamilton-rouba-loic-serra-jerome-dambrosio-mercedes-2024\/\"> anunciado na Ferrari ainda em maio<\/a> deste ano, junto de <strong>J\u00earome D\u2019Ambrosio<\/strong>, tamb\u00e9m ex-Mercedes. No entanto, originalmente, o franc\u00eas ocuparia o cargo de chefe de engenharia de desempenho de chassi e trabalharia com Cardile, ent\u00e3o diretor-t\u00e9cnico da equipe.&nbsp;<\/p>\n\n\n\n<p class=\"wp-block-paragraph\">Por\u00e9m, com <a href=\"https:\/\/www.grandepremio.com\/br\/f1\/noticias\/ferrari-confirma-saida-imediata-diretor-tecnico-enrico-cardile-apos-quase-duas-decadas\/\">Cardile deixando a Ferrari em julho<\/a> para assinar um contrato com a <strong>Aston Martin<\/strong>, o posto de diretor-t\u00e9cnico ficou vago. Interinamente, <strong>Fr\u00e9d\u00e9ric Vasseur<\/strong>, chefe do time, assumiu as fun\u00e7\u00f5es do cargo. No entanto, conforme antecipado pelo site italiano <em>Formu1a Uno<\/em>, Serra seria o escolhido para a posi\u00e7\u00e3o.&nbsp;<\/p>\n\n\n\n<p class=\"wp-block-paragraph\">Com isso, o franc\u00eas tamb\u00e9m assumir\u00e1 a supervis\u00e3o de diversas divis\u00f5es t\u00e9cnicas da Ferrari, conforme anunciado pela pr\u00f3pria equipe em comunicado.&nbsp;<\/p>\n\n\n\n<figure class=\"wp-block-image size-large\"><img decoding=\"async\" src=\"https:\/\/www.grandepremio.com\/br\/wp-content\/uploads\/2024\/05\/Loic-Serra-e-Jerome-DAmbrosio-1200x675.jpg\" alt=\"\" class=\"wp-image-812550\"\/><figcaption class=\"wp-element-caption\">Lo\u00efc Serra (\u00e0 esq.) e J\u00e9r\u00f4me d&#8217;Ambrosio agora s\u00e3o da Ferrari (Foto: Ferrari)<\/figcaption><\/figure>\n\n\n\n<p class=\"wp-block-paragraph\">\u201cA Ferrari anuncia que confiou a fun\u00e7\u00e3o de diretor-t\u00e9cnico a Lo\u00efc Serra. Conforme anunciado anteriormente, o engenheiro franc\u00eas, nascido em 1972, se junta \u00e0 equipe no dia 1\u00ba de outubro. Lo\u00efc, nesta nova fun\u00e7\u00e3o, reportar\u00e1 diretamente ao chefe de equipe, Fr\u00e9d\u00e9ric Vasseur\u201d, explicou.&nbsp;<\/p>\n\n\n\n<p class=\"wp-block-paragraph\">\u201cSerra ficar\u00e1, portanto, respons\u00e1vel pelos seguintes departamentos: engenharia de projetos de chassis, chefiada por Fabio Montecchi; performance, liderada por Marco Adurno; aerodin\u00e2mica, liderada por Diego Tondi; engenharia de pista, chefiada por Matteo Togninalli e opera\u00e7\u00f5es de chassis, chefiada por Diego Ioverno, que tamb\u00e9m continua na fun\u00e7\u00e3o de diretor-esportivo. O cargo de diretor-t\u00e9cnico da unidade de pot\u00eancia continua atribu\u00edda a Enrico Gualtieri, que reporta diretamente a Fred Vasseur\u201d, concluiu.&nbsp;<\/p>\n\n\n\n<p class=\"wp-block-paragraph\">Ap\u00f3s a vit\u00f3ria de <strong>Charles Leclerc <\/strong>no <strong>GP da It\u00e1lia <\/strong>no \u00faltimo fim de semana, a Ferrari agora tem 407 pontos somados em 2024 e segue na terceira posi\u00e7\u00e3o no <strong>Mundial de Construtores<\/strong>. No entanto, mesmo ainda atr\u00e1s da <strong>McLaren<\/strong>, a escuderia cortou para 39 pontos a diferen\u00e7a para a l\u00edder <strong>Red Bull<\/strong>.&nbsp;<\/p>\n\n\n\n<p class=\"wp-block-paragraph\">Agora, a F\u00f3rmula 1 s\u00f3 volta \u00e0s pistas entre os dias 13 e 15 de setembro para o <strong>GP do Azerbaij\u00e3o<\/strong>, em <strong>Baku<\/strong>.<\/p>\n\n\n\n<p class=\"wp-block-paragraph\"><strong>\u25b6\ufe0f&nbsp;Inscreva-se nos dois canais do GRANDE PR\u00caMIO no YouTube:&nbsp;<a href=\"https:\/\/www.youtube.com\/channel\/UC9OlHEgxoaY6QY6nWPoiqQg?sub_confirmation=1\" target=\"_blank\" rel=\"noreferrer noopener\">GP<\/a>&nbsp;|&nbsp;<a href=\"https:\/\/www.youtube.com\/channel\/UC9csiS6q_C3C0FYhyr1rnFA?sub_confirmation=1\" target=\"_blank\" rel=\"noreferrer noopener\">GP2<\/a><\/strong><\/p>\n\n\n\n<figure class=\"wp-block-embed is-type-video is-provider-youtube wp-block-embed-youtube wp-embed-aspect-16-9 wp-has-aspect-ratio\"><div class=\"wp-block-embed__wrapper\">\n<iframe loading=\"lazy\" title=\"BORTOLETO na MIRA da AUDI ap\u00f3s SHOW em MONZA. NEWEY \u00c9 SALVA\u00c7\u00c3O da ASTON MARTIN na F1? | TTGP #151\" width=\"500\" height=\"281\" src=\"https:\/\/www.youtube.com\/embed\/m4KzcRtLu4E?feature=oembed\" frameborder=\"0\" allow=\"accelerometer; autoplay; clipboard-write; encrypted-media; gyroscope; picture-in-picture; web-share\" referrerpolicy=\"strict-origin-when-cross-origin\" allowfullscreen><\/iframe>\n<\/div><\/figure>\n","protected":false},"excerpt":{"rendered":"<p>Lo\u00efc Serra, ex-diretor de desempenho da Mercedes, assumir\u00e1 posto de diretor-t\u00e9cnico deixado por Enrico Cardile ap\u00f3s quase 20 anos em julho<\/p>\n","protected":false},"author":0,"featured_media":1000836914,"comment_status":"closed","ping_status":"closed","sticky":false,"template":"","format":"standard","meta":{"42wp_featured_image_caption":"","42wp_featured_image_credits":"","42wp_featured_video":"","42wp_featured_image_hidden":false,"42wp_authors_list":[],"footnotes":""},"categories":[2],"tags":[5660,969,25590,147,3230,642,160,207,180,30909,1491,30103,28285,9198,82],"42wp_author":[47162],"class_list":["post-63404","post","type-post","status-publish","format-standard","has-post-thumbnail","hentry","category-f1","tag-classificacao","tag-corrida","tag-enrico-cardile","tag-f1","tag-f1-2024","tag-f1-ao-vivo","tag-f1-tv","tag-ferrari","tag-formula-1","tag-formula-1-2024","tag-grande-premio","tag-grande-premio-f1","tag-grandepremio","tag-loic-serra","tag-mercedes","42wp_author-giovani-danjo"],"_links":{"self":[{"href":"https:\/\/grandepremio.com\/br\/wp-json\/wp\/v2\/posts\/63404","targetHints":{"allow":["GET"]}}],"collection":[{"href":"https:\/\/grandepremio.com\/br\/wp-json\/wp\/v2\/posts"}],"about":[{"href":"https:\/\/grandepremio.com\/br\/wp-json\/wp\/v2\/types\/post"}],"replies":[{"embeddable":true,"href":"https:\/\/grandepremio.com\/br\/wp-json\/wp\/v2\/comments?post=63404"}],"version-history":[{"count":0,"href":"https:\/\/grandepremio.com\/br\/wp-json\/wp\/v2\/posts\/63404\/revisions"}],"wp:featuredmedia":[{"embeddable":true,"href":"https:\/\/grandepremio.com\/br\/wp-json\/wp\/v2\/media\/1000836914"}],"wp:attachment":[{"href":"https:\/\/grandepremio.com\/br\/wp-json\/wp\/v2\/media?parent=63404"}],"wp:term":[{"taxonomy":"category","embeddable":true,"href":"https:\/\/grandepremio.com\/br\/wp-json\/wp\/v2\/categories?post=63404"},{"taxonomy":"post_tag","embeddable":true,"href":"https:\/\/grandepremio.com\/br\/wp-json\/wp\/v2\/tags?post=63404"},{"taxonomy":"42wp_author","embeddable":true,"href":"https:\/\/grandepremio.com\/br\/wp-json\/wp\/v2\/42wp_author?post=63404"}],"curies":[{"name":"wp","href":"https:\/\/api.w.org\/{rel}","templated":true}]}}