{"id":63550,"date":"2024-09-03T12:23:09","date_gmt":"2024-09-03T15:23:09","guid":{"rendered":"https:\/\/grandepremio.com\/br\/noticias\/aston-martin-justifica-decisao-dificil-estrategia-italia-carro-maltrata-pneus\/"},"modified":"2024-09-03T12:52:04","modified_gmt":"2024-09-03T15:52:04","slug":"aston-martin-justifica-decisao-dificil-estrategia-italia-carro-maltrata-pneus","status":"publish","type":"post","link":"https:\/\/grandepremio.com\/br\/f1\/aston-martin-justifica-decisao-dificil-estrategia-italia-carro-maltrata-pneus\/","title":{"rendered":"Aston Martin justifica &#8220;decis\u00e3o dif\u00edcil&#8221; em estrat\u00e9gia na It\u00e1lia: &#8220;Carro maltrata pneus&#8221;"},"content":{"rendered":"\n<p class=\"wp-block-paragraph\"><strong>Fernando Alonso<\/strong> certamente n\u00e3o foi \u00fanico que <a href=\"https:\/\/www.grandepremio.com\/br\/f1\/noticias\/fernando-alonso-aston-martin-faz-algo-errado-11o-lugar-italia-decepcionante\/\">ficou decepcionado com o desempenho<\/a> da <strong>Aston Martin<\/strong> no <strong>GP da It\u00e1lia<\/strong>, <a href=\"https:\/\/www.grandepremio.com\/br\/f1\/noticias\/charles-leclerc-brilha-parada-unica-enlouquece-torcida-ferrari-vitoria-gp-italia\/\">realizado no \u00faltimo domingo (1\u00ba)<\/a>. Chefe dos esmeraldinos, <strong>Mike Krack<\/strong> destacou a dificuldade em escolher a melhor estrat\u00e9gia em <strong>Monza<\/strong> e afirmou que o time &#8220;precisa encontrar mais desempenho&#8221; se quiser voltar a <a href=\"https:\/\/www.grandepremio.com\/br\/f1\/classificacao\/\">somar pontos no Mundial de Construtores<\/a>.<\/p>\n\n\n\n<p class=\"wp-block-paragraph\">Ap\u00f3s largar da 17\u00aa posi\u00e7\u00e3o, <strong>Lance Stroll<\/strong> <a href=\"https:\/\/www.grandepremio.com\/br\/f1\/noticias\/lance-stroll-19o-lugar-italia-mais-ou-menos-esperado-nao-tivemos-ritmo\/\">n\u00e3o mostrou surpresa<\/a> com o ritmo lento do <strong>AMR24<\/strong> e apenas regrediu ao longo da corrida, cruzando a linha de chegada em 19\u00ba. Alonso, por sua vez, saiu no zero a zero, j\u00e1 que come\u00e7ou do 11\u00ba colchete e terminou no mesmo lugar. Minutos depois do fim da 16\u00aa etapa da temporada 2024 da <strong>F\u00f3rmula 1<\/strong>, o espanhol disse que a equipe de <strong>Lawrence Stroll<\/strong> est\u00e1 fazendo &#8220;algo de errado&#8221;, e que nem mesmo <strong>Adrian Newey<\/strong> \u2014 especulado como nova contrata\u00e7\u00e3o \u2014 poderia ser <a href=\"https:\/\/www.grandepremio.com\/br\/f1\/noticias\/fernando-alonso-duvida-adrian-newey-seja-solucao-para-aston-martin-nao-e-tarefa-um-homem-so\/\">capaz de resolver os problemas<\/a>.<\/p>\n\n\n\n<p class=\"wp-block-paragraph\">Krack analisou os acontecimentos e avaliou quais eram as possibilidades da escuderia inglesa no circuito italiano. &#8220;Olhando para os carros que terminaram pr\u00f3ximos de n\u00f3s, \u00e9 tentador dizer que poder\u00edamos ter tentado uma estrat\u00e9gia de parada \u00fanica, mas sabemos que nosso carro maltrata os pneus e n\u00e3o era uma decis\u00e3o f\u00e1cil. Vimos outras equipes enfrentando os mesmos desafios tamb\u00e9m&#8221;, come\u00e7ou o dirigente.<\/p>\n\n\n\n<p class=\"wp-block-paragraph\">&#8220;Fernando estava na luta por pontos durante toda a tarde e at\u00e9 a \u00faltima volta \u2014 tentando alcan\u00e7ar [<strong>Alexander<\/strong>] <strong>Albon<\/strong> e [<strong>Kevin<\/strong>] <strong>Magnussen<\/strong> \u2014, mas simplesmente ficamos sem ritmo no final&#8221;, continuou.<\/p>\n\n\n\n<figure class=\"wp-block-image size-large\"><img decoding=\"async\" src=\"https:\/\/www.grandepremio.com\/br\/wp-content\/uploads\/2024\/08\/italia-2024-f1-treinos-livres-aston-martin-fernando-alonso-afp-02-1200x800.jpg\" alt=\"\" class=\"wp-image-860972\"\/><figcaption class=\"wp-element-caption\">Aston Martin n\u00e3o conseguiu o resultado que esperava no GP da It\u00e1lia (Foto: AFP)<\/figcaption><\/figure>\n\n\n\n<p class=\"wp-block-paragraph\"><strong><img decoding=\"async\" src=\"https:\/\/a.slack-edge.com\/production-standard-emoji-assets\/14.0\/google-medium\/25b6-fe0f.png\" alt=\":seta_para_frente:\">\u00a0Inscreva-se nos dois canais do GRANDE PR\u00caMIO no YouTube:\u00a0<a href=\"https:\/\/www.youtube.com\/channel\/UC9OlHEgxoaY6QY6nWPoiqQg?sub_confirmation=1\" target=\"_blank\" rel=\"noreferrer noopener\">GP<\/a>\u00a0|\u00a0<a href=\"https:\/\/www.youtube.com\/channel\/UC9csiS6q_C3C0FYhyr1rnFA?sub_confirmation=1\" target=\"_blank\" rel=\"noreferrer noopener\">GP2<\/a><\/strong><br><strong><img decoding=\"async\" src=\"https:\/\/a.slack-edge.com\/production-standard-emoji-assets\/14.0\/google-medium\/25b6-fe0f.png\" alt=\":seta_para_frente:\">\u00a0LEIA TAMB\u00c9M:\u00a0<a href=\"https:\/\/www.grandepremio.com\/br\/f1\/noticias\/sauber-despista-sobre-gabriel-bortoleto-mas-garante-decisao-sobre-pilotos-mais-rapido-possivel\/\">Sauber despista sobre Bortoleto, mas garante decis\u00e3o sobre pilotos \u201co mais r\u00e1pido poss\u00edvel\u201d<\/a><\/strong><\/p>\n\n\n\n<p class=\"wp-block-paragraph\">&#8220;Sempre soubemos que seria uma corrida dif\u00edcil e precisamos encontrar mais desempenho para competir neste pelot\u00e3o intermedi\u00e1rio, onde todos est\u00e3o muito pr\u00f3ximos. Vamos nos manter trabalhando para voltar mais fortes em Baku&#8221;, finalizou o chefe da Aston Martin.<\/p>\n\n\n\n<p class=\"wp-block-paragraph\">A\u00a0<strong><a href=\"https:\/\/www.grandepremio.com\/br\/f1\/\" target=\"_blank\" rel=\"noreferrer noopener\"><\/a><a href=\"https:\/\/www.grandepremio.com\/br\/f1\/\" target=\"_blank\" rel=\"noreferrer noopener\">F\u00f3rmula 1<\/a>\u00a0<\/strong>agora volta \u00e0s pistas entre os dias 13 e 15 de setembro para o\u00a0<strong>GP do Azerbaij\u00e3o<\/strong>, em\u00a0<a href=\"https:\/\/www.grandepremio.com\/br\/circuito\/baku\/\" target=\"_blank\" rel=\"noreferrer noopener\"><strong>Baku<\/strong><\/a>.<\/p>\n\n\n\n<figure class=\"wp-block-embed is-type-video is-provider-youtube wp-block-embed-youtube wp-embed-aspect-16-9 wp-has-aspect-ratio\"><div class=\"wp-block-embed__wrapper\">\n<iframe loading=\"lazy\" title=\"McLAREN ENTREGA PONTOS, LECLERC e RED BULL RIEM E BORTOLETO MOSTRA QUE MERECE F1 | Paddock GP #387\" width=\"500\" height=\"281\" src=\"https:\/\/www.youtube.com\/embed\/lnR0LFhDcFc?feature=oembed\" frameborder=\"0\" allow=\"accelerometer; autoplay; clipboard-write; encrypted-media; gyroscope; picture-in-picture; web-share\" referrerpolicy=\"strict-origin-when-cross-origin\" allowfullscreen><\/iframe>\n<\/div><\/figure>\n","protected":false},"excerpt":{"rendered":"<p>Mike Krack afirmou que a Aston Martin at\u00e9 estudou a possibilidade de adotar a estrat\u00e9gia de parada \u00fanica no GP da It\u00e1lia, mas disse que o AMR24 n\u00e3o tinha ritmo por causa do alto desgaste dos pneus<\/p>\n","protected":false},"author":0,"featured_media":1000667464,"comment_status":"closed","ping_status":"closed","sticky":false,"template":"","format":"standard","meta":{"42wp_featured_image_caption":"","42wp_featured_image_credits":"","42wp_featured_video":"","42wp_featured_image_hidden":false,"42wp_authors_list":[],"footnotes":""},"categories":[2],"tags":[309,5660,969,147,3230,642,160,180,30909,24898,39711,1491,30103,28285,30559,1737],"42wp_author":[47160],"class_list":["post-63550","post","type-post","status-publish","format-standard","has-post-thumbnail","hentry","category-f1","tag-aston-martin","tag-classificacao","tag-corrida","tag-f1","tag-f1-2024","tag-f1-ao-vivo","tag-f1-tv","tag-formula-1","tag-formula-1-2024","tag-gp-da-italia","tag-gp-da-italia-2024","tag-grande-premio","tag-grande-premio-f1","tag-grandepremio","tag-mike-krack","tag-monza","42wp_author-vicente-soella"],"_links":{"self":[{"href":"https:\/\/grandepremio.com\/br\/wp-json\/wp\/v2\/posts\/63550","targetHints":{"allow":["GET"]}}],"collection":[{"href":"https:\/\/grandepremio.com\/br\/wp-json\/wp\/v2\/posts"}],"about":[{"href":"https:\/\/grandepremio.com\/br\/wp-json\/wp\/v2\/types\/post"}],"replies":[{"embeddable":true,"href":"https:\/\/grandepremio.com\/br\/wp-json\/wp\/v2\/comments?post=63550"}],"version-history":[{"count":0,"href":"https:\/\/grandepremio.com\/br\/wp-json\/wp\/v2\/posts\/63550\/revisions"}],"wp:featuredmedia":[{"embeddable":true,"href":"https:\/\/grandepremio.com\/br\/wp-json\/wp\/v2\/media\/1000667464"}],"wp:attachment":[{"href":"https:\/\/grandepremio.com\/br\/wp-json\/wp\/v2\/media?parent=63550"}],"wp:term":[{"taxonomy":"category","embeddable":true,"href":"https:\/\/grandepremio.com\/br\/wp-json\/wp\/v2\/categories?post=63550"},{"taxonomy":"post_tag","embeddable":true,"href":"https:\/\/grandepremio.com\/br\/wp-json\/wp\/v2\/tags?post=63550"},{"taxonomy":"42wp_author","embeddable":true,"href":"https:\/\/grandepremio.com\/br\/wp-json\/wp\/v2\/42wp_author?post=63550"}],"curies":[{"name":"wp","href":"https:\/\/api.w.org\/{rel}","templated":true}]}}