{"id":63573,"date":"2024-09-03T11:02:51","date_gmt":"2024-09-03T14:02:51","guid":{"rendered":"https:\/\/grandepremio.com\/br\/noticias\/nissan-muda-ideia-opta-saida-sacha-fenestraz-temporada-dificil-formula-e\/"},"modified":"2024-09-03T11:11:40","modified_gmt":"2024-09-03T14:11:40","slug":"nissan-muda-ideia-opta-saida-sacha-fenestraz-temporada-dificil-formula-e","status":"publish","type":"post","link":"https:\/\/grandepremio.com\/br\/formula-e\/nissan-muda-ideia-opta-saida-sacha-fenestraz-temporada-dificil-formula-e\/","title":{"rendered":"Nissan muda de ideia e opta por sa\u00edda de Fenestraz ap\u00f3s temporada dif\u00edcil na F\u00f3rmula E"},"content":{"rendered":"\n<p class=\"wp-block-paragraph\">A perman\u00eancia de <strong>Sacha Fenestraz<\/strong> na <strong>Nissan<\/strong>, que parecia decidida pela equipe para a temporada 2024\/25 da <strong>F\u00f3rmula E<\/strong>, n\u00e3o deve mais acontecer. Ainda que tenha contrato para o ano que vem, a participa\u00e7\u00e3o do franco-argentino na categoria deve mesmo se encerrar sem o cumprimento do terceiro ano do v\u00ednculo. De acordo com o portal ingl\u00eas <em>The Race<\/em>, <strong>Norman Nato<\/strong>, que deixou a <strong>Andretti<\/strong>, \u00e9 o postulante principal \u00e0 vaga.<\/p>\n\n\n\n<p class=\"wp-block-paragraph\">Em seu segundo ano na F\u00f3rmula E, Fenestraz n\u00e3o manteve a curva de evolu\u00e7\u00e3o esperada e foi amplamente superado pelo companheiro <strong>Oliver Rowland<\/strong>. Enquanto o ingl\u00eas somou <strong>156 <\/strong>pontos, conquistou <strong>duas vit\u00f3rias <\/strong>e chegou em <strong>quarto <\/strong>no campeonato, Sacha n\u00e3o passou dos <strong>26 <\/strong>tentos, sem um p\u00f3dio sequer, e foi apenas <strong>17\u00ba<\/strong>.<\/p>\n\n\n\n<p class=\"wp-block-paragraph\">Nato, que saiu da Andretti <a href=\"https:\/\/www.grandepremio.com\/br\/formula-e\/noticias\/andretti-corrobora-pedra-cantada-anuncia-saida-norman-nato-apos-ano-formula-e\/\" target=\"_blank\" rel=\"noreferrer noopener\">depois de uma temporada tamb\u00e9m marcada por decep\u00e7\u00f5es<\/a>, se coloca como prioridade para a vaga deixada por Fenestraz um ano depois de deixar a pr\u00f3pria Nissan para a aventura na equipe americana.<\/p>\n\n\n\n<p class=\"wp-block-paragraph\">O time japon\u00eas, entretanto, tamb\u00e9m olha para outros nomes. Nato surge como favorito, mas assinou um contrato de longo prazo com a <strong>Jota <\/strong>para disputar o WEC e ter\u00e1 de alinhar o programa duplo com a Nissan. <strong>S\u00e9rgio Sette C\u00e2mara<\/strong>, <strong>Caio Collet<\/strong> e <strong>Victor Martins<\/strong> foram outros pilotos analisados.<\/p>\n\n\n\n<figure class=\"wp-block-image size-full\"><img decoding=\"async\" src=\"https:\/\/www.grandepremio.com\/br\/wp-content\/uploads\/2024\/06\/1020253333-20240628-EPS1013_134810ZALS8454.jpg\" alt=\"\" class=\"wp-image-833029\"\/><figcaption class=\"wp-element-caption\">Nato, que trocou a Nissan pela Andretti h\u00e1 um ano, pode voltar (Foto: F\u00f3rmula E)<\/figcaption><\/figure>\n\n\n\n<p class=\"wp-block-paragraph\">Entre os brasileiros, o titular da <strong>ERT <\/strong>procura uma op\u00e7\u00e3o mais competitiva na carreira e pode ver a Nissan com bons olhos; Collet, por sua vez, n\u00e3o descarta a possibilidade de uma segunda temporada na Indy NXT, mas cresceu no conceito da equipe ao substituir o doente Rowland no <strong>eP de Portland<\/strong>. Por fim, Martins, que j\u00e1 testou o carro da Nissan em outras ocasi\u00f5es, corre por fora.<\/p>\n\n\n\n<p class=\"wp-block-paragraph\">Quanto ao futuro de Fenestraz, o franco-argentino esteve em conversas recentes com a <strong>ABT<\/strong>, que prioriza um piloto mais jovem para ser companheiro de <strong>Lucas Di Grassi<\/strong>, e com a ERT, que tem a manuten\u00e7\u00e3o de Sette C\u00e2mara e <strong>Dan Ticktum<\/strong> como prioridade. Outro cen\u00e1rio envolve voltar a correr no <strong>Jap\u00e3o<\/strong>, onde Fenestraz teve sucesso e foi vice-campe\u00e3o da Super F\u00f3rmula em <strong>2022<\/strong>.<\/p>\n\n\n\n<p class=\"wp-block-paragraph\">A&nbsp;<a href=\"https:\/\/www.grandepremio.com\/br\/formula-e\/\" target=\"_blank\" rel=\"noreferrer noopener\"><\/a><a href=\"https:\/\/www.grandepremio.com\/br\/formula-e\/\" target=\"_blank\" rel=\"noreferrer noopener\">F\u00f3rmula E<\/a>&nbsp;retorna com atividades de pista somente entre os dias&nbsp;<strong>4 e 7 de novembro<\/strong>, com os&nbsp;<strong>testes coletivos de pr\u00e9-temporada na pista de Val\u00eancia, na&nbsp;<a href=\"https:\/\/es.grandepremio.com\/\" target=\"_blank\" rel=\"noreferrer noopener\">Espanha<\/a><\/strong>. A temporada 2024\/25 come\u00e7a aqui no Brasil, com o&nbsp;<strong>eP de&nbsp;<a href=\"https:\/\/www.grandepremio.com\/br\/circuito\/sao-paulo\/\" target=\"_blank\" rel=\"noreferrer noopener\"><\/a><a href=\"https:\/\/www.grandepremio.com\/br\/circuito\/sao-paulo\/\" target=\"_blank\" rel=\"noreferrer noopener\"><\/a><a href=\"https:\/\/www.grandepremio.com\/br\/circuito\/sao-paulo\/\" target=\"_blank\" rel=\"noreferrer noopener\"><\/a><a href=\"https:\/\/www.grandepremio.com\/br\/circuito\/sao-paulo\/\" target=\"_blank\" rel=\"noreferrer noopener\"><\/a><a href=\"https:\/\/www.grandepremio.com\/br\/circuito\/sao-paulo\/\" target=\"_blank\" rel=\"noreferrer noopener\"><\/a><a href=\"https:\/\/www.grandepremio.com\/br\/circuito\/sao-paulo\/\" target=\"_blank\" rel=\"noreferrer noopener\"><\/a><a href=\"https:\/\/www.grandepremio.com\/br\/circuito\/sao-paulo\/\" target=\"_blank\" rel=\"noreferrer noopener\"><\/a><a href=\"https:\/\/www.grandepremio.com\/br\/circuito\/sao-paulo\/\" target=\"_blank\" rel=\"noreferrer noopener\"><\/a><a href=\"https:\/\/www.grandepremio.com\/br\/circuito\/sao-paulo\/\" target=\"_blank\" rel=\"noreferrer noopener\"><\/a><a href=\"https:\/\/www.grandepremio.com\/br\/circuito\/sao-paulo\/\" target=\"_blank\" rel=\"noreferrer noopener\"><\/a><a href=\"https:\/\/www.grandepremio.com\/br\/circuito\/sao-paulo\/\" target=\"_blank\" rel=\"noreferrer noopener\"><\/a><a href=\"https:\/\/www.grandepremio.com\/br\/circuito\/sao-paulo\/\" target=\"_blank\" rel=\"noreferrer noopener\"><\/a><a href=\"https:\/\/www.grandepremio.com\/br\/circuito\/sao-paulo\/\" target=\"_blank\" rel=\"noreferrer noopener\"><\/a><a href=\"https:\/\/www.grandepremio.com\/br\/circuito\/sao-paulo\/\" target=\"_blank\" rel=\"noreferrer noopener\">S\u00e3o Paulo<\/a>, marcado para o fim de semana do dia 7 de dezembro<\/strong>.<\/p>\n\n\n\n<p class=\"wp-block-paragraph\"><strong><img decoding=\"async\" style=\"width: 20px;\" src=\"https:\/\/s.w.org\/images\/core\/emoji\/14.0.0\/svg\/25b6.svg\" alt=\"\u25b6\ufe0f\">\u00a0Inscreva-se nos dois canais do GRANDE PR\u00caMIO no YouTube:\u00a0<a href=\"https:\/\/www.youtube.com\/channel\/UC9OlHEgxoaY6QY6nWPoiqQg?sub_confirmation=1\" target=\"_blank\" rel=\"noreferrer noopener\">GP<\/a>\u00a0|\u00a0<a href=\"https:\/\/www.youtube.com\/channel\/UC9csiS6q_C3C0FYhyr1rnFA?sub_confirmation=1\" target=\"_blank\" rel=\"noreferrer noopener\">GP2<\/a><\/strong><\/p>\n\n\n\n<figure class=\"wp-block-embed is-type-video is-provider-youtube wp-block-embed-youtube wp-embed-aspect-16-9 wp-has-aspect-ratio\"><div class=\"wp-block-embed__wrapper\">\n<iframe loading=\"lazy\" title=\"PENSKE-HYUNDAI? Como equipe americana ENXERGA FUTURO na F\u00f3rmula E | GP \u00e0s 10\" width=\"500\" height=\"281\" src=\"https:\/\/www.youtube.com\/embed\/VDdNAweaqb0?feature=oembed\" frameborder=\"0\" allow=\"accelerometer; autoplay; clipboard-write; encrypted-media; gyroscope; picture-in-picture; web-share\" referrerpolicy=\"strict-origin-when-cross-origin\" allowfullscreen><\/iframe>\n<\/div><\/figure>\n","protected":false},"excerpt":{"rendered":"<p>A Nissan decidiu demitir Sacha Fenestraz ap\u00f3s temporada complicada e trabalha no retorno de Norman Nato. S\u00e9rgio Sette C\u00e2mara e Caio Collet tamb\u00e9m surgem como possibilidades<\/p>\n","protected":false},"author":0,"featured_media":1000769699,"comment_status":"closed","ping_status":"closed","sticky":false,"template":"","format":"standard","meta":{"42wp_featured_image_caption":"","42wp_featured_image_credits":"","42wp_featured_video":"","42wp_featured_image_hidden":false,"42wp_authors_list":[],"footnotes":""},"categories":[19],"tags":[417,33214,28679,6853,379,36881,840,35967,1601,1491,30103,28285,894,1722,36219,7539],"42wp_author":[47142],"class_list":["post-63573","post","type-post","status-publish","format-standard","has-post-thumbnail","hentry","category-formula-e","tag-andretti","tag-calendario-fe","tag-calendario-formula-e","tag-classificacao-formula-e","tag-fe","tag-fe-2024","tag-formula-e","tag-formula-e-2024","tag-gen3","tag-grande-premio","tag-grande-premio-f1","tag-grandepremio","tag-nissan","tag-norman-nato","tag-onde-assistir-formula-e","tag-sacha-fenestraz","42wp_author-jp-nascimento"],"_links":{"self":[{"href":"https:\/\/grandepremio.com\/br\/wp-json\/wp\/v2\/posts\/63573","targetHints":{"allow":["GET"]}}],"collection":[{"href":"https:\/\/grandepremio.com\/br\/wp-json\/wp\/v2\/posts"}],"about":[{"href":"https:\/\/grandepremio.com\/br\/wp-json\/wp\/v2\/types\/post"}],"replies":[{"embeddable":true,"href":"https:\/\/grandepremio.com\/br\/wp-json\/wp\/v2\/comments?post=63573"}],"version-history":[{"count":0,"href":"https:\/\/grandepremio.com\/br\/wp-json\/wp\/v2\/posts\/63573\/revisions"}],"wp:featuredmedia":[{"embeddable":true,"href":"https:\/\/grandepremio.com\/br\/wp-json\/wp\/v2\/media\/1000769699"}],"wp:attachment":[{"href":"https:\/\/grandepremio.com\/br\/wp-json\/wp\/v2\/media?parent=63573"}],"wp:term":[{"taxonomy":"category","embeddable":true,"href":"https:\/\/grandepremio.com\/br\/wp-json\/wp\/v2\/categories?post=63573"},{"taxonomy":"post_tag","embeddable":true,"href":"https:\/\/grandepremio.com\/br\/wp-json\/wp\/v2\/tags?post=63573"},{"taxonomy":"42wp_author","embeddable":true,"href":"https:\/\/grandepremio.com\/br\/wp-json\/wp\/v2\/42wp_author?post=63573"}],"curies":[{"name":"wp","href":"https:\/\/api.w.org\/{rel}","templated":true}]}}