{"id":63923,"date":"2024-09-01T04:00:00","date_gmt":"2024-09-01T07:00:00","guid":{"rendered":"https:\/\/grandepremio.com\/br\/noticias\/pato-oward-da-tapa-cara-indy-atesta-incompetencia-subestima-lo\/"},"modified":"2024-09-01T22:28:26","modified_gmt":"2024-09-02T01:28:26","slug":"pato-oward-da-tapa-cara-indy-atesta-incompetencia-subestima-lo","status":"publish","type":"post","link":"https:\/\/grandepremio.com\/br\/indy\/pato-oward-da-tapa-cara-indy-atesta-incompetencia-subestima-lo\/","title":{"rendered":"O&#8217;Ward d\u00e1 tapa na cara de Indy que atesta incompet\u00eancia ao subestim\u00e1-lo"},"content":{"rendered":"\n<p class=\"wp-block-paragraph\">Na mesma semana em que a <strong>Nascar <\/strong>d\u00e1 um grande passo para sua internacionaliza\u00e7\u00e3o e anuncia uma corrida no <strong>M\u00e9xico<\/strong>, <strong>Pato O&#8217;Ward <\/strong><a href=\"https:\/\/www.grandepremio.com\/br\/indy\/noticias\/pato-oward-escapa-de-confusoes-vence-gp-milwaukee-1-indy-alex-palou-5o\/\">d\u00e1 um verdadeiro tapa na cara da<\/a> <strong>Indy<\/strong>. N\u00e3o bastasse a dificuldade da categoria em pensar nos horizontes diferentes e aproveitar uma imensa oportunidade de explorar o potencial mexicano que vive, o piloto da <strong>McLaren <\/strong>se viu em meio a uma infeliz declara\u00e7\u00e3o do diretor-executivo da categoria, <strong>Mark Miles<\/strong>. Em <strong>Milwaukee<\/strong>, deu a melhor resposta que a Indy poderia ouvir.<\/p>\n\n\n\n<p class=\"wp-block-paragraph\">&#8220;Eu digo que \u00e9 claro que Pato n\u00e3o \u00e9 t\u00e3o famoso quanto o \u00faltimo piloto mexicano, o Adrian Fern\u00e1ndez, mas ele est\u00e1 ganhando terreno. Agora, est\u00e1 at\u00e9 em alguns outdoors. Ele provavelmente vai reclamar que eu n\u00e3o o arrastei e que deveria ser a propaganda para fazer o acordo acontecer&#8221;, disse Miles ao jornal Indy Star.<\/p>\n\n\n\n<p class=\"wp-block-paragraph\">A cita\u00e7\u00e3o \u00e9 curiosa. Afinal, n\u00e3o \u00e9 como se Pato tivesse surgido de um dia para o outro. Surgiu nas pr\u00f3prias categorias de base da <strong>Indy <\/strong>com o t\u00edtulo da <strong>Indy Lights <\/strong>em 2018. Causou como\u00e7\u00e3o pela elimina\u00e7\u00e3o no Bump da <strong>Indy 500 <\/strong>em 2019. Depois da passagem fracassada no programa da <strong>Red Bull<\/strong>, virou a escolha da <strong>McLaren <\/strong>e rapidamente se tornou um dos pilotos mais populares da categoria, s\u00f3 crescendo desde a primeira vit\u00f3ria, em 2021.<\/p>\n\n\n\n<p class=\"wp-block-paragraph\"><strong>Inscreva-se nos dois canais do GRANDE PR\u00caMIO no YouTube:\u00a0<a href=\"https:\/\/www.youtube.com\/channel\/UC9OlHEgxoaY6QY6nWPoiqQg?sub_confirmation=1\" target=\"_blank\" rel=\"noreferrer noopener\">GP<\/a>\u00a0|\u00a0<a href=\"https:\/\/www.youtube.com\/channel\/UC9csiS6q_C3C0FYhyr1rnFA?sub_confirmation=1\" target=\"_blank\" rel=\"noreferrer noopener\">GP2<\/a><\/strong><\/p>\n\n\n\n<figure class=\"wp-block-image size-large\"><img decoding=\"async\" src=\"https:\/\/www.grandepremio.com\/br\/wp-content\/uploads\/2024\/09\/Pato-O_Ward-Hy-Vee-Milwaukee-Mile-250-By_-Chris-Owens_Large-Image-Without-Watermark_m116678-1200x800.jpg\" alt=\"\" class=\"wp-image-861616\"\/><figcaption class=\"wp-element-caption\">Pato O&#8217;Ward (Foto: Indycar)<\/figcaption><\/figure>\n\n\n\n<p class=\"wp-block-paragraph\">Pato j\u00e1 bateu na trave duas vezes nas 500 Milhas de Indian\u00e1polis. A derrota na pen\u00faltima curva em 2024, inclusive, gerou mais como\u00e7\u00e3o entre os f\u00e3s do que a pr\u00f3pria vit\u00f3ria de <strong>Josef Newgarden<\/strong>. O&#8217;Ward \u00e9 um fen\u00f4meno com um imenso potencial midi\u00e1tico em um pa\u00eds fervoroso por seus pr\u00f3prios atletas. Como n\u00e3o pensar no amor que <strong>Sergio P\u00e9rez <\/strong>recebe a cada corrida da <strong>F\u00f3rmula 1 <\/strong>por l\u00e1?<\/p>\n\n\n\n<p class=\"wp-block-paragraph\">Como <strong>Daniel Su\u00e1rez<\/strong>, um piloto absolutamente mediano da <strong>Nascar<\/strong>, consegue ser a chave para a categoria fugir da casinha e levar uma corrida at\u00e9 o M\u00e9xico, enquanto Pato n\u00e3o pode? Por qual raz\u00e3o a Indy finge que O&#8217;Ward s\u00f3 surgiu agora e n\u00e3o est\u00e1 h\u00e1 anos consolidado como um dos principais pilotos do campeonato? Os pr\u00f3prios rivais, como <strong>\u00c1lex Palou<\/strong>, reconhecem que \u00e9 um tremendo vacilo n\u00e3o explorar esta possibilidade.<\/p>\n\n\n\n<p class=\"wp-block-paragraph\">&#8220;Todo mundo est\u00e1 nos ultrapassando da esquerda para a direita, da esquerda para a direita. \u00c9 como, &#8216;Vamos l\u00e1'&#8221;. 100% dever\u00edamos estar l\u00e1. Quer dizer, eu sei que \u00e9 dif\u00edcil. Eu sei que n\u00e3o \u00e9 uma jogada f\u00e1cil, mas acho que sab\u00edamos que Pato seria uma grande coisa em 2021 quando ele estava lutando pelo campeonato&#8221;, disse Palou.<\/p>\n\n\n\n<figure class=\"wp-block-image size-large\"><img decoding=\"async\" src=\"https:\/\/www.grandepremio.com\/br\/wp-content\/uploads\/2024\/08\/Hy-Vee-Milwaukee-Mile-250-Saturday_-August-31_-2024_Large-Image-Without-Watermark_m116973-1200x800.jpg\" alt=\"\" class=\"wp-image-861597\"\/><figcaption class=\"wp-element-caption\">Com chap\u00e9u mexicano, Pato O&#8217;Ward celebra vit\u00f3ria na corrida 1 de Milwaukee (Foto: IndyCar)<\/figcaption><\/figure>\n\n\n\n<p class=\"wp-block-paragraph\">A incapacidade da Indy em pensar alto j\u00e1 era evidente. O inesperado foi ver um executivo que est\u00e1 h\u00e1 tanto tempo na categoria abrir a boca para praticamente desrespeitar um de seus principais pilotos para atestar a pr\u00f3pria incompet\u00eancia ao ver que at\u00e9 uma categoria que respira Estados Unidos consegue olhar para mais horizontes do que um campeonato que tem um n\u00edvel t\u00e3o bom e tantos atrativos em termos esportivos.<\/p>\n\n\n\n<p class=\"wp-block-paragraph\">Falando sobre corrida, foi um recital de Pato. Largou muito bem, esteve no pelot\u00e3o da frente, assumiu a lideran\u00e7a ap\u00f3s o primeiro ciclo de paradas e conseguiu evitar problemas e confus\u00f5es. <strong>Colton Herta<\/strong>, por exemplo, n\u00e3o teve a mesma sorte, com a <strong>Andretti <\/strong>vacilando em um pit-stop que n\u00e3o s\u00f3 matou suas chances de vit\u00f3ria, mas tamb\u00e9m limitou a possibilidade de t\u00edtulo.<\/p>\n\n\n\n<p class=\"wp-block-paragraph\">Outro que se deu mal nos infort\u00fanios que a corrida trouxe foi o pole <strong>Scott McLaughlin<\/strong>. Poderia n\u00e3o vencer, mas o erro em n\u00e3o entrar nos boxes junto do pelot\u00e3o na bandeira amarela causada por <strong>Katherine Legge <\/strong>acabou custando pontos que poderiam ser muito valiosos.<\/p>\n\n\n\n<p class=\"wp-block-paragraph\">Longe disso, Pato comandou a corrida e nem se incomodou com a press\u00e3o de <strong>Will Power<\/strong>, desesperado para cortar a vantagem de <strong>\u00c1lex Palou<\/strong>, na reta final. O campeonato ainda sobrevive, mas o quinto lugar do espanhol mostra que s\u00f3 um milagre vai evitar a primeira sequ\u00eancia de campeonatos na Indy desde <strong>Dario Franchitti.<\/strong><\/p>\n","protected":false},"excerpt":{"rendered":"<p>Pato O&#8217;Ward responde, na pista, uma categoria que tenta desmerec\u00ea-lo na tentativa de justificar a pr\u00f3pria incompet\u00eancia em n\u00e3o sediar uma prova no mercado mexicano<\/p>\n","protected":false},"author":0,"featured_media":1000861617,"comment_status":"closed","ping_status":"closed","sticky":false,"template":"","format":"standard","meta":{"42wp_featured_image_caption":"","42wp_featured_image_credits":"","42wp_featured_video":"","42wp_featured_image_hidden":false,"42wp_authors_list":[],"footnotes":""},"categories":[3],"tags":[9828,617,28552,649,6133,1579,1824,334,1825,3144,3475,1491,28285,35361,93,31011,40700,2514,1555,1799,35404,791,27788,3352,1569,25714,29784,40346,408,2188,120,830,732,266,3500,36027,3825,3133],"42wp_author":[47119],"class_list":["post-63923","post","type-post","status-publish","format-standard","has-post-thumbnail","hentry","category-indy","tag-alex-palou","tag-alexander-rossi","tag-calendario-indy","tag-christian-lundgaard","tag-classificacao-indy","tag-colton-herta","tag-conor-daly","tag-david-malukas","tag-ed-carpenter","tag-felix-rosenqvist","tag-graham-rahal","tag-grande-premio","tag-grandepremio","tag-horarios-indy","tag-indy","tag-indy-2024","tag-indy-milwaukee","tag-jack-harvey","tag-josef-newgarden","tag-katherine-legge","tag-kyffin-simpson","tag-kyle-kirkwood","tag-linus-lundqvist","tag-marcus-armstrong","tag-marcus-ericsson","tag-nolan-siegel","tag-onde-assistir-indy","tag-pato-oward-5","tag-pietro-fittipaldi","tag-rinus-veekay","tag-romain-grosjean","tag-santino-ferrucci","tag-scott-dixon","tag-scott-mclaughlin","tag-sting-ray-robb","tag-temporada-2024-da-indy","tag-toby-sowery","tag-will-power","42wp_author-gabriel-carvalho"],"_links":{"self":[{"href":"https:\/\/grandepremio.com\/br\/wp-json\/wp\/v2\/posts\/63923","targetHints":{"allow":["GET"]}}],"collection":[{"href":"https:\/\/grandepremio.com\/br\/wp-json\/wp\/v2\/posts"}],"about":[{"href":"https:\/\/grandepremio.com\/br\/wp-json\/wp\/v2\/types\/post"}],"replies":[{"embeddable":true,"href":"https:\/\/grandepremio.com\/br\/wp-json\/wp\/v2\/comments?post=63923"}],"version-history":[{"count":0,"href":"https:\/\/grandepremio.com\/br\/wp-json\/wp\/v2\/posts\/63923\/revisions"}],"wp:featuredmedia":[{"embeddable":true,"href":"https:\/\/grandepremio.com\/br\/wp-json\/wp\/v2\/media\/1000861617"}],"wp:attachment":[{"href":"https:\/\/grandepremio.com\/br\/wp-json\/wp\/v2\/media?parent=63923"}],"wp:term":[{"taxonomy":"category","embeddable":true,"href":"https:\/\/grandepremio.com\/br\/wp-json\/wp\/v2\/categories?post=63923"},{"taxonomy":"post_tag","embeddable":true,"href":"https:\/\/grandepremio.com\/br\/wp-json\/wp\/v2\/tags?post=63923"},{"taxonomy":"42wp_author","embeddable":true,"href":"https:\/\/grandepremio.com\/br\/wp-json\/wp\/v2\/42wp_author?post=63923"}],"curies":[{"name":"wp","href":"https:\/\/api.w.org\/{rel}","templated":true}]}}