{"id":63973,"date":"2024-08-31T17:12:02","date_gmt":"2024-08-31T20:12:02","guid":{"rendered":"https:\/\/grandepremio.com\/br\/noticias\/scott-mclaughlin-festeja-pole-milwaukee-avisa-tudo-pode-mudar-uma-volta\/"},"modified":"2024-08-31T22:58:56","modified_gmt":"2024-09-01T01:58:56","slug":"scott-mclaughlin-festeja-pole-milwaukee-avisa-tudo-pode-mudar-uma-volta","status":"publish","type":"post","link":"https:\/\/grandepremio.com\/br\/indy\/scott-mclaughlin-festeja-pole-milwaukee-avisa-tudo-pode-mudar-uma-volta\/","title":{"rendered":"McLaughlin festeja pole em Milwaukee, mas avisa: &#8220;Tudo pode mudar em uma volta&#8221;"},"content":{"rendered":"\n<p class=\"wp-block-paragraph\"><strong>Scott McLaughlin<\/strong> quase teve a classifica\u00e7\u00e3o perfeita na rodada dupla de <strong>Milwaukee<\/strong>. O neozeland\u00eas <a href=\"https:\/\/www.grandepremio.com\/br\/indy\/noticias\/scott-mclaughlin-josef-newgarden-ficam-poles-rodada-dupla-indy-milwaukee\/\">registrou a pole da corrida 1<\/a> com 22s508, mas vai sair em segundo na prova que encerra o final de semana da <strong>Indy<\/strong> \u2014 fez 22s708, 0s010 atr\u00e1s de <strong>Josef Newgarden<\/strong>. O piloto do <strong>#3<\/strong> enalteceu o fato de sair nas primeiras posi\u00e7\u00f5es, por\u00e9m, ressaltou que isso n\u00e3o significa muito coisa diante de tamanho equil\u00edbrio na categoria.<\/p>\n\n\n\n<p class=\"wp-block-paragraph\">A classifica\u00e7\u00e3o da Indy para a rodada dupla de Milwaukee funcionou de maneira similar ao que ocorre em <strong>Iowa<\/strong>, que tamb\u00e9m recebe duas provas no mesmo final de semana. Na primeira volta lan\u00e7ada, o tempo vale para o grid da corrida 1, enquanto o segundo giro conta para a etapa que encerra as atividades no oval do <strong>Wisconsin<\/strong>.<\/p>\n\n\n\n<p class=\"wp-block-paragraph\">Enquanto foi perfeito na primeira volta, confirmando a pole-position, McLaughlin admitiu que cometeu um pequeno erro no segundo giro, o que impediu de conquistar as duas posi\u00e7\u00f5es de honra em Milwaukee.<\/p>\n\n\n\n<p class=\"wp-block-paragraph\"><strong>Inscreva-se nos dois canais do GRANDE PR\u00caMIO no YouTube:\u00a0<a href=\"https:\/\/www.youtube.com\/channel\/UC9OlHEgxoaY6QY6nWPoiqQg?sub_confirmation=1\" target=\"_blank\" rel=\"noreferrer noopener\">GP<\/a>\u00a0|\u00a0<a href=\"https:\/\/www.youtube.com\/channel\/UC9csiS6q_C3C0FYhyr1rnFA?sub_confirmation=1\" target=\"_blank\" rel=\"noreferrer noopener\">GP2<\/a><\/strong><br><strong>LEIA TAMB\u00c9M:<\/strong> <a href=\"https:\/\/www.grandepremio.com\/br\/indy\/noticias\/scott-mclaughlin-josef-newgarden-ficam-poles-rodada-dupla-indy-milwaukee\/\">McLaughlin e Newgarden ficam com poles na rodada dupla da Indy em Milwaukee<\/a><\/p>\n\n\n\n<figure class=\"wp-block-image size-large\"><img decoding=\"async\" src=\"https:\/\/www.grandepremio.com\/br\/wp-content\/uploads\/2024\/08\/Scott-McLaughlin-Hy-Vee-Milwaukee-Mile-250-By_-James-Black_Large-Image-Without-Watermark_m116717-1200x800.jpg\" alt=\"\" class=\"wp-image-861432\"\/><figcaption class=\"wp-element-caption\">Scott McLaughlin (Foto: IndyCar)<\/figcaption><\/figure>\n\n\n\n<p class=\"wp-block-paragraph\">&#8220;O carro est\u00e1 \u00f3timo. Muito legal conseguir esse tanto de poles na temporada [cinco ao todo]. Acho que entrei muito forte na curva 3 da segunda volta e escorreguei um pouco, mas um grande trabalho da Penske nesse final de semana. Um come\u00e7o muito s\u00f3lido&#8221;, declarou McLaughlin.<\/p>\n\n\n\n<p class=\"wp-block-paragraph\">&#8220;\u00c9 um grande esfor\u00e7o da Penske at\u00e9 aqui. Estou muito orgulhoso com nosso desempenho. Sabemos o quanto a Indy \u00e9 disputada. Muito bom sair na frente, mas sei que tudo pode mudar em uma volta. Temos uma pole e um segundo lugar [no grid]&#8221;, encerrou.<\/p>\n\n\n\n<p class=\"wp-block-paragraph\">O\u00a0<strong>GP de Milwaukee 1\u00a0<\/strong>tem largada marcada para \u00e0s 19h00 (de Bras\u00edlia, GMT-3) deste s\u00e1bado (31), com cobertura completa do\u00a0<strong>GRANDE PR\u00caMIO<\/strong>. J\u00e1 a segunda corrida est\u00e1 agendada para domingo (1), a partir das 15h30.<\/p>\n\n\n\n<figure class=\"wp-block-embed is-type-video is-provider-youtube wp-block-embed-youtube wp-embed-aspect-16-9 wp-has-aspect-ratio\"><div class=\"wp-block-embed__wrapper\">\n<iframe loading=\"lazy\" title=\"Castroneves &amp;apos;abre&amp;apos; PORTAS para ter mais BRASILEIROS na INDY em 2025 | GP \u00e0s 10\" width=\"500\" height=\"281\" src=\"https:\/\/www.youtube.com\/embed\/nEJrqOWDzq4?feature=oembed\" frameborder=\"0\" allow=\"accelerometer; autoplay; clipboard-write; encrypted-media; gyroscope; picture-in-picture; web-share\" referrerpolicy=\"strict-origin-when-cross-origin\" allowfullscreen><\/iframe>\n<\/div><\/figure>\n","protected":false},"excerpt":{"rendered":"<p>Scott McLaughlin vai sair na frente na corrida 1 e alinha na primeira fila na segunda prova da Indy na rodada dupla de Milwaukee<\/p>\n","protected":false},"author":0,"featured_media":1000861433,"comment_status":"closed","ping_status":"closed","sticky":false,"template":"","format":"standard","meta":{"42wp_featured_image_caption":"","42wp_featured_image_credits":"","42wp_featured_video":"","42wp_featured_image_hidden":false,"42wp_authors_list":[],"footnotes":""},"categories":[3],"tags":[28552,6133,23410,1491,28285,35361,93,31011,40700,29784,265,510,1214,266,36027],"42wp_author":[47155],"class_list":["post-63973","post","type-post","status-publish","format-standard","has-post-thumbnail","hentry","category-indy","tag-calendario-indy","tag-classificacao-indy","tag-gp-de-milwaukee","tag-grande-premio","tag-grandepremio","tag-horarios-indy","tag-indy","tag-indy-2024","tag-indy-milwaukee","tag-onde-assistir-indy","tag-penske","tag-pole","tag-pole-position","tag-scott-mclaughlin","tag-temporada-2024-da-indy","42wp_author-daniel-balsa"],"_links":{"self":[{"href":"https:\/\/grandepremio.com\/br\/wp-json\/wp\/v2\/posts\/63973","targetHints":{"allow":["GET"]}}],"collection":[{"href":"https:\/\/grandepremio.com\/br\/wp-json\/wp\/v2\/posts"}],"about":[{"href":"https:\/\/grandepremio.com\/br\/wp-json\/wp\/v2\/types\/post"}],"replies":[{"embeddable":true,"href":"https:\/\/grandepremio.com\/br\/wp-json\/wp\/v2\/comments?post=63973"}],"version-history":[{"count":0,"href":"https:\/\/grandepremio.com\/br\/wp-json\/wp\/v2\/posts\/63973\/revisions"}],"wp:featuredmedia":[{"embeddable":true,"href":"https:\/\/grandepremio.com\/br\/wp-json\/wp\/v2\/media\/1000861433"}],"wp:attachment":[{"href":"https:\/\/grandepremio.com\/br\/wp-json\/wp\/v2\/media?parent=63973"}],"wp:term":[{"taxonomy":"category","embeddable":true,"href":"https:\/\/grandepremio.com\/br\/wp-json\/wp\/v2\/categories?post=63973"},{"taxonomy":"post_tag","embeddable":true,"href":"https:\/\/grandepremio.com\/br\/wp-json\/wp\/v2\/tags?post=63973"},{"taxonomy":"42wp_author","embeddable":true,"href":"https:\/\/grandepremio.com\/br\/wp-json\/wp\/v2\/42wp_author?post=63973"}],"curies":[{"name":"wp","href":"https:\/\/api.w.org\/{rel}","templated":true}]}}