{"id":64005,"date":"2024-08-31T14:26:12","date_gmt":"2024-08-31T17:26:12","guid":{"rendered":"https:\/\/grandepremio.com\/br\/noticias\/ferrari-aponta-equilibrio-diz-pequenos-detalhes-podem-decidir-gp-italia\/"},"modified":"2024-08-31T15:45:09","modified_gmt":"2024-08-31T18:45:09","slug":"ferrari-aponta-equilibrio-diz-pequenos-detalhes-podem-decidir-gp-italia","status":"publish","type":"post","link":"https:\/\/grandepremio.com\/br\/f1\/ferrari-aponta-equilibrio-diz-pequenos-detalhes-podem-decidir-gp-italia\/","title":{"rendered":"Ferrari aponta equil\u00edbrio e diz que &#8220;pequenos detalhes&#8221; podem decidir GP da It\u00e1lia"},"content":{"rendered":"\n<p class=\"wp-block-paragraph\"><strong>Fr\u00e9d\u00e9ric Vasseur<\/strong> comemorou muito o forte ritmo da <strong>Ferrari<\/strong> em <strong>Monza<\/strong> e tamb\u00e9m a volta por cima que a equipe deu ap\u00f3s o complicado <strong>GP dos Pa\u00edses Baixos<\/strong>, realizado na semana passada. O franc\u00eas destacou a diferen\u00e7a de apenas alguns cent\u00e9simos para a <strong>McLaren<\/strong> e afirmou que o time de Maranello ainda sonha, sim, com o t\u00edtulo do Mundial de Construtores.<\/p>\n\n\n\n<p class=\"wp-block-paragraph\"><strong>Charles Leclerc<\/strong> <a href=\"https:\/\/www.grandepremio.com\/br\/f1\/noticias\/charles-leclerc-diz-podio-gp-italia-seria-bom-apos-classificacao-muito-complicada\/\">foi o mais r\u00e1pido da dupla<\/a> e cravou 1min19s461, ficando 0s134 atr\u00e1s de <strong>Lando Norris<\/strong>, <a href=\"https:\/\/www.grandepremio.com\/br\/f1\/noticias\/lando-norris-celebra-pole-surpreendente-grid-bem-apertado-gp-italia\/\">pole-position<\/a>, e garantindo o quarto lugar. <strong>Carlos Sainz<\/strong>, por sua vez, <a href=\"https:\/\/www.grandepremio.com\/br\/f1\/noticias\/queda-temperatura-ate-mosquito-olho-carlos-sainz-explica-5o-lugar-grid-gp-italia\/\">ficou na quinta posi\u00e7\u00e3o<\/a>, mas quase igualou o tempo do companheiro de equipe, j\u00e1 que a desvantagem para o monegasco foi de apenas 0s006. Se quiserem sonhar com a vit\u00f3ria, ou pelo menos um p\u00f3dio, os vermelhos ter\u00e3o de superar Norris, <strong>Oscar Piastri<\/strong> e <strong>George Russell<\/strong>, que <a href=\"https:\/\/www.grandepremio.com\/br\/f1\/noticias\/lando-norris-ratifica-forca-puxa-1-2-mclaren-grid-gp-italia-max-verstappen-7o\/\">ocupam os primeiros colchetes do grid<\/a>.<\/p>\n\n\n\n<p class=\"wp-block-paragraph\">&#8220;O lado positivo \u00e9 que estamos na disputa, enquanto que na semana passada est\u00e1vamos 0s7 ou 0s8 atr\u00e1s, apesar de termos conseguido nos recuperar na corrida. Agora, por\u00e9m, estamos na briga, mas \u00e9 importante dizer que a corrida \u00e9 longa&#8221;, come\u00e7ou o chefe da Ferrari.<\/p>\n\n\n\n<p class=\"wp-block-paragraph\">&#8220;Temos pouco downforce e isso pode ser positivo para amanh\u00e3, mas, obviamente, deixa o carro mais dif\u00edcil de guiar nestas condi\u00e7\u00f5es e \u00e9 mais f\u00e1cil cometer pequenos erros. Esse foi o pre\u00e7o que pagamos. Mas, no geral, o equil\u00edbrio n\u00e3o estava t\u00e3o ruim. Gostar\u00edamos de estar na primeira fila, mas tudo bem. Quando falamos de alguns cent\u00e9simos, alguns pequenos detalhes podem fazer uma grande diferen\u00e7a&#8221;, continuou.<\/p>\n\n\n\n<figure class=\"wp-block-image size-large\"><img decoding=\"async\" src=\"https:\/\/www.grandepremio.com\/br\/wp-content\/uploads\/2024\/08\/italia-2024-f1-treinos-livres-ferrari-carlos-sainz-afp-04-1200x800.jpg\" alt=\"\" class=\"wp-image-861218\"\/><figcaption class=\"wp-element-caption\">Ferrari ainda sonha em brigar pelo t\u00edtulo do Mundial de Construtores (Foto: AFP) <\/figcaption><\/figure>\n\n\n\n<p class=\"wp-block-paragraph\"><strong><img decoding=\"async\" src=\"https:\/\/a.slack-edge.com\/production-standard-emoji-assets\/14.0\/google-medium\/25b6-fe0f.png\" alt=\":seta_para_frente:\">\u00a0Inscreva-se nos dois canais do GRANDE PR\u00caMIO no YouTube:\u00a0<a href=\"https:\/\/www.youtube.com\/channel\/UC9OlHEgxoaY6QY6nWPoiqQg?sub_confirmation=1\" target=\"_blank\" rel=\"noreferrer noopener\">GP<\/a>\u00a0|\u00a0<a href=\"https:\/\/www.youtube.com\/channel\/UC9csiS6q_C3C0FYhyr1rnFA?sub_confirmation=1\" target=\"_blank\" rel=\"noreferrer noopener\">GP2<\/a><\/strong><br><strong><img decoding=\"async\" src=\"https:\/\/a.slack-edge.com\/production-standard-emoji-assets\/14.0\/google-medium\/25b6-fe0f.png\" alt=\":seta_para_frente:\">\u00a0LEIA TAMB\u00c9M:\u00a0<a href=\"https:\/\/www.grandepremio.com\/br\/f1\/noticias\/lando-norris-ratifica-forca-puxa-1-2-mclaren-grid-gp-italia-max-verstappen-7o\/\">Norris ratifica for\u00e7a e puxa 1-2 da McLaren no grid do GP da It\u00e1lia. Verstappen \u00e9 7\u00ba<\/a><\/strong><\/p>\n\n\n\n<p class=\"wp-block-paragraph\">&#8220;Em <strong>Zandvoort<\/strong> fomos melhores que nossos rivais na quest\u00e3o do desgaste dos pneus, e espero que amanh\u00e3 aconte\u00e7a o mesmo. Mas isso vai depender do ritmo que mantivermos nas primeiras voltas da corrida: se formos cautelosos, talvez vamos fazer apenas uma \u00fanica parada; se em vez disso for\u00e7armos demais, ser\u00e1 dif\u00edcil \u2014 e acho que todos v\u00e3o for\u00e7ar como loucos&#8221;, acrescentou.<\/p>\n\n\n\n<p class=\"wp-block-paragraph\">Prevendo uma guerra de estrat\u00e9gias entre as equipes, Vasseur deixou claro que tudo \u00e9 poss\u00edvel, principalmente com todas apresentando um ritmo t\u00e3o similar. &#8220;Quando voc\u00ea larga da segunda fila e est\u00e1 a 0s1 da pole, tudo \u00e9 poss\u00edvel. N\u00e3o temos margem em rela\u00e7\u00e3o aos outros para jogar com a estrat\u00e9gia. Se for\u00e7armos muito, teremos de avaliar se precisamos tomar a decis\u00e3o de fazer duas paradas&#8221;, repetiu.<\/p>\n\n\n\n<p class=\"wp-block-paragraph\">Apesar de a luta no campeonato estar centrada entre <strong>Max Verstappen<\/strong> e Norris, o comandante da Ferrari deixou claro que a escuderia italiana ainda tem chances de conquistar os dois t\u00edtulos, principalmente <a href=\"https:\/\/www.grandepremio.com\/br\/f1\/classificacao\/\">o do Mundial de Construtores<\/a>.<\/p>\n\n\n\n<p class=\"wp-block-paragraph\">&#8220;Luta entre Max e Lando? N\u00e3o me importo, penso na Ferrari. N\u00e3o estamos muito longe nos dois campeonatos, principalmente no de Construtores. Ningu\u00e9m sabe o que vai acontecer, ainda faltam 500 pontos, ent\u00e3o est\u00e1 tudo em aberto, vamos focar s\u00f3 em n\u00f3s mesmos&#8221;, finalizou.<\/p>\n\n\n\n<p class=\"wp-block-paragraph\">O\u00a0<strong>GRANDE PR\u00caMIO<\/strong>\u00a0acompanha\u00a0<a href=\"https:\/\/www.grandepremio.com\/br\/ao-vivo\/f1\/\" target=\"_blank\" rel=\"noreferrer noopener\"><strong>AO VIVO<\/strong>\u00a0e\u00a0<strong>EM\u00a0<\/strong><\/a><strong><a href=\"https:\/\/www.grandepremio.com\/br\/ao-vivo\/\" target=\"_blank\" rel=\"noreferrer noopener\">TEMPO REAL<\/a><\/strong>\u00a0todas as atividades do\u00a0<strong>GP da It\u00e1lia\u00a0<\/strong>de\u00a0<a href=\"https:\/\/www.grandepremio.com\/br\/f1\/\" target=\"_blank\" rel=\"noreferrer noopener\">F\u00f3rmula 1<\/a>\u00a0e transmite classifica\u00e7\u00e3o e corrida em segunda tela, em parceria com a Voz do Esporte, na\u00a0<strong><a href=\"https:\/\/www.youtube.com\/c\/GrandePremioTV\/streams\" target=\"_blank\" rel=\"noreferrer noopener\">GPTV, o canal do GP no Youtube<\/a><\/strong>. Al\u00e9m disso, debate tudo que aconteceu na pista com o\u00a0<strong>Briefing\u00a0<\/strong>ap\u00f3s treinos livres e classifica\u00e7\u00e3o, al\u00e9m de antes e depois da corrida. No domingo (1\u00ba), os pilotos disputam a\u00a0<strong>corrida\u00a0<\/strong>em\u00a0<strong><a href=\"https:\/\/www.grandepremio.com\/br\/circuito\/monza\/\" target=\"_blank\" rel=\"noreferrer noopener\">Monza<\/a>\u00a0<\/strong>a partir das\u00a0<strong>10h<\/strong>\u00a0(de Bras\u00edlia, GMT-3).<\/p>\n\n\n\n<figure class=\"wp-block-embed is-type-video is-provider-youtube wp-block-embed-youtube wp-embed-aspect-16-9 wp-has-aspect-ratio\"><div class=\"wp-block-embed__wrapper\">\n<iframe loading=\"lazy\" title=\"NORRIS POLE EM 1-2 da McLAREN NA IT\u00c1LIA. VERSTAPPEN S\u00d3 7\u00ba no GRID DE LARGADA NA IT\u00c1LIA | Briefing\" width=\"500\" height=\"281\" src=\"https:\/\/www.youtube.com\/embed\/ECurg3RGQvA?feature=oembed\" frameborder=\"0\" allow=\"accelerometer; autoplay; clipboard-write; encrypted-media; gyroscope; picture-in-picture; web-share\" referrerpolicy=\"strict-origin-when-cross-origin\" allowfullscreen><\/iframe>\n<\/div><\/figure>\n","protected":false},"excerpt":{"rendered":"<p>Fr\u00e9d\u00e9ric Vasseur discutiu poss\u00edveis estrat\u00e9gias para o GP da It\u00e1lia e deixou claro que a Ferrari espera conquistar um bom resultado para entrar de vez na briga pelo Mundial de Construtores<\/p>\n","protected":false},"author":0,"featured_media":1000860979,"comment_status":"closed","ping_status":"closed","sticky":false,"template":"","format":"standard","meta":{"42wp_featured_image_caption":"","42wp_featured_image_credits":"","42wp_featured_video":"","42wp_featured_image_hidden":false,"42wp_authors_list":[],"footnotes":""},"categories":[2],"tags":[5660,969,147,3230,642,160,207,180,30909,1322,24898,39711,1491,30103,28285,1737],"42wp_author":[47160],"class_list":["post-64005","post","type-post","status-publish","format-standard","has-post-thumbnail","hentry","category-f1","tag-classificacao","tag-corrida","tag-f1","tag-f1-2024","tag-f1-ao-vivo","tag-f1-tv","tag-ferrari","tag-formula-1","tag-formula-1-2024","tag-frederic-vasseur","tag-gp-da-italia","tag-gp-da-italia-2024","tag-grande-premio","tag-grande-premio-f1","tag-grandepremio","tag-monza","42wp_author-vicente-soella"],"_links":{"self":[{"href":"https:\/\/grandepremio.com\/br\/wp-json\/wp\/v2\/posts\/64005","targetHints":{"allow":["GET"]}}],"collection":[{"href":"https:\/\/grandepremio.com\/br\/wp-json\/wp\/v2\/posts"}],"about":[{"href":"https:\/\/grandepremio.com\/br\/wp-json\/wp\/v2\/types\/post"}],"replies":[{"embeddable":true,"href":"https:\/\/grandepremio.com\/br\/wp-json\/wp\/v2\/comments?post=64005"}],"version-history":[{"count":0,"href":"https:\/\/grandepremio.com\/br\/wp-json\/wp\/v2\/posts\/64005\/revisions"}],"wp:featuredmedia":[{"embeddable":true,"href":"https:\/\/grandepremio.com\/br\/wp-json\/wp\/v2\/media\/1000860979"}],"wp:attachment":[{"href":"https:\/\/grandepremio.com\/br\/wp-json\/wp\/v2\/media?parent=64005"}],"wp:term":[{"taxonomy":"category","embeddable":true,"href":"https:\/\/grandepremio.com\/br\/wp-json\/wp\/v2\/categories?post=64005"},{"taxonomy":"post_tag","embeddable":true,"href":"https:\/\/grandepremio.com\/br\/wp-json\/wp\/v2\/tags?post=64005"},{"taxonomy":"42wp_author","embeddable":true,"href":"https:\/\/grandepremio.com\/br\/wp-json\/wp\/v2\/42wp_author?post=64005"}],"curies":[{"name":"wp","href":"https:\/\/api.w.org\/{rel}","templated":true}]}}