{"id":64108,"date":"2024-08-31T06:39:38","date_gmt":"2024-08-31T09:39:38","guid":{"rendered":"https:\/\/grandepremio.com\/br\/noticias\/mercedes-festeja-dupla-perfeita-diz-salto-andrea-kimi-antonelli-prova-forca-academia\/"},"modified":"2024-08-31T12:47:06","modified_gmt":"2024-08-31T15:47:06","slug":"mercedes-festeja-dupla-perfeita-diz-salto-andrea-kimi-antonelli-prova-forca-academia","status":"publish","type":"post","link":"https:\/\/grandepremio.com\/br\/f1\/mercedes-festeja-dupla-perfeita-diz-salto-andrea-kimi-antonelli-prova-forca-academia\/","title":{"rendered":"Mercedes festeja &#8220;dupla perfeita&#8221; e diz que salto de Antonelli &#8220;prova for\u00e7a de academia&#8221;"},"content":{"rendered":"\n<p class=\"wp-block-paragraph\">J\u00e1 n\u00e3o era mais surpresa desde que <strong>Toto Wolff<\/strong> confirmou em entrevista que <strong>Andrea Kimi Antonelli <\/strong>estaria mesmo ao lado de<strong> George Russell <\/strong>na <strong>Mercedes <\/strong>na <strong>temporada 2025<\/strong> da <strong>F\u00f3rmula 1<\/strong>, por\u00e9m a formaliza\u00e7\u00e3o da chegada mete\u00f3rica do pupilo ao grid veio <a href=\"https:\/\/www.grandepremio.com\/br\/f1\/noticias\/mercedes-confirma-subida-meteorica-anuncia-andrea-kimi-antonelli-vaga-lewis-hamilton-f1-2025\/\">na manh\u00e3 deste s\u00e1bado (31)<\/a>. O chef\u00e3o mais uma vez citou a velocidade do jovem italiano e confia que o time tem nas m\u00e3os uma &#8220;dupla perfeita para o pr\u00f3ximo cap\u00edtulo&#8221;.<\/p>\n\n\n\n<p class=\"wp-block-paragraph\">Antonelli vai preencher o assento que ser\u00e1 deixado por <strong>Lewis Hamilton<\/strong> ao final deste ano ap\u00f3s 12 temporadas. Kimi, na verdade, sempre esteve entre as primeiras op\u00e7\u00f5es da Mercedes, s\u00f3 que o principal oponente nos sonhos de Wolff era ningu\u00e9m menos que <strong>Max Verstappen<\/strong>. E o dirigente tentou de todas as formas roubar o piloto da<strong> Red Bull<\/strong>, mas sem sucesso.<\/p>\n\n\n\n<p class=\"wp-block-paragraph\">Antonelli ainda chegou a ser sondado para estrear na F1 ainda em 2024, s\u00f3 que na <strong>Williams<\/strong>, no lugar de <strong>Logan Sargeant<\/strong>. Na ocasi\u00e3o, todavia, Toto deixou claro que a hip\u00f3tese era fora de cogita\u00e7\u00e3o. Assim que completou 18 anos, no \u00faltimo domingo (25), Kimi recebeu de &#8216;presente&#8217; a participa\u00e7\u00e3o no <strong>TL1 <\/strong>do <strong>GP da It\u00e1lia<\/strong> \u2014 que n\u00e3o saiu conforme o esperado por conta da batida logo no in\u00edcio, mas a boa volta j\u00e1 na primeira tentativa arrancou elogios do chef\u00e3o.<\/p>\n\n\n\n<p class=\"wp-block-paragraph\">&#8220;Nossa dupla de pilotos para 2025 combina experi\u00eancia, talento, juventude e velocidade pura&#8221;, come\u00e7ou Wolff no comunicado oficial da Mercedes. &#8220;Estamos empolgados para ver o que George e Kimi v\u00e3o entregar como pilotos, mas tamb\u00e9m como companheiros&#8221;, acrescentou. <\/p>\n\n\n\n<figure class=\"wp-block-image size-full\"><img decoding=\"async\" src=\"https:\/\/www.grandepremio.com\/br\/wp-content\/uploads\/2024\/08\/unnamed-1.jpg\" alt=\"\" class=\"wp-image-852375\"\/><figcaption class=\"wp-element-caption\">Andrea Kimi Antonelli vai entrar no grid da F1 em 2025 (Foto: Prema)<\/figcaption><\/figure>\n\n\n\n<p class=\"wp-block-paragraph\">&#8220;Nossa dupla \u00e9 perfeita para o pr\u00f3ximo cap\u00edtulo em nossa hist\u00f3ria. \u00c9 tamb\u00e9m uma prova da for\u00e7a de nosso programa de jovens e da confian\u00e7a em nossos talentos&#8221;, enfatizou Wolff, reconhecendo que apostar em Antonelli \u00e9 um risco, mas ele ter\u00e1 todo o suporte necess\u00e1rio.<\/p>\n\n\n\n<p class=\"wp-block-paragraph\">\u201cKimi constantemente mostrou velocidade e talento necess\u00e1rios para competir em alto n\u00edvel no nosso esporte. Sabemos que \u00e9 um grande salto, mas ele impressionou nos testes este ano e ter\u00e1 apoio em todos os passos dessa jornada de aprendizado\u201d, encerrou.<\/p>\n\n\n\n<p class=\"wp-block-paragraph\">Com a confirma\u00e7\u00e3o de Antonelli, agora restam duas vagas no grid da F1 2025: uma na <strong>Sauber <\/strong>e uma na <strong>RB<\/strong>. <strong>Daniel Ricciardo<\/strong>, <strong>Liam Lawson<\/strong>, <strong>Valtteri Bottas <\/strong>e <strong>Gabriel Bortoleto<\/strong> est\u00e3o entre os candidatos.<\/p>\n\n\n\n<p class=\"wp-block-paragraph\">O\u00a0<strong>GRANDE PR\u00caMIO<\/strong>\u00a0acompanha\u00a0<a href=\"https:\/\/www.grandepremio.com\/br\/ao-vivo\/f1\/\" target=\"_blank\" rel=\"noreferrer noopener\"><strong>AO VIVO<\/strong>\u00a0e\u00a0<strong>EM\u00a0<\/strong><\/a><strong><a href=\"https:\/\/www.grandepremio.com\/br\/ao-vivo\/\" target=\"_blank\" rel=\"noreferrer noopener\">TEMPO REAL<\/a><\/strong>\u00a0todas as atividades do\u00a0<strong>GP da It\u00e1lia\u00a0<\/strong>de\u00a0<a href=\"https:\/\/www.grandepremio.com\/br\/f1\/\" target=\"_blank\" rel=\"noreferrer noopener\">F\u00f3rmula 1<\/a>\u00a0e transmite classifica\u00e7\u00e3o e corrida em segunda tela, em parceria com a Voz do Esporte, na\u00a0<strong><a href=\"https:\/\/www.youtube.com\/c\/GrandePremioTV\/streams\" target=\"_blank\" rel=\"noreferrer noopener\">GPTV, o canal do GP no Youtube<\/a><\/strong>. Al\u00e9m disso, debate tudo que aconteceu na pista com o\u00a0<strong>Briefing\u00a0<\/strong>ap\u00f3s treinos livres e classifica\u00e7\u00e3o, al\u00e9m de antes e depois da corrida. No s\u00e1bado (31), o\u00a0<strong>TL3<\/strong>\u00a0abre o dia \u00e0s\u00a0<strong>7h30<\/strong>\u00a0(de Bras\u00edlia), ao passo que a\u00a0<strong>classifica\u00e7\u00e3o\u00a0<\/strong>ser\u00e1 \u00e0s\u00a0<strong>11h<\/strong>. Por fim, no domingo (1\u00ba), os pilotos disputam a\u00a0<strong>corrida\u00a0<\/strong>em\u00a0<strong><a href=\"https:\/\/www.grandepremio.com\/br\/circuito\/monza\/\" target=\"_blank\" rel=\"noreferrer noopener\">Monza<\/a>\u00a0<\/strong>a partir das\u00a0<strong>10h<\/strong>.<\/p>\n\n\n\n<p class=\"wp-block-paragraph\"><strong><img decoding=\"async\" src=\"https:\/\/a.slack-edge.com\/production-standard-emoji-assets\/14.0\/google-medium\/25b6-fe0f.png\" alt=\":seta_para_frente:\">\u00a0Inscreva-se nos dois canais do GRANDE PR\u00caMIO no YouTube:\u00a0<a href=\"https:\/\/www.youtube.com\/channel\/UC9OlHEgxoaY6QY6nWPoiqQg?sub_confirmation=1\" target=\"_blank\" rel=\"noreferrer noopener\">GP<\/a>\u00a0|\u00a0<a href=\"https:\/\/www.youtube.com\/channel\/UC9csiS6q_C3C0FYhyr1rnFA?sub_confirmation=1\" target=\"_blank\" rel=\"noreferrer noopener\">GP2<\/a><\/strong><br><strong><img decoding=\"async\" src=\"https:\/\/a.slack-edge.com\/production-standard-emoji-assets\/14.0\/google-medium\/25b6-fe0f.png\" alt=\":seta_para_frente:\">\u00a0LEIA TAMB\u00c9M: <a href=\"https:\/\/www.grandepremio.com\/br\/f1\/noticias\/mercedes-oficializa-andrea-kimi-antonelli-deixa-grid-formula-1-2025-duas-vagas-abertas\/\">Mercedes oficializa Antonelli e deixa grid da F\u00f3rmula 1 2025 com duas vagas abertas<\/a><\/strong><\/p>\n\n\n\n<figure class=\"wp-block-embed is-type-video is-provider-youtube wp-block-embed-youtube wp-embed-aspect-16-9 wp-has-aspect-ratio\"><div class=\"wp-block-embed__wrapper\">\n<iframe loading=\"lazy\" title=\"HAMILTON LIDERA, VERSTAPPEN 14\u00ba E ANTONELLI BATE: os treinos da F1 2024 em MONZA | Briefing\" width=\"500\" height=\"281\" src=\"https:\/\/www.youtube.com\/embed\/-7W0EzbZxLc?feature=oembed\" frameborder=\"0\" allow=\"accelerometer; autoplay; clipboard-write; encrypted-media; gyroscope; picture-in-picture; web-share\" referrerpolicy=\"strict-origin-when-cross-origin\" allowfullscreen><\/iframe>\n<\/div><\/figure>\n","protected":false},"excerpt":{"rendered":"<p>Chefe da Mercedes, Toto Wolff disse que a dupla Andrea Kimi Antonelli e George Russell combina &#8220;experi\u00eancia, talento, juventude e velocidade pura&#8221;<\/p>\n","protected":false},"author":0,"featured_media":1000860729,"comment_status":"closed","ping_status":"closed","sticky":false,"template":"","format":"standard","meta":{"42wp_featured_image_caption":"","42wp_featured_image_credits":"","42wp_featured_video":"","42wp_featured_image_hidden":false,"42wp_authors_list":[],"footnotes":""},"categories":[2],"tags":[27861,26271,5273,147,3230,180,30909,24898,40688,1491,28285,30840,17313,40686,28045,82,1737,40687,32394,35129,33301],"42wp_author":[47147],"class_list":["post-64108","post","type-post","status-publish","format-standard","has-post-thumbnail","hentry","category-f1","tag-andrea-kimi-antonelli","tag-calendario-f1","tag-classificacao-f1","tag-f1","tag-f1-2024","tag-formula-1","tag-formula-1-2024","tag-gp-da-italia","tag-gp-da-italia-f1","tag-grande-premio","tag-grandepremio","tag-horarios-f1","tag-italia","tag-italia-2024","tag-italia-f1","tag-mercedes","tag-monza","tag-monza-2024","tag-monza-f1","tag-onde-assistir-f1","tag-temporada-2024-f1","42wp_author-luana-marino"],"_links":{"self":[{"href":"https:\/\/grandepremio.com\/br\/wp-json\/wp\/v2\/posts\/64108","targetHints":{"allow":["GET"]}}],"collection":[{"href":"https:\/\/grandepremio.com\/br\/wp-json\/wp\/v2\/posts"}],"about":[{"href":"https:\/\/grandepremio.com\/br\/wp-json\/wp\/v2\/types\/post"}],"replies":[{"embeddable":true,"href":"https:\/\/grandepremio.com\/br\/wp-json\/wp\/v2\/comments?post=64108"}],"version-history":[{"count":0,"href":"https:\/\/grandepremio.com\/br\/wp-json\/wp\/v2\/posts\/64108\/revisions"}],"wp:featuredmedia":[{"embeddable":true,"href":"https:\/\/grandepremio.com\/br\/wp-json\/wp\/v2\/media\/1000860729"}],"wp:attachment":[{"href":"https:\/\/grandepremio.com\/br\/wp-json\/wp\/v2\/media?parent=64108"}],"wp:term":[{"taxonomy":"category","embeddable":true,"href":"https:\/\/grandepremio.com\/br\/wp-json\/wp\/v2\/categories?post=64108"},{"taxonomy":"post_tag","embeddable":true,"href":"https:\/\/grandepremio.com\/br\/wp-json\/wp\/v2\/tags?post=64108"},{"taxonomy":"42wp_author","embeddable":true,"href":"https:\/\/grandepremio.com\/br\/wp-json\/wp\/v2\/42wp_author?post=64108"}],"curies":[{"name":"wp","href":"https:\/\/api.w.org\/{rel}","templated":true}]}}