{"id":64161,"date":"2024-08-30T19:20:09","date_gmt":"2024-08-30T22:20:09","guid":{"rendered":"https:\/\/grandepremio.com\/br\/noticias\/mercedes-defende-mick-schumacher-diz-chefe-williams-poderia-ter-evitado-cutucada\/"},"modified":"2024-08-30T19:59:46","modified_gmt":"2024-08-30T22:59:46","slug":"mercedes-defende-mick-schumacher-diz-chefe-williams-poderia-ter-evitado-cutucada","status":"publish","type":"post","link":"https:\/\/grandepremio.com\/br\/f1\/mercedes-defende-mick-schumacher-diz-chefe-williams-poderia-ter-evitado-cutucada\/","title":{"rendered":"Mercedes defende Schumacher e diz que chefe da Williams &#8220;poderia ter evitado&#8221; cutucada"},"content":{"rendered":"\n<p class=\"wp-block-paragraph\"><strong>Toto Wolff<\/strong> realmente n\u00e3o gostou em nada das declara\u00e7\u00f5es de <strong>James Vowles<\/strong> sobre <strong>Mick Schumacher<\/strong>. Ap\u00f3s o chefe da <strong>Williams<\/strong> dizer que o alem\u00e3o <a href=\"https:\/\/www.grandepremio.com\/br\/f1\/noticias\/williams-justifica-escolha-franco-colapinto-diz-mick-schumacher-nao-e-especial\/\">&#8220;n\u00e3o \u00e9 um piloto especial&#8221;<\/a> e que, por isso, decidiu colocar <strong>Franco Colapinto<\/strong> no lugar de <strong>Logan Sargeant<\/strong> para o restante da temporada 2024 da <strong>F\u00f3rmula 1<\/strong>, o mandat\u00e1rio da <strong>Mercedes<\/strong> afirmou que seria melhor para o colega de profiss\u00e3o ter ficado em sil\u00eancio.<\/p>\n\n\n\n<p class=\"wp-block-paragraph\">Tudo come\u00e7ou quando, durante as entrevistas que antecedem o <strong>GP da It\u00e1lia<\/strong>, Vowles foi questionado pela revista inglesa <em>Autosport<\/em> sobre os motivos de n\u00e3o ter escolhido <a href=\"https:\/\/www.grandepremio.com\/br\/f1\/noticias\/mercedes-red-bull-colocam-mick-schumacher-liam-lawson-disposicao-williams\/\">algu\u00e9m com mais experi\u00eancia na classe rainha<\/a> para assumir a vaga deixada pelo norte-americano. Falando das op\u00e7\u00f5es que estavam dispon\u00edveis, o l\u00edder do time de Grove explicou que n\u00e3o conseguiu fechar um acordo com a <strong>Red Bull<\/strong> para ter <strong>Liam Lawson<\/strong>, enquanto que, por outro lado, classificou Schumacher como um &#8220;piloto comum&#8221;, n\u00e3o vendo vantagem em contar com pupilo das Flechas de Prata.<\/p>\n\n\n\n<p class=\"wp-block-paragraph\">Ap\u00f3s competir por duas temporadas na <strong>F1<\/strong>, em 2021 e 2022, Mick foi descartado por <strong>Guenther Steiner<\/strong> para dar espa\u00e7o a <strong>Nico H\u00fclkenberg<\/strong>, j\u00e1 que a <strong>Haas<\/strong> estava procurando outro nome experiente para colocar ao lado de <strong>Kevin Magnussen<\/strong>. Desde ent\u00e3o, o jovem de 25 anos foi acolhido por Wolff, que tenta de todas as formas encontrar um caminho para colocar o filho de <strong>Michael Schumacher<\/strong> de volta no grid. O alem\u00e3o tamb\u00e9m compete pela <strong>Alpine<\/strong> no <strong>Mundial de Endurance<\/strong> (<strong>WEC<\/strong>).<\/p>\n\n\n\n<p class=\"wp-block-paragraph\">&#8220;Obviamente conhe\u00e7o James h\u00e1 muitos anos, ele \u00e9 um estrategista. \u00c0s vezes ele diz as coisas de forma muito direta. Essa era uma declara\u00e7\u00e3o que ele poderia ter evitado&#8221;, disse o chefe da Mercedes em conversa com a emissora brit\u00e2nica <em>Sky Sports<\/em>.<\/p>\n\n\n\n<figure class=\"wp-block-image size-large\"><img decoding=\"async\" src=\"https:\/\/www.grandepremio.com\/br\/wp-content\/uploads\/2023\/06\/mick-schumacher-teste-barcelona-f1-2023-10-1024x683.jpg\" alt=\"Mick Schumacher andou com o W14 em teste de pneus em Barcelona nesta quarta-feira (07) (Foto: Mercedes\/Divulga\u00e7\u00e3o)\" class=\"wp-image-692449\"\/><figcaption class=\"wp-element-caption\">Mercedes reprovou declara\u00e7\u00e3o de James Vowles sobre Mick Schumacher (Foto: Mercedes)<\/figcaption><\/figure>\n\n\n\n<p class=\"wp-block-paragraph\"><strong><img decoding=\"async\" src=\"https:\/\/a.slack-edge.com\/production-standard-emoji-assets\/14.0\/google-medium\/25b6-fe0f.png\" alt=\":seta_para_frente:\">&nbsp;Inscreva-se nos dois canais do GRANDE PR\u00caMIO no YouTube:&nbsp;<a href=\"https:\/\/www.youtube.com\/channel\/UC9OlHEgxoaY6QY6nWPoiqQg?sub_confirmation=1\" target=\"_blank\" rel=\"noreferrer noopener\">GP<\/a>&nbsp;|&nbsp;<a href=\"https:\/\/www.youtube.com\/channel\/UC9csiS6q_C3C0FYhyr1rnFA?sub_confirmation=1\" target=\"_blank\" rel=\"noreferrer noopener\">GP2<\/a><\/strong><br><strong><img decoding=\"async\" src=\"https:\/\/a.slack-edge.com\/production-standard-emoji-assets\/14.0\/google-medium\/25b6-fe0f.png\" alt=\":seta_para_frente:\">&nbsp;LEIA TAMB\u00c9M:&nbsp;<a href=\"https:\/\/www.grandepremio.com\/br\/f1\/noticias\/lewis-hamilton-bate-lando-norris-0s003-poe-mercedes-lideranca-tl2-gp-italia\/\">Hamilton bate Norris por 0s003 e p\u00f5e Mercedes na lideran\u00e7a do TL2 do GP da It\u00e1lia<\/a><\/strong><\/p>\n\n\n\n<p class=\"wp-block-paragraph\">&#8220;Mick venceu tudo o que havia para vencer, desde a <strong>F4<\/strong>, <strong>F3<\/strong> e <strong>F2<\/strong>. E ent\u00e3o, \u00e9 claro, trabalhou em um ambiente com Guenther, que \u00e9 brutalmente duro e, talvez, n\u00e3o fosse isso que ele precisava para se desenvolver como piloto&#8221;, continuou.<\/p>\n\n\n\n<p class=\"wp-block-paragraph\">&#8220;\u00c9 por isso que ele merecia essa chance. Se voc\u00ea opta por n\u00e3o fazer isso, ent\u00e3o n\u00e3o deveria comentar mais sobre o assunto, mas, sim, deixar todo mundo seguir a vida. Essa \u00e9 minha opini\u00e3o&#8221;, finalizou Wolff.<\/p>\n\n\n\n<p class=\"wp-block-paragraph\">O&nbsp;<strong>GRANDE PR\u00caMIO<\/strong>&nbsp;acompanha&nbsp;<a href=\"https:\/\/www.grandepremio.com\/br\/ao-vivo\/f1\/\" target=\"_blank\" rel=\"noreferrer noopener\"><strong>AO VIVO<\/strong>&nbsp;e&nbsp;<strong>EM&nbsp;<\/strong><\/a><strong><a href=\"https:\/\/www.grandepremio.com\/br\/ao-vivo\/\" target=\"_blank\" rel=\"noreferrer noopener\">TEMPO REAL<\/a><\/strong>&nbsp;todas as atividades do&nbsp;<strong>GP da It\u00e1lia&nbsp;<\/strong>de&nbsp;<a href=\"https:\/\/www.grandepremio.com\/br\/f1\/\" target=\"_blank\" rel=\"noreferrer noopener\">F\u00f3rmula 1<\/a>&nbsp;e transmite classifica\u00e7\u00e3o e corrida em segunda tela, em parceria com a Voz do Esporte, na&nbsp;<strong><a href=\"https:\/\/www.youtube.com\/c\/GrandePremioTV\/streams\" target=\"_blank\" rel=\"noreferrer noopener\">GPTV, o canal do GP no Youtube<\/a><\/strong>. Al\u00e9m disso, debate tudo que aconteceu na pista com o&nbsp;<strong>Briefing&nbsp;<\/strong>ap\u00f3s treinos livres e classifica\u00e7\u00e3o, al\u00e9m de antes e depois da corrida. No s\u00e1bado (31), o&nbsp;<strong>TL3<\/strong>&nbsp;abre o dia \u00e0s&nbsp;<strong>7h30<\/strong>&nbsp;(de Bras\u00edlia), ao passo que a&nbsp;<strong>classifica\u00e7\u00e3o&nbsp;<\/strong>ser\u00e1 \u00e0s&nbsp;<strong>11h<\/strong>. Por fim, no domingo (1\u00ba), os pilotos disputam a&nbsp;<strong>corrida&nbsp;<\/strong>em&nbsp;<strong><a href=\"https:\/\/www.grandepremio.com\/br\/circuito\/monza\/\" target=\"_blank\" rel=\"noreferrer noopener\">Monza<\/a>&nbsp;<\/strong>a partir das&nbsp;<strong>10h<\/strong>.<\/p>\n\n\n\n<figure class=\"wp-block-embed is-type-video is-provider-youtube wp-block-embed-youtube wp-embed-aspect-16-9 wp-has-aspect-ratio\"><div class=\"wp-block-embed__wrapper\">\n<iframe loading=\"lazy\" title=\"HAMILTON LIDERA, VERSTAPPEN 14\u00ba E ANTONELLI BATE: os treinos da F1 2024 em MONZA | Briefing\" width=\"500\" height=\"281\" src=\"https:\/\/www.youtube.com\/embed\/-7W0EzbZxLc?feature=oembed\" frameborder=\"0\" allow=\"accelerometer; autoplay; clipboard-write; encrypted-media; gyroscope; picture-in-picture; web-share\" referrerpolicy=\"strict-origin-when-cross-origin\" allowfullscreen><\/iframe>\n<\/div><\/figure>\n","protected":false},"excerpt":{"rendered":"<p>Toto Wolff n\u00e3o ficou nada satisfeito com a declara\u00e7\u00e3o de James Vowles sobre Mick Schumacher &#8220;n\u00e3o ser um piloto especial&#8221; e retrucou o comandante da Williams. De acordo com o chefe da Mercedes, seria melhor para o colega de profiss\u00e3o ter ficado em sil\u00eancio<\/p>\n","protected":false},"author":0,"featured_media":1000796660,"comment_status":"closed","ping_status":"closed","sticky":false,"template":"","format":"standard","meta":{"42wp_featured_image_caption":"","42wp_featured_image_credits":"","42wp_featured_video":"","42wp_featured_image_hidden":false,"42wp_authors_list":[],"footnotes":""},"categories":[2],"tags":[5660,969,147,3230,642,160,180,30909,24898,39711,1491,30103,28285,4149,82,1737,150,215],"42wp_author":[47160],"class_list":["post-64161","post","type-post","status-publish","format-standard","has-post-thumbnail","hentry","category-f1","tag-classificacao","tag-corrida","tag-f1","tag-f1-2024","tag-f1-ao-vivo","tag-f1-tv","tag-formula-1","tag-formula-1-2024","tag-gp-da-italia","tag-gp-da-italia-2024","tag-grande-premio","tag-grande-premio-f1","tag-grandepremio","tag-james-vowles","tag-mercedes","tag-monza","tag-toto-wolff","tag-williams","42wp_author-vicente-soella"],"_links":{"self":[{"href":"https:\/\/grandepremio.com\/br\/wp-json\/wp\/v2\/posts\/64161","targetHints":{"allow":["GET"]}}],"collection":[{"href":"https:\/\/grandepremio.com\/br\/wp-json\/wp\/v2\/posts"}],"about":[{"href":"https:\/\/grandepremio.com\/br\/wp-json\/wp\/v2\/types\/post"}],"replies":[{"embeddable":true,"href":"https:\/\/grandepremio.com\/br\/wp-json\/wp\/v2\/comments?post=64161"}],"version-history":[{"count":0,"href":"https:\/\/grandepremio.com\/br\/wp-json\/wp\/v2\/posts\/64161\/revisions"}],"wp:featuredmedia":[{"embeddable":true,"href":"https:\/\/grandepremio.com\/br\/wp-json\/wp\/v2\/media\/1000796660"}],"wp:attachment":[{"href":"https:\/\/grandepremio.com\/br\/wp-json\/wp\/v2\/media?parent=64161"}],"wp:term":[{"taxonomy":"category","embeddable":true,"href":"https:\/\/grandepremio.com\/br\/wp-json\/wp\/v2\/categories?post=64161"},{"taxonomy":"post_tag","embeddable":true,"href":"https:\/\/grandepremio.com\/br\/wp-json\/wp\/v2\/tags?post=64161"},{"taxonomy":"42wp_author","embeddable":true,"href":"https:\/\/grandepremio.com\/br\/wp-json\/wp\/v2\/42wp_author?post=64161"}],"curies":[{"name":"wp","href":"https:\/\/api.w.org\/{rel}","templated":true}]}}