{"id":64195,"date":"2024-08-30T15:54:31","date_gmt":"2024-08-30T18:54:31","guid":{"rendered":"https:\/\/grandepremio.com\/br\/noticias\/sergio-perez-relata-problemas-mecanicos-diz-gp-italia-sera-mais-dificil-que-esperava\/"},"modified":"2024-08-30T16:17:36","modified_gmt":"2024-08-30T19:17:36","slug":"sergio-perez-relata-problemas-mecanicos-diz-gp-italia-sera-mais-dificil-que-esperava","status":"publish","type":"post","link":"https:\/\/grandepremio.com\/br\/f1\/sergio-perez-relata-problemas-mecanicos-diz-gp-italia-sera-mais-dificil-que-esperava\/","title":{"rendered":"P\u00e9rez relata &#8220;problemas mec\u00e2nicos&#8221; e diz que GP da It\u00e1lia &#8220;ser\u00e1 mais dif\u00edcil do que esperava&#8221;"},"content":{"rendered":"\n<p class=\"wp-block-paragraph\">Mesmo optando por seguir um caminho diferente de desenvolvimento, <a href=\"https:\/\/www.grandepremio.com\/br\/f1\/noticias\/red-bull-faz-caminho-inverso-decide-levar-monza-rb20-especificacoes-antigas\/\">precisando dar um passo atr\u00e1s para ent\u00e3o poder avan\u00e7ar<\/a>, o desempenho da <strong>Red Bull<\/strong> durante o primeiro dia de atividades do <strong>GP da It\u00e1lia<\/strong> n\u00e3o agradou em nada <strong>Sergio P\u00e9rez<\/strong>. De acordo com o mexicano, o \u00fanico ponto positivo sobre a sexta-feira foi o ritmo de corrida promissor.<\/p>\n\n\n\n<p class=\"wp-block-paragraph\">Assim como aconteceu com <strong>Max Verstappen<\/strong>, que terminou o dia em 14\u00ba, o dono do <strong>RB20 #11<\/strong> teve <a href=\"https:\/\/www.grandepremio.com\/br\/f1\/noticias\/lewis-hamilton-bate-lando-norris-0s003-poe-mercedes-lideranca-tl2-gp-italia\/\">um resultado muito aqu\u00e9m do esperado no TL2<\/a> \u2014 marcou o tempo de 1min21s678 e ficou 0s940 atr\u00e1s de <strong>Lewis Hamilton<\/strong>, o mais r\u00e1pido o dia. No entanto, ao contr\u00e1rio de Checo, o tricampe\u00e3o gostou da performance do b\u00f3lido e <a href=\"https:\/\/www.grandepremio.com\/br\/f1\/noticias\/max-verstappen-espera-red-bull-competitiva-monza-apos-tl2-ritmo-corrida-foi-bom\/\">espera que os taurinos sejam competitivos<\/a> em <strong>Monza<\/strong>.<\/p>\n\n\n\n<p class=\"wp-block-paragraph\">Durante a segunda sess\u00e3o, P\u00e9rez revelou que perdeu muito tempo por causa da troca da caixa de c\u00e2mbio que precisou ser feita pela Red Bull. &#8220;Sofremos com alguns atrasos e a sess\u00e3o foi interrompida pela bandeira vermelha&#8221;, disse em entrevista ao <em>site oficial da F1<\/em>. <strong>Kevin Magnussen<\/strong> foi o respons\u00e1vel pela paralisa\u00e7\u00e3o das atividades ap\u00f3s perder o controle da <strong>Haas<\/strong> e <a href=\"https:\/\/www.grandepremio.com\/br\/f1\/noticias\/kevin-magnussen-roda-curva-7-bate-muro-causa-bandeira-vermelha-tl2-gp-italia\/\">bater forte no muro<\/a>.<\/p>\n\n\n\n<p class=\"wp-block-paragraph\">&#8220;Ainda tivemos alguns problemas mec\u00e2nicos porque tudo teve de ser feito rapidamente, ent\u00e3o acho que s\u00f3 temos de esperar e ver como o carro se comporta&#8221;, continuou. &#8220;O ponto positivo ficou por conta da ritmo de corrida, que pareceu um pouco mais promissor. Mas ainda n\u00e3o encontramos o melhor ajuste, que muda de curva para curva&#8221;, pontuou P\u00e9rez.<\/p>\n\n\n\n<figure class=\"wp-block-image size-large\"><img decoding=\"async\" src=\"https:\/\/www.grandepremio.com\/br\/wp-content\/uploads\/2024\/08\/italia-2024-f1-treinos-livres-red-bull-sergio-perez-03-1200x803.jpg\" alt=\"\" class=\"wp-image-859949\"\/><figcaption class=\"wp-element-caption\">Sergio P\u00e9rez n\u00e3o gostou do desempenho do RB20 nesta sexta-feira (Foto: Red Bull Content Pool)<\/figcaption><\/figure>\n\n\n\n<p class=\"wp-block-paragraph\"><strong><img decoding=\"async\" src=\"https:\/\/a.slack-edge.com\/production-standard-emoji-assets\/14.0\/google-medium\/25b6-fe0f.png\" alt=\":seta_para_frente:\">&nbsp;Inscreva-se nos dois canais do GRANDE PR\u00caMIO no YouTube:&nbsp;<a href=\"https:\/\/www.youtube.com\/channel\/UC9OlHEgxoaY6QY6nWPoiqQg?sub_confirmation=1\" target=\"_blank\" rel=\"noreferrer noopener\">GP<\/a>&nbsp;|&nbsp;<a href=\"https:\/\/www.youtube.com\/channel\/UC9csiS6q_C3C0FYhyr1rnFA?sub_confirmation=1\" target=\"_blank\" rel=\"noreferrer noopener\">GP2<\/a><\/strong><br><strong><img decoding=\"async\" src=\"https:\/\/a.slack-edge.com\/production-standard-emoji-assets\/14.0\/google-medium\/25b6-fe0f.png\" alt=\":seta_para_frente:\">&nbsp;LEIA TAMB\u00c9M:&nbsp;<a href=\"https:\/\/www.grandepremio.com\/br\/f1\/noticias\/lewis-hamilton-bate-lando-norris-0s003-poe-mercedes-lideranca-tl2-gp-italia\/\">Hamilton bate Norris por 0s003 e p\u00f5e Mercedes na lideran\u00e7a do TL2 do GP da It\u00e1lia<\/a><\/strong><\/p>\n\n\n\n<p class=\"wp-block-paragraph\">&#8220;Mas n\u00e3o ser\u00e1 t\u00e3o f\u00e1cil quanto esper\u00e1vamos. Os problemas no carro ainda existem. Estamos lutando contra isso, tentando fazer o melhor poss\u00edvel. E espero que possamos ir bem no s\u00e1bado \u2014 especialmente em ritmo de volta lan\u00e7ada \u2014 e brigar na corrida&#8221;, finalizou.<\/p>\n\n\n\n<p class=\"wp-block-paragraph\">O\u00a0<strong>GRANDE PR\u00caMIO<\/strong>\u00a0acompanha\u00a0<a href=\"https:\/\/www.grandepremio.com\/br\/ao-vivo\/f1\/\" target=\"_blank\" rel=\"noreferrer noopener\"><strong>AO VIVO<\/strong>\u00a0e\u00a0<strong>EM\u00a0<\/strong><\/a><strong><a href=\"https:\/\/www.grandepremio.com\/br\/ao-vivo\/\" target=\"_blank\" rel=\"noreferrer noopener\">TEMPO REAL<\/a><\/strong>\u00a0todas as atividades do\u00a0<strong>GP da It\u00e1lia\u00a0<\/strong>de\u00a0<a href=\"https:\/\/www.grandepremio.com\/br\/f1\/\" target=\"_blank\" rel=\"noreferrer noopener\">F\u00f3rmula 1<\/a>\u00a0e transmite classifica\u00e7\u00e3o e corrida em segunda tela, em parceria com a Voz do Esporte, na\u00a0<strong><a href=\"https:\/\/www.youtube.com\/c\/GrandePremioTV\/streams\" target=\"_blank\" rel=\"noreferrer noopener\">GPTV, o canal do GP no Youtube<\/a><\/strong>. Al\u00e9m disso, debate tudo que aconteceu na pista com o\u00a0<strong>Briefing\u00a0<\/strong>ap\u00f3s treinos livres e classifica\u00e7\u00e3o, al\u00e9m de antes e depois da corrida. No s\u00e1bado (31), o\u00a0<strong>TL3<\/strong>\u00a0abre o dia \u00e0s\u00a0<strong>7h30<\/strong>\u00a0(de Bras\u00edlia), ao passo que a\u00a0<strong>classifica\u00e7\u00e3o\u00a0<\/strong>ser\u00e1 \u00e0s\u00a0<strong>11h<\/strong>. Por fim, no domingo (1\u00ba), os pilotos disputam a\u00a0<strong>corrida\u00a0<\/strong>em\u00a0<strong><a href=\"https:\/\/www.grandepremio.com\/br\/circuito\/monza\/\" target=\"_blank\" rel=\"noreferrer noopener\">Monza<\/a>\u00a0<\/strong>a partir das\u00a0<strong>10h<\/strong>.<\/p>\n\n\n\n<figure class=\"wp-block-embed is-type-video is-provider-youtube wp-block-embed-youtube wp-embed-aspect-16-9 wp-has-aspect-ratio\"><div class=\"wp-block-embed__wrapper\">\n<iframe loading=\"lazy\" title=\"HAMILTON LIDERA, VERSTAPPEN 14\u00ba E ANTONELLI BATE: os treinos da F1 2024 em MONZA | Briefing\" width=\"500\" height=\"281\" src=\"https:\/\/www.youtube.com\/embed\/-7W0EzbZxLc?feature=oembed\" frameborder=\"0\" allow=\"accelerometer; autoplay; clipboard-write; encrypted-media; gyroscope; picture-in-picture; web-share\" referrerpolicy=\"strict-origin-when-cross-origin\" allowfullscreen><\/iframe>\n<\/div><\/figure>\n","protected":false},"excerpt":{"rendered":"<p>Ao contr\u00e1rio do que disse Max Verstappen, companheiro de Red Bull, Sergio P\u00e9rez n\u00e3o gostou em nada do desempenho do RB20 durante o primeiro dia de atividades da F\u00f3rmula 1 em Monza<\/p>\n","protected":false},"author":0,"featured_media":1000860244,"comment_status":"closed","ping_status":"closed","sticky":false,"template":"","format":"standard","meta":{"42wp_featured_image_caption":"","42wp_featured_image_credits":"","42wp_featured_video":"","42wp_featured_image_hidden":false,"42wp_authors_list":[],"footnotes":""},"categories":[2],"tags":[27776,34186,27487,35624,37759,5660,8235,37760,969,147,3230,642,11958,160,37761,180,30909,24898,39711,1491,30103,28285,1737,204,3132],"42wp_author":[47160],"class_list":["post-64195","post","type-post","status-publish","format-standard","has-post-thumbnail","hentry","category-f1","tag-assistir-f1-ao-vivo","tag-assistir-f1-gratis","tag-assistir-f1-online","tag-calendario-f1-2024","tag-calendario-f1-2024-horarios","tag-classificacao","tag-classificacao-da-f1","tag-classificacao-f1-2024","tag-corrida","tag-f1","tag-f1-2024","tag-f1-ao-vivo","tag-f1-live","tag-f1-tv","tag-f1-tv-2024","tag-formula-1","tag-formula-1-2024","tag-gp-da-italia","tag-gp-da-italia-2024","tag-grande-premio","tag-grande-premio-f1","tag-grandepremio","tag-monza","tag-red-bull","tag-sergio-perez","42wp_author-vicente-soella"],"_links":{"self":[{"href":"https:\/\/grandepremio.com\/br\/wp-json\/wp\/v2\/posts\/64195","targetHints":{"allow":["GET"]}}],"collection":[{"href":"https:\/\/grandepremio.com\/br\/wp-json\/wp\/v2\/posts"}],"about":[{"href":"https:\/\/grandepremio.com\/br\/wp-json\/wp\/v2\/types\/post"}],"replies":[{"embeddable":true,"href":"https:\/\/grandepremio.com\/br\/wp-json\/wp\/v2\/comments?post=64195"}],"version-history":[{"count":0,"href":"https:\/\/grandepremio.com\/br\/wp-json\/wp\/v2\/posts\/64195\/revisions"}],"wp:featuredmedia":[{"embeddable":true,"href":"https:\/\/grandepremio.com\/br\/wp-json\/wp\/v2\/media\/1000860244"}],"wp:attachment":[{"href":"https:\/\/grandepremio.com\/br\/wp-json\/wp\/v2\/media?parent=64195"}],"wp:term":[{"taxonomy":"category","embeddable":true,"href":"https:\/\/grandepremio.com\/br\/wp-json\/wp\/v2\/categories?post=64195"},{"taxonomy":"post_tag","embeddable":true,"href":"https:\/\/grandepremio.com\/br\/wp-json\/wp\/v2\/tags?post=64195"},{"taxonomy":"42wp_author","embeddable":true,"href":"https:\/\/grandepremio.com\/br\/wp-json\/wp\/v2\/42wp_author?post=64195"}],"curies":[{"name":"wp","href":"https:\/\/api.w.org\/{rel}","templated":true}]}}