{"id":64328,"date":"2024-08-30T03:45:00","date_gmt":"2024-08-30T06:45:00","guid":{"rendered":"https:\/\/grandepremio.com\/br\/noticias\/na-garagem-tony-kanaan-ofusca-final-fontana-vence-indy-ultima-vez\/"},"modified":"2024-08-30T11:07:42","modified_gmt":"2024-08-30T14:07:42","slug":"na-garagem-tony-kanaan-ofusca-final-fontana-vence-indy-ultima-vez","status":"publish","type":"post","link":"https:\/\/grandepremio.com\/br\/indy\/na-garagem-tony-kanaan-ofusca-final-fontana-vence-indy-ultima-vez\/","title":{"rendered":"Na Garagem: Kanaan ofusca final em Fontana e vence na Indy pela \u00faltima vez"},"content":{"rendered":"\n<p class=\"wp-block-paragraph\">Foi em um 30 de agosto de 2014 que <strong>Tony Kanaan <\/strong>conquistou a 17\u00aa e \u00faltima vit\u00f3ria de sua extensa carreira na <strong>Indy<\/strong>. No \u00fanico triunfo que conquistou representando a <strong>Ganassi<\/strong>, o brasileiro ofuscou a batalha pelo t\u00edtulo entre <strong>Will Power <\/strong>e <strong>Helio Castroneves<\/strong>, ambos da <strong>Penske<\/strong>, para receber a bandeira quadriculada na frente em <strong>Fontana<\/strong>, na <strong>Calif\u00f3rnia.<\/strong><\/p>\n\n\n\n<p class=\"wp-block-paragraph\">Depois da incr\u00edvel vit\u00f3ria nas <strong>500 Milhas de Indian\u00e1polis <\/strong>com a modesta <strong>KV<\/strong>, em 2013, Tony voltou a receber a chance em um tit\u00e3 da <strong>Indy <\/strong>quatro anos ap\u00f3s a surpreendente sa\u00edda da <strong>Andretti<\/strong>. Inicialmente, Tony pilotaria o carro #8 do time, mas foi transferido ao #10 ap\u00f3s o tetracampe\u00e3o <strong>Dario Franchitti <\/strong>anunciar aposentadoria das pistas depois da les\u00e3o na coluna sofrida no acidente em Houston.<\/p>\n\n\n\n<p class=\"wp-block-paragraph\">Durante a temporada, Kanaan se destacou, como de praxe, nos ovais. Mas acabou demorando a ver a vit\u00f3ria acontecer. Em entrevista exclusiva ao <strong>GRANDE PR\u00caMIO<\/strong>, Tony relembrou a passagem e destacou a corrida de Iowa, quando liderou por quase 250 voltas, mas foi batido por <strong>Ryan Hunter-Reay e Josef Newgarden <\/strong>com duas voltas para o fim.<\/p>\n\n\n\n<p class=\"wp-block-paragraph\"><strong>Inscreva-se nos dois canais do GRANDE PR\u00caMIO no YouTube:\u00a0<a href=\"https:\/\/www.youtube.com\/channel\/UC9OlHEgxoaY6QY6nWPoiqQg?sub_confirmation=1\" target=\"_blank\" rel=\"noreferrer noopener\">GP<\/a>\u00a0|\u00a0<a href=\"https:\/\/www.youtube.com\/channel\/UC9csiS6q_C3C0FYhyr1rnFA?sub_confirmation=1\" target=\"_blank\" rel=\"noreferrer noopener\">GP2<\/a><\/strong><br><strong>LEIA TAMB\u00c9M:\u00a0<\/strong><a href=\"https:\/\/www.grandepremio.com\/br\/indy\/noticias\/caio-collet-destaca-pistas-desconhecidas-principal-dificuldade-indy-nxt\/\">Collet destaca pistas desconhecidas como principal dificuldade na Indy NXT<\/a><\/p>\n\n\n\n<figure class=\"wp-block-image size-full\"><img decoding=\"async\" src=\"https:\/\/www.grandepremio.com\/br\/wp-content\/uploads\/2024\/08\/imagem_2024-08-29_220931478.png\" alt=\"\" class=\"wp-image-859751\"\/><figcaption class=\"wp-element-caption\">Tony Kanaan venceu pela \u00faltima vez em Fontana (Foto: Indycar)<\/figcaption><\/figure>\n\n\n\n<p class=\"wp-block-paragraph\">&#8220;Naquele ano, batemos na trave tr\u00eas vezes. Se olhar em Iowa, liderei a corrida inteira, deu uma amarela no final, o [Josef] Newgarden colocou pneus novos e me passou na volta final. Estava em d\u00e9cimo. N\u00e3o encaixava. Era uma press\u00e3o gigante, porque era companheiro do Dixon, era pra eu estar no carro #8, mas teve a les\u00e3o do Franchitti e fui para o carro #10, que era &#8216;o carro&#8217; que ele ganhou tudo&#8221;, comentou.<\/p>\n\n\n\n<p class=\"wp-block-paragraph\">Tony largou da s\u00e9tima posi\u00e7\u00e3o, mas rapidamente se colocou em quarto. Na briga pelo t\u00edtulo, Helio era o pole-position, mas logo virou <strong>Juan Pablo Montoya <\/strong>e <strong>Scott Dixon <\/strong>assumindo as primeiras posi\u00e7\u00f5es, caindo para terceiro. <strong>Will Power <\/strong>foi for\u00e7ado a fazer uma corrida de recupera\u00e7\u00e3o ap\u00f3s largar de 21\u00ba.<\/p>\n\n\n\n<p class=\"wp-block-paragraph\">O colombiano ficou na ponta at\u00e9 o terceiro ciclo de paradas, quando viu a crescente <strong>Andretti <\/strong>de Hunter-Reay o ultrapassar e assumir a ponta. J\u00e1 na segunda metade da prova, Castroneves e Kanaan surgiram nos dois primeiros lugares. Hunter-Reay, que estava no p\u00e1reo, foi quem causou a \u00fanica amarela da corrida ao rodar sozinho na volta 175.<\/p>\n\n\n\n<p class=\"wp-block-paragraph\">O sonho do t\u00edtulo de Helio acabou encerrado no seu \u00faltimo pit-stop, na volta 217, quando ultrapassou o limite de velocidade nos boxes. Punido, viu Tony assumir a ponta e vencer em dobradinha da Ganassi com Scott Dixon em segundo. <strong>Ed Carpenter <\/strong>completou o p\u00f3dio.<\/p>\n\n\n\n<p class=\"wp-block-paragraph\">&#8220;N\u00e3o classificamos bem, mas sab\u00edamos que t\u00ednhamos um carro bom. Tratei logo de ir l\u00e1 para frente no come\u00e7o porque n\u00e3o queria ficar naquele pelot\u00e3o pelo medo de acontecer alguma coisa, e a\u00ed ficou entre eu e o H\u00e9lio. Ele tava disputando campeonato e tinha muito mais a perder do que eu, ent\u00e3o sabia que n\u00e3o ia jogar muito duro. Quando saiu a puni\u00e7\u00e3o, minha maior preocupa\u00e7\u00e3o passou a ser o Dixon. Porque ele estava logo atr\u00e1s, continuamos mantendo e j\u00e1 sabia exatamente o carro que ele tinha, ent\u00e3o era mais tentando administrar os retardat\u00e1rios, poupando os pneus, andando l\u00e1 em cima para economizar os pneus, para n\u00e3o me expor. Foi relativamente uma corrida tranquila. N\u00e3o foi f\u00e1cil, mas foi sob controle&#8221;, completou.<\/p>\n\n\n\n<p class=\"wp-block-paragraph\">Fontana acabou sendo a \u00faltima vit\u00f3ria de Kanaan na Indy. Ele seguiu pela Ganassi em mais tr\u00eas temporadas, somando mais seis p\u00f3dios. Se transferiu para a Foyt em 2018, fazendo duas temporadas completas e uma apenas em ovais, com 1 p\u00f3dio conquistado. A carreira na Indy ainda seguiu por mais tr\u00eas anos, dois deles pela Ganassi, disputando todos os ovais em 2021 e apenas a Indy 500 em 2022, al\u00e9m de uma passagem tamb\u00e9m s\u00f3 em Indian\u00e1polis em 2023.<\/p>\n\n\n\n<p class=\"wp-block-paragraph\">&#8220;Foi um al\u00edvio gigantesco, principalmente em termos de press\u00e3o. Eu estava me colocando uma press\u00e3o muito grande, e foi em uma pista que eu sempre me dei bem, fui campe\u00e3o de Indy Lights nela, e era a mesma pista que a gente tinha uma birra do cacete porque o Greg Moore morreu nela. Era um misto de sensa\u00e7\u00f5es, mas aquela vit\u00f3ria fez muito bem. Acabamos o ano bem fortes, o Chip ficou super contente porque tive a vit\u00f3ria, foi um ano muito bom para mim na Ganassi. Tive um ano melhor e depois degringolou de vez. O legal de ganhar a \u00faltima corrida \u00e9 o seguinte: voc\u00ea ganha e pode comemorar at\u00e9 mar\u00e7o do ano seguinte. Foi super importante, um final de temporada muito feliz&#8221;, seguiu.<\/p>\n\n\n\n<p class=\"wp-block-paragraph\">&#8220;Desde que a gente largou, eu tinha bastante condi\u00e7\u00f5es de controle da corrida. \u00c9 claro que \u00e9 uma corrida apertada, ent\u00e3o n\u00e3o sabia se ia ganhar ou n\u00e3o iria. Mas sabia que se me colocasse na posi\u00e7\u00e3o onde estava, ia conseguir brigar no final&#8221;, concluiu.<\/p>\n","protected":false},"excerpt":{"rendered":"<p>Em Fontana, Tony Kanaan venceu pela \u00faltima vez na Indy no dia em que ofuscou a disputa de t\u00edtulo entre Will Power e Helio Castroneves. Foi o \u00fanico triunfo do brasileiro na Ganassi<\/p>\n","protected":false},"author":0,"featured_media":1000859750,"comment_status":"closed","ping_status":"closed","sticky":false,"template":"","format":"standard","meta":{"42wp_featured_image_caption":"","42wp_featured_image_credits":"","42wp_featured_video":"","42wp_featured_image_hidden":false,"42wp_authors_list":[],"footnotes":""},"categories":[3],"tags":[28552,6133,2733,1491,28285,35361,93,31011,794,29784,36027,321],"42wp_author":[47119],"class_list":["post-64328","post","type-post","status-publish","format-standard","has-post-thumbnail","hentry","category-indy","tag-calendario-indy","tag-classificacao-indy","tag-fontana","tag-grande-premio","tag-grandepremio","tag-horarios-indy","tag-indy","tag-indy-2024","tag-na-garagem","tag-onde-assistir-indy","tag-temporada-2024-da-indy","tag-tony-kanaan","42wp_author-gabriel-carvalho"],"_links":{"self":[{"href":"https:\/\/grandepremio.com\/br\/wp-json\/wp\/v2\/posts\/64328","targetHints":{"allow":["GET"]}}],"collection":[{"href":"https:\/\/grandepremio.com\/br\/wp-json\/wp\/v2\/posts"}],"about":[{"href":"https:\/\/grandepremio.com\/br\/wp-json\/wp\/v2\/types\/post"}],"replies":[{"embeddable":true,"href":"https:\/\/grandepremio.com\/br\/wp-json\/wp\/v2\/comments?post=64328"}],"version-history":[{"count":0,"href":"https:\/\/grandepremio.com\/br\/wp-json\/wp\/v2\/posts\/64328\/revisions"}],"wp:featuredmedia":[{"embeddable":true,"href":"https:\/\/grandepremio.com\/br\/wp-json\/wp\/v2\/media\/1000859750"}],"wp:attachment":[{"href":"https:\/\/grandepremio.com\/br\/wp-json\/wp\/v2\/media?parent=64328"}],"wp:term":[{"taxonomy":"category","embeddable":true,"href":"https:\/\/grandepremio.com\/br\/wp-json\/wp\/v2\/categories?post=64328"},{"taxonomy":"post_tag","embeddable":true,"href":"https:\/\/grandepremio.com\/br\/wp-json\/wp\/v2\/tags?post=64328"},{"taxonomy":"42wp_author","embeddable":true,"href":"https:\/\/grandepremio.com\/br\/wp-json\/wp\/v2\/42wp_author?post=64328"}],"curies":[{"name":"wp","href":"https:\/\/api.w.org\/{rel}","templated":true}]}}