{"id":64347,"date":"2024-08-29T18:15:00","date_gmt":"2024-08-29T21:15:00","guid":{"rendered":"https:\/\/grandepremio.com\/br\/noticias\/quais-horarios-gp-aragao-motogp-2024\/"},"modified":"2024-08-29T12:09:14","modified_gmt":"2024-08-29T15:09:14","slug":"quais-horarios-gp-aragao-motogp-2024","status":"publish","type":"post","link":"https:\/\/grandepremio.com\/br\/motogp\/quais-horarios-gp-aragao-motogp-2024\/","title":{"rendered":"Quais os hor\u00e1rios do GP de Arag\u00e3o da MotoGP 2024"},"content":{"rendered":"\n<p class=\"wp-block-paragraph\">Fim de semana de GP de <strong>Arag\u00e3o<\/strong>, 12\u00aa etapa da temporada <strong>2024 <\/strong>da <strong>MotoGP<\/strong>. E a largada para a corrida no <strong>MotorLand <\/strong>acontece no domingo (1), \u00e0s 9h (de <strong>Bras\u00edlia<\/strong>).<\/p>\n\n\n\n<p class=\"wp-block-paragraph\">A programa\u00e7\u00e3o do fim de semana, por\u00e9m, come\u00e7a muito mais cedo. As motos entram na pista \u00e0s 4h de sexta-feira, com o primeiro treino da <strong>Moto3<\/strong>. Depois, \u00e0s 4h50, \u00e9 a vez do treino livre da <strong>Moto2<\/strong>. A MotoGP come\u00e7a a trabalhar \u00e0s 5h45, com o treino livre. Na parte da tarde, as atividades reiniciam \u00e0s 8h15, com a classe menor abrindo os trabalhos, seguida pela divis\u00e3o do meio e a categoria rainha.<\/p>\n\n\n\n<p class=\"wp-block-paragraph\">No s\u00e1bado, a Moto3 faz o treino \u00e0s 3h40, com a Moto2 entrando na pista 4h25. A MotoGP faz o treino livre 2 \u00e0s 5h10 e, a partir de 5h50, define o grid de largada. A classifica\u00e7\u00e3o da Moto3 acontece a partir de 7h50, com a Moto2 entrando na pista \u00e0s 8h45. A largada da corrida sprint da MotoGP est\u00e1 agendada para 10h.<\/p>\n\n\n\n<p class=\"wp-block-paragraph\">No domingo, a MotoGP faz um warm-up de dez minutos \u00e0s 4h40. A largada da Moto3 acontece \u00e0s 6h, com a Moto2 largando 7h15. O GP de Arag\u00e3o de MotoGP come\u00e7a \u00e0s 9h.<\/p>\n\n\n\n<figure class=\"wp-block-image size-large\"><img decoding=\"async\" src=\"https:\/\/www.grandepremio.com\/br\/wp-content\/uploads\/2022\/09\/MotoGP-2021-Aragao-MotorLand-1024x682.jpg\" alt=\"\" class=\"wp-image-614815\"\/><figcaption class=\"wp-element-caption\">MotorLand de Arag\u00e3o recebe a MotoGP neste fim de semana (Fotot: LCR)<\/figcaption><\/figure>\n\n\n\n<p class=\"wp-block-paragraph\"><strong>\u25b6\ufe0f\u00a0Inscreva-se nos dois canais do GRANDE PR\u00caMIO no YouTube:\u00a0<a href=\"https:\/\/www.youtube.com\/channel\/UC9OlHEgxoaY6QY6nWPoiqQg?sub_confirmation=1\" target=\"_blank\" rel=\"noreferrer noopener\">GP<\/a>\u00a0|\u00a0<a href=\"https:\/\/www.youtube.com\/channel\/UC9csiS6q_C3C0FYhyr1rnFA?sub_confirmation=1\" target=\"_blank\" rel=\"noreferrer noopener\">GP2<\/a><\/strong><\/p>\n\n\n\n<p class=\"wp-block-paragraph\">No <strong>Brasil<\/strong>, o <strong>Mundial de Motovelocidade <\/strong>tem transmiss\u00e3o da <strong>ESPN 4<\/strong> e do servi\u00e7o de streaming <strong>Disney +<\/strong>. A narra\u00e7\u00e3o fica por conta de <strong>Hamilton Rodrigues<\/strong>, com coment\u00e1rios de<strong> Fausto Macieira<\/strong> e <strong>Edgard Mello<\/strong> <strong>Filho<\/strong>.<\/p>\n\n\n\n<p class=\"wp-block-paragraph\">O f\u00e3 da MotoGP tamb\u00e9m tem a possibilidade de assistir todas as sess\u00f5es, ao vivo, por meio do servi\u00e7o de streaming oficial da categoria, o <strong>VideoPass<\/strong>, em ingl\u00eas. O pacote anual com v\u00eddeo e cronometragem custa \u20ac 74,99 (cerca de R$ 469) \u2014 o pacote somente com v\u00eddeo tem custo de \u20ac 69,99 (por volta de R$ 438) \u2014, enquanto a assinatura mensal tem o valor de \u20ac 29,99 (aproximadamente R$ 188).<\/p>\n\n\n\n<h3 class=\"wp-block-heading\" id=\"h-motogp-2024-gp-de-aragao-motorland-horarios\">MotoGP 2024, GP de Arag\u00e3o, MotorLand, Hor\u00e1rios:<\/h3>\n\n\n\n<figure class=\"wp-block-table\"><table><tbody><tr><td><strong>DIA<\/strong><\/td><td><strong>CATEGORIA<\/strong><\/td><td><strong>SESS\u00c3O<\/strong><\/td><td><strong>HORA<\/strong><\/td><td><strong>NA TV<\/strong><\/td><\/tr><tr><td><strong>Sexta<\/strong><\/td><td>Moto3<\/td><td>Treino livre<\/td><td>4h &#8211; 4h35<\/td><td>&nbsp;<\/td><\/tr><tr><td><strong>Sexta<\/strong><\/td><td>Moto2<\/td><td>Treino livre<\/td><td>4h50 &#8211; 5h30<\/td><td>&nbsp;<\/td><\/tr><tr><td><strong>Sexta<\/strong><\/td><td>MotoGP<\/td><td>Treino livre 1<\/td><td>5h45 &#8211; 6h30<\/td><td>&nbsp;<\/td><\/tr><tr><td><strong>Sexta<\/strong><\/td><td>Moto3<\/td><td>Treino 1<\/td><td>8h15 &#8211; 8h50<\/td><td>\u2705<\/td><\/tr><tr><td><strong>Sexta<\/strong><\/td><td>Moto2<\/td><td>Treino 1<\/td><td>9h05 &#8211; 9h45<\/td><td>\u2705<\/td><\/tr><tr><td><strong>Sexta<\/strong><\/td><td>MotoGP<\/td><td>Treino<\/td><td>10h &#8211; 11h<\/td><td>\u2705<\/td><\/tr><tr><td><strong>S\u00e1bado<\/strong><\/td><td>Moto3<\/td><td>Treino 2<\/td><td>3h40 &#8211; 4h10<\/td><td>&nbsp;<\/td><\/tr><tr><td><strong>S\u00e1bado<\/strong><\/td><td>Moto2<\/td><td>Treino 2<\/td><td>4h25 &#8211; 4h55<\/td><td>&nbsp;<\/td><\/tr><tr><td><strong>S\u00e1bado<\/strong><\/td><td>MotoGP<\/td><td>Treino livre 2<\/td><td>5h10 &#8211; 5h40<\/td><td>\u2705<\/td><\/tr><tr><td><strong>S\u00e1bado<\/strong><\/td><td>MotoGP<\/td><td>Q1<\/td><td>5h50 &#8211; 6h05<\/td><td>\u2705<\/td><\/tr><tr><td><strong>S\u00e1bado<\/strong><\/td><td>MotoGP<\/td><td>Q2<\/td><td>6h15 &#8211; 6h30<\/td><td>\u2705<\/td><\/tr><tr><td><strong>S\u00e1bado<\/strong><\/td><td>Moto3<\/td><td>Q1<\/td><td>7h50 &#8211; 8h05<\/td><td>\u2705<\/td><\/tr><tr><td><strong>S\u00e1bado<\/strong><\/td><td>Moto3<\/td><td>Q2<\/td><td>8h15 &#8211; 8h30<\/td><td>\u2705<\/td><\/tr><tr><td><strong>S\u00e1bado<\/strong><\/td><td>Moto2<\/td><td>Q1<\/td><td>8h45 &#8211; 9h<\/td><td>\u2705<\/td><\/tr><tr><td><strong>S\u00e1bado<\/strong><\/td><td>Moto2<\/td><td>Q2<\/td><td>9h10 &#8211; 9h25<\/td><td>\u2705<\/td><\/tr><tr><td><strong>S\u00e1bado<\/strong><\/td><td>MotoGP<\/td><td>Corrida sprint (11 voltas)<\/td><td>10h<\/td><td>\u2705<\/td><\/tr><tr><td><strong>Domingo<\/strong><\/td><td>MotoGP<\/td><td>Warm-Up<\/td><td>4h40 &#8211; 4h50<\/td><td>&nbsp;<\/td><\/tr><tr><td><strong>Domingo<\/strong><\/td><td>Moto3<\/td><td>GP (17 voltas)<\/td><td>6h<\/td><td>\u2705<\/td><\/tr><tr><td><strong>Domingo<\/strong><\/td><td>Moto2<\/td><td>GP (19 voltas)<\/td><td>7h15<\/td><td>\u2705<\/td><\/tr><tr><td><strong>Domingo<\/strong><\/td><td>MotoGP<\/td><td>GP (23 voltas)<\/td><td>9h<\/td><td>\u2705<\/td><\/tr><\/tbody><\/table><\/figure>\n\n\n\n<p class=\"wp-block-paragraph\">O\u00a0<strong>GRANDE PR\u00caMIO\u00a0<\/strong>faz a cobertura completa do evento, assim como das outras classes do Mundial de\u00a0<a href=\"https:\/\/www.grandepremio.com\/motovelocidade\/\">Motovelocidade\u00a0<\/a>durante todo o ano.<\/p>\n\n\n\n<figure class=\"wp-block-embed is-type-video is-provider-youtube wp-block-embed-youtube wp-embed-aspect-16-9 wp-has-aspect-ratio\"><div class=\"wp-block-embed__wrapper\">\n<iframe loading=\"lazy\" title=\"Perdas IMPACTAM, mas DOM\u00cdNIO da Ducati EST\u00c1 LONGE DO FIM | GP \u00e0s 10\" width=\"500\" height=\"281\" src=\"https:\/\/www.youtube.com\/embed\/p2jMxtXOYMk?feature=oembed\" frameborder=\"0\" allow=\"accelerometer; autoplay; clipboard-write; encrypted-media; gyroscope; picture-in-picture; web-share\" referrerpolicy=\"strict-origin-when-cross-origin\" allowfullscreen><\/iframe>\n<\/div><\/figure>\n","protected":false},"excerpt":{"rendered":"<p>A largada para o GP de Arag\u00e3o de MotoGP acontece neste domingo (1), \u00e0s 9h (de Bras\u00edlia)<\/p>\n","protected":false},"author":0,"featured_media":1000614816,"comment_status":"closed","ping_status":"closed","sticky":false,"template":"","format":"standard","meta":{"42wp_featured_image_caption":"","42wp_featured_image_credits":"","42wp_featured_video":"","42wp_featured_image_hidden":false,"42wp_authors_list":[],"footnotes":""},"categories":[8],"tags":[26038,5214,131,2327,32229,28285,3504,130,132,79,78,34329,37693,37691,37692,25819,29345,28766,3451,37694,26690,136,172],"42wp_author":[47113],"class_list":["post-64347","post","type-post","status-publish","format-standard","has-post-thumbnail","hentry","category-motogp","tag-aragao","tag-classificacao-motogp","tag-ducati","tag-francesco-bagnaia","tag-gasgas","tag-grandepremio","tag-gresini","tag-honda","tag-ktm","tag-moto-gp","tag-motogp","tag-motogp-2024","tag-motogp-2024-calendario","tag-motogp-calendario-2024","tag-motogp-classificacao-2024","tag-motogp-hoje","tag-motogp-horario","tag-motogp-standings","tag-motorland","tag-onde-assistir-motogp-2024","tag-pilotos-motogp","tag-pramac","tag-yamaha","42wp_author-juliana-tesser"],"_links":{"self":[{"href":"https:\/\/grandepremio.com\/br\/wp-json\/wp\/v2\/posts\/64347","targetHints":{"allow":["GET"]}}],"collection":[{"href":"https:\/\/grandepremio.com\/br\/wp-json\/wp\/v2\/posts"}],"about":[{"href":"https:\/\/grandepremio.com\/br\/wp-json\/wp\/v2\/types\/post"}],"replies":[{"embeddable":true,"href":"https:\/\/grandepremio.com\/br\/wp-json\/wp\/v2\/comments?post=64347"}],"version-history":[{"count":0,"href":"https:\/\/grandepremio.com\/br\/wp-json\/wp\/v2\/posts\/64347\/revisions"}],"wp:featuredmedia":[{"embeddable":true,"href":"https:\/\/grandepremio.com\/br\/wp-json\/wp\/v2\/media\/1000614816"}],"wp:attachment":[{"href":"https:\/\/grandepremio.com\/br\/wp-json\/wp\/v2\/media?parent=64347"}],"wp:term":[{"taxonomy":"category","embeddable":true,"href":"https:\/\/grandepremio.com\/br\/wp-json\/wp\/v2\/categories?post=64347"},{"taxonomy":"post_tag","embeddable":true,"href":"https:\/\/grandepremio.com\/br\/wp-json\/wp\/v2\/tags?post=64347"},{"taxonomy":"42wp_author","embeddable":true,"href":"https:\/\/grandepremio.com\/br\/wp-json\/wp\/v2\/42wp_author?post=64347"}],"curies":[{"name":"wp","href":"https:\/\/api.w.org\/{rel}","templated":true}]}}