{"id":64362,"date":"2024-08-29T15:20:18","date_gmt":"2024-08-29T18:20:18","guid":{"rendered":"https:\/\/grandepremio.com\/br\/noticias\/david-malukas-nega-escada-para-penske-e-reforca-compromisso-com-foyt-rumores\/"},"modified":"2024-08-30T14:24:57","modified_gmt":"2024-08-30T17:24:57","slug":"david-malukas-nega-escada-para-penske-e-reforca-compromisso-com-foyt-rumores","status":"publish","type":"post","link":"https:\/\/grandepremio.com\/br\/indy\/david-malukas-nega-escada-para-penske-e-reforca-compromisso-com-foyt-rumores\/","title":{"rendered":"Malukas nega escada para Penske e refor\u00e7a compromisso com Foyt: &#8220;Rumores&#8221;"},"content":{"rendered":"\n<p class=\"wp-block-paragraph\">A <strong>Indy<\/strong> entra na reta final da temporada de 2024 com <strong>\u00c1lex Palou<\/strong> e <strong>Will Power<\/strong> como protagonistas para a disputa do t\u00edtulo. Ao mesmo tempo, o paddock da categoria vive frenesi com pilotos em busca das \u00faltimas vagas no grid para 2025. Uma das movimenta\u00e7\u00f5es mais curiosas foi a sa\u00edda de <strong>David Malukas<\/strong> da <strong>Meyer Shank<\/strong> para ir \u00e0 <strong>Foyt<\/strong>, o que levantou uma s\u00e9rie de especula\u00e7\u00f5es, na qual o norte-americano trata como rumores.<\/p>\n\n\n\n<p class=\"wp-block-paragraph\">Para esta temporada, a Foyt fechou uma parceria t\u00e9cnica com a <strong>Penske<\/strong>, que alocou engenheiros na estrutura chefiada por <strong>Larry Foyt<\/strong> e as duas equipes trocam dados e acertos ao longo do final de semana. A parceria \u00e9 apontada como raz\u00e3o para a Penske ter voltado \u00e0 andar bem em Indian\u00e1polis, assim como tirar o time que leva o nome de <strong>A.J. Foyt<\/strong> do final do grid.<\/p>\n\n\n\n<p class=\"wp-block-paragraph\">O <strong>GRANDE PR\u00caMIO<\/strong> apurou que a equipe de <strong>Roger Penske<\/strong> pretende aumentar as ramifica\u00e7\u00f5es da parceria. Se hoje desenvolve os talentos fora da pista na Foyt, quer fazer o mesmo com pilotos. H\u00e1 quem acredite que a movimenta\u00e7\u00e3o de Malukas visa um espa\u00e7o na Penske no futuro.<\/p>\n\n\n\n<p class=\"wp-block-paragraph\"><strong>Inscreva-se nos dois canais do GRANDE PR\u00caMIO no YouTube:\u00a0<a href=\"https:\/\/www.youtube.com\/channel\/UC9OlHEgxoaY6QY6nWPoiqQg?sub_confirmation=1\" target=\"_blank\" rel=\"noreferrer noopener\">GP<\/a>\u00a0|\u00a0<a href=\"https:\/\/www.youtube.com\/channel\/UC9csiS6q_C3C0FYhyr1rnFA?sub_confirmation=1\" target=\"_blank\" rel=\"noreferrer noopener\">GP2<\/a><\/strong><br><strong>LEIA TAMB\u00c9M:\u00a0<\/strong><a href=\"https:\/\/www.grandepremio.com\/br\/indy\/noticias\/caio-collet-destaca-pistas-desconhecidas-principal-dificuldade-indy-nxt\/\">Collet destaca pistas desconhecidas como principal dificuldade na Indy NXT<\/a><\/p>\n\n\n\n<figure class=\"wp-block-image size-large\"><img decoding=\"async\" src=\"https:\/\/www.grandepremio.com\/br\/wp-content\/uploads\/2024\/08\/BOMMARITO-AUTOMOTIVE-GROUP-500-Friday_-August-16_-2024_Large-Image-Without-Watermark_m114691-1200x800.jpg\" alt=\"\" class=\"wp-image-854170\"\/><figcaption class=\"wp-element-caption\">David Malukas (Foto: IndyCar)<\/figcaption><\/figure>\n\n\n\n<p class=\"wp-block-paragraph\">Mais velho entre os pilotos da equipe, Power, de 43 anos, tem contrato s\u00f3 at\u00e9 o final da pr\u00f3xima temporada e tem sido alvo de rumores. O australiano, no entanto, declarou ap\u00f3s vencer o<strong> GP de Portland<\/strong> <a href=\"https:\/\/www.grandepremio.com\/br\/indy\/noticias\/will-power-descarta-aposentadoria-planeja-seguir-indy-apos-2025-estou-melhor-a-cada-ano\/\">que pretende continuar na<\/a> Penske e na Indy. Seria esse o lugar cobi\u00e7ado por Malukas, mas o norte-americano que tratou de arrefecer a especula\u00e7\u00e3o e e refor\u00e7ou o compromisso com a Foyt.<\/p>\n\n\n\n<p class=\"wp-block-paragraph\">&#8220;N\u00e3o, n\u00e3o \u00e9 verdade [que vai \u00e0 Penske]. Assinei com a Foyt. Rumores s\u00e3o rumores. Tento fazer tudo em sil\u00eancio, como agora, que todo mundo falou que eu ia para a RLL no pr\u00f3ximo ano&#8221;, disse Malukas ao jornal estadunidense IndyStar.<\/p>\n\n\n\n<p class=\"wp-block-paragraph\">A\u00a0<strong><a href=\"https:\/\/www.grandepremio.com\/formula-indy\/\" target=\"_blank\" rel=\"noreferrer noopener\">Indy<\/a>\u00a0<\/strong>retorna j\u00e1 neste final de semana com uma novidade: a rodada dupla no oval de\u00a0<strong>Milwaukee Mile<\/strong>, localizado em West Alis, no Wisconsin. A corrida 1 acontece no s\u00e1bado (31), enquanto a corrida 2 est\u00e1 programada para o domingo (1).<\/p>\n\n\n\n<figure class=\"wp-block-embed is-type-video is-provider-youtube wp-block-embed-youtube wp-embed-aspect-16-9 wp-has-aspect-ratio\"><div class=\"wp-block-embed__wrapper\">\n<iframe loading=\"lazy\" title=\"PALOU x POWER e\u0301 DUELO FINAL da INDY em 2024 | GP a\u0300s 10\" width=\"500\" height=\"281\" src=\"https:\/\/www.youtube.com\/embed\/o3wsyfSRZEs?feature=oembed\" frameborder=\"0\" allow=\"accelerometer; autoplay; clipboard-write; encrypted-media; gyroscope; picture-in-picture; web-share\" referrerpolicy=\"strict-origin-when-cross-origin\" allowfullscreen><\/iframe>\n<\/div><\/figure>\n","protected":false},"excerpt":{"rendered":"<p>David Malukas disse que s\u00e3o apenas rumores a possibilidade de usar a Foyt como trampolim para a Penske. &#8220;Tamb\u00e9m disseram que eu ia a RLL&#8221;, cutucou<\/p>\n","protected":false},"author":0,"featured_media":1000853436,"comment_status":"closed","ping_status":"closed","sticky":false,"template":"","format":"standard","meta":{"42wp_featured_image_caption":"","42wp_featured_image_credits":"","42wp_featured_video":"","42wp_featured_image_hidden":false,"42wp_authors_list":[],"footnotes":""},"categories":[3],"tags":[1456,28552,25334,6133,334,322,23410,1491,28285,35361,93,31011,39054,40700,1782,40701,29784,3135,265,1331,40699,36027],"42wp_author":[47155],"class_list":["post-64362","post","type-post","status-publish","format-standard","has-post-thumbnail","hentry","category-indy","tag-1456","tag-calendario-indy","tag-campeao","tag-classificacao-indy","tag-david-malukas","tag-foyt","tag-gp-de-milwaukee","tag-grande-premio","tag-grandepremio","tag-horarios-indy","tag-indy","tag-indy-2024","tag-indy-2025","tag-indy-milwaukee","tag-meyer-shank","tag-milwaukee-mile","tag-onde-assistir-indy","tag-oval","tag-penske","tag-rll","tag-rodada-dupla-de-milwaukee","tag-temporada-2024-da-indy","42wp_author-daniel-balsa"],"_links":{"self":[{"href":"https:\/\/grandepremio.com\/br\/wp-json\/wp\/v2\/posts\/64362","targetHints":{"allow":["GET"]}}],"collection":[{"href":"https:\/\/grandepremio.com\/br\/wp-json\/wp\/v2\/posts"}],"about":[{"href":"https:\/\/grandepremio.com\/br\/wp-json\/wp\/v2\/types\/post"}],"replies":[{"embeddable":true,"href":"https:\/\/grandepremio.com\/br\/wp-json\/wp\/v2\/comments?post=64362"}],"version-history":[{"count":0,"href":"https:\/\/grandepremio.com\/br\/wp-json\/wp\/v2\/posts\/64362\/revisions"}],"wp:featuredmedia":[{"embeddable":true,"href":"https:\/\/grandepremio.com\/br\/wp-json\/wp\/v2\/media\/1000853436"}],"wp:attachment":[{"href":"https:\/\/grandepremio.com\/br\/wp-json\/wp\/v2\/media?parent=64362"}],"wp:term":[{"taxonomy":"category","embeddable":true,"href":"https:\/\/grandepremio.com\/br\/wp-json\/wp\/v2\/categories?post=64362"},{"taxonomy":"post_tag","embeddable":true,"href":"https:\/\/grandepremio.com\/br\/wp-json\/wp\/v2\/tags?post=64362"},{"taxonomy":"42wp_author","embeddable":true,"href":"https:\/\/grandepremio.com\/br\/wp-json\/wp\/v2\/42wp_author?post=64362"}],"curies":[{"name":"wp","href":"https:\/\/api.w.org\/{rel}","templated":true}]}}