{"id":64400,"date":"2024-08-29T11:52:15","date_gmt":"2024-08-29T14:52:15","guid":{"rendered":"https:\/\/grandepremio.com\/br\/noticias\/campos-escolhe-noah-stromsted-ocupar-vaga-oliver-goethe-final-f3-italia\/"},"modified":"2024-08-29T13:30:42","modified_gmt":"2024-08-29T16:30:42","slug":"campos-escolhe-noah-stromsted-ocupar-vaga-oliver-goethe-final-f3-italia","status":"publish","type":"post","link":"https:\/\/grandepremio.com\/br\/f3\/campos-escolhe-noah-stromsted-ocupar-vaga-oliver-goethe-final-f3-italia\/","title":{"rendered":"Campos escolhe Str\u00f8msted para ocupar vaga deixada por Goethe em final da F3 na It\u00e1lia"},"content":{"rendered":"\n<p class=\"wp-block-paragraph\">A <strong>Campos <\/strong>resolveu trazer <strong>Noah Str\u00f8msted <\/strong>para ocupar o assento deixado por <strong>Oliver Goethe<\/strong> na<strong> rodada da It\u00e1lia<\/strong>, que marca o encerramento da <strong>temporada 2024<\/strong> da <strong>F\u00f3rmula 3<\/strong>. O dinamarqu\u00eas de 17 anos compete atualmente na <strong>FRECA <\/strong>com a equipe <strong>RPM<\/strong>.<\/p>\n\n\n\n<p class=\"wp-block-paragraph\">Goethe, que ainda mantinha chances matem\u00e1ticas de brigar pelo t\u00edtulo da F3, foi liberado pelo time espanhol para suprir outra aus\u00eancia, a de <strong>Franco Colapinto <\/strong>no grid da <strong>F2<\/strong>. O argentino que competia at\u00e9 ent\u00e3o na <strong>MP<\/strong>, vai correr na <strong>Williams<\/strong>, na <strong>F1<\/strong>, at\u00e9 o final do ano.<\/p>\n\n\n\n<p class=\"wp-block-paragraph\">Str\u00f8msted, portanto, se alia a<strong> Mari Boya<\/strong> e <strong>Sebasti\u00e1n Montoya<\/strong> no grid, em movimento que tamb\u00e9m marca o retorno do piloto ao time espanhol, o qual defendeu nas temporadas de 2022 e 2023 na <strong>F4 Espanhola<\/strong>. <\/p>\n\n\n\n<p class=\"wp-block-paragraph\">&#8220;Estou animado por estrear na F3 com a Campos, pois \u00e9 uma equipe muito competitiva&#8221;, come\u00e7ou Noah. &#8220;Conhecemo-nos desde a temporada que fizemos juntos na F4 Espanhola no ano passado e temos uma excelente rela\u00e7\u00e3o&#8221;, continuou.<\/p>\n\n\n\n<figure class=\"wp-block-image size-full\"><img decoding=\"async\" src=\"https:\/\/www.grandepremio.com\/br\/wp-content\/uploads\/2023\/12\/Oliver-Goethe-Campos-Formula-3.jpg\" alt=\"\" class=\"wp-image-761856\"\/><figcaption class=\"wp-element-caption\">Oliver Goethe substitui Franco Colapinto na MP, na F2 (Foto: Campos)<\/figcaption><\/figure>\n\n\n\n<p class=\"wp-block-paragraph\">&#8220;Quero agradecer \u00e0 Campos, a todos que me apoiam, \u00e0 minha equipe administrativa e \u00e0 minha fam\u00edlia por esta oportunidade&#8221;, completou o jovem.<\/p>\n\n\n\n<p class=\"wp-block-paragraph\"><strong>Adri\u00e1n Campos<\/strong>, chefe do time, justificou a escolha por Str\u00f8msted. &#8220;No ano passado, ele nos mostrou que \u00e9 um piloto de enorme talento e muito r\u00e1pido.&#8221;<\/p>\n\n\n\n<p class=\"wp-block-paragraph\">&#8220;Embora o carro da F3 seja um avan\u00e7o consider\u00e1vel em termos de desempenho, vamos dar a ele todo apoio e experi\u00eancia para que esta estreia seja a melhor poss\u00edvel&#8221;, concluiu.<\/p>\n\n\n\n<p class=\"wp-block-paragraph\">Matematicamente, seis pilotos estar\u00e3o na briga pelo t\u00edtulo na It\u00e1lia:\u00a0<strong>Leonardo Fornaroli<\/strong>\u00a0(129),\u00a0<strong>Gabriele Min\u00ec<\/strong>\u00a0(128),\u00a0<strong>Luke Browning<\/strong>\u00a0(123),\u00a0<strong>Arvid Lindblad\u00a0<\/strong>(113),\u00a0<strong>Dino Beganovic<\/strong>\u00a0(100) e\u00a0<strong>Christian Mansell<\/strong>\u00a0(97). Goethe, com 94, era o s\u00e9timo da lista.<\/p>\n\n\n\n<p class=\"wp-block-paragraph\"><strong><img decoding=\"async\" src=\"https:\/\/a.slack-edge.com\/production-standard-emoji-assets\/14.0\/google-medium\/25b6-fe0f.png\" alt=\":seta_para_frente:\">\u00a0Inscreva-se nos dois canais do GRANDE PR\u00caMIO no YouTube:\u00a0<a href=\"https:\/\/www.youtube.com\/channel\/UC9OlHEgxoaY6QY6nWPoiqQg?sub_confirmation=1\" target=\"_blank\" rel=\"noreferrer noopener\">GP<\/a>\u00a0|\u00a0<a href=\"https:\/\/www.youtube.com\/channel\/UC9csiS6q_C3C0FYhyr1rnFA?sub_confirmation=1\" target=\"_blank\" rel=\"noreferrer noopener\">GP2<\/a><\/strong><br><strong><img decoding=\"async\" src=\"https:\/\/a.slack-edge.com\/production-standard-emoji-assets\/14.0\/google-medium\/25b6-fe0f.png\" alt=\":seta_para_frente:\">\u00a0LEIA TAMB\u00c9M: <a href=\"https:\/\/www.grandepremio.com\/br\/f3\/noticias\/formula-3-previne-engarrafamento-divide-grid-classificacao-rodada-italia\/\">F3 previne \u2018engarrafamento\u2019 e divide grid para classifica\u00e7\u00e3o da rodada da It\u00e1lia<\/a><\/strong><\/p>\n\n\n\n<figure class=\"wp-block-embed is-type-video is-provider-youtube wp-block-embed-youtube wp-embed-aspect-16-9 wp-has-aspect-ratio\"><div class=\"wp-block-embed__wrapper\">\n<iframe loading=\"lazy\" title=\"O BATISMO de ANTONELLI em MONZA + RED BULL VELHA \u00e9 SOLU\u00c7\u00c3O na F1 2024? | WGP\" width=\"500\" height=\"281\" src=\"https:\/\/www.youtube.com\/embed\/qgeTphxsjTU?feature=oembed\" frameborder=\"0\" allow=\"accelerometer; autoplay; clipboard-write; encrypted-media; gyroscope; picture-in-picture; web-share\" referrerpolicy=\"strict-origin-when-cross-origin\" allowfullscreen><\/iframe>\n<\/div><\/figure>\n","protected":false},"excerpt":{"rendered":"<p>Noah Str\u00f8msted, que corre atualmente na FRECA, preenche o posto deixado por Oliver Goethe na Campos na rodada da It\u00e1lia da F\u00f3rmula 3, a \u00faltima da temporada 2024<\/p>\n","protected":false},"author":0,"featured_media":1000859483,"comment_status":"closed","ping_status":"closed","sticky":false,"template":"","format":"standard","meta":{"42wp_featured_image_caption":"","42wp_featured_image_credits":"","42wp_featured_video":"","42wp_featured_image_hidden":false,"42wp_authors_list":[],"footnotes":""},"categories":[10],"tags":[29655,31948,1008,35968,8057,35975,1491,28285,35181,17313,40686,36321,1737,40687,36322,35474,35651,36320,36972],"42wp_author":[47147],"class_list":["post-64400","post","type-post","status-publish","format-standard","has-post-thumbnail","hentry","category-f3","tag-calendario-f3","tag-classificacao-f3","tag-f3","tag-f3-2024","tag-formula-3","tag-formula-3-2024","tag-grande-premio","tag-grandepremio","tag-horarios-f3","tag-italia","tag-italia-2024","tag-italia-f3","tag-monza","tag-monza-2024","tag-monza-f3","tag-noah-stromsted","tag-onde-assistir-f3","tag-rodada-da-italia","tag-temporada-2024-f3","42wp_author-luana-marino"],"_links":{"self":[{"href":"https:\/\/grandepremio.com\/br\/wp-json\/wp\/v2\/posts\/64400","targetHints":{"allow":["GET"]}}],"collection":[{"href":"https:\/\/grandepremio.com\/br\/wp-json\/wp\/v2\/posts"}],"about":[{"href":"https:\/\/grandepremio.com\/br\/wp-json\/wp\/v2\/types\/post"}],"replies":[{"embeddable":true,"href":"https:\/\/grandepremio.com\/br\/wp-json\/wp\/v2\/comments?post=64400"}],"version-history":[{"count":0,"href":"https:\/\/grandepremio.com\/br\/wp-json\/wp\/v2\/posts\/64400\/revisions"}],"wp:featuredmedia":[{"embeddable":true,"href":"https:\/\/grandepremio.com\/br\/wp-json\/wp\/v2\/media\/1000859483"}],"wp:attachment":[{"href":"https:\/\/grandepremio.com\/br\/wp-json\/wp\/v2\/media?parent=64400"}],"wp:term":[{"taxonomy":"category","embeddable":true,"href":"https:\/\/grandepremio.com\/br\/wp-json\/wp\/v2\/categories?post=64400"},{"taxonomy":"post_tag","embeddable":true,"href":"https:\/\/grandepremio.com\/br\/wp-json\/wp\/v2\/tags?post=64400"},{"taxonomy":"42wp_author","embeddable":true,"href":"https:\/\/grandepremio.com\/br\/wp-json\/wp\/v2\/42wp_author?post=64400"}],"curies":[{"name":"wp","href":"https:\/\/api.w.org\/{rel}","templated":true}]}}