{"id":64411,"date":"2024-08-29T10:25:03","date_gmt":"2024-08-29T13:25:03","guid":{"rendered":"https:\/\/grandepremio.com\/br\/noticias\/andrea-kimi-antonelli-escolhe-numero-ayrton-senna-carro-mercedes-estreia-formula-1\/"},"modified":"2024-08-29T18:19:13","modified_gmt":"2024-08-29T21:19:13","slug":"andrea-kimi-antonelli-escolhe-numero-ayrton-senna-carro-mercedes-estreia-formula-1","status":"publish","type":"post","link":"https:\/\/grandepremio.com\/br\/f1\/andrea-kimi-antonelli-escolhe-numero-ayrton-senna-carro-mercedes-estreia-formula-1\/","title":{"rendered":"Antonelli escolhe n\u00famero &#8216;de Senna&#8217; para carro da Mercedes na estreia pela F\u00f3rmula 1"},"content":{"rendered":"\n<p class=\"wp-block-paragraph\">O <strong>GP da It\u00e1lia<\/strong> do fim de semana conta com duas estreias na <strong>F\u00f3rmula 1<\/strong>. Uma delas \u00e9 a de <strong>Franco Colapinto<\/strong>, <strong><a href=\"https:\/\/www.grandepremio.com\/br\/f1\/noticias\/williams-demite-logan-sargeant-surpreende-franco-colapinto-restante-2024\/\">efetivado como titular da<\/a><\/strong> <strong>Williams<\/strong> ap\u00f3s a demiss\u00e3o de <strong>Logan Sargeant<\/strong>, mas a outra vem sendo aguardada h\u00e1 meses. <strong>Andrea Kimi Antonelli<\/strong> vai representar a <strong>Mercedes<\/strong> <strong><a href=\"https:\/\/www.grandepremio.com\/br\/f1\/noticias\/mercedes-presenteia-andrea-kimi-antonelli-estreia-formula-1-tl1-gp-italia\/\">pela primeira vez num treino livre<\/a><\/strong>, o primeiro dos tr\u00eas em Monza, e j\u00e1 tem n\u00famero escolhido.<\/p>\n\n\n\n<p class=\"wp-block-paragraph\">Antonelli definiu o uso do <strong>#12<\/strong> para marcar o carro da Mercedes, que assume no lugar de <strong>Lewis Hamilton<\/strong>. Desta feita, o jovem prod\u00edgio, que vive a expectativa <strong><a href=\"https:\/\/www.grandepremio.com\/br\/f1\/noticias\/chefe-confirma-andrea-kimi-antonelli-lado-george-russell-mercedes-2025-promete-todo-apoio\/\">de ser confirmado como substituto de Hamilton<\/a><\/strong> de maneira oficial da Mercedes para 2025, fica com um n\u00famero bastante conhecido do p\u00fablico brasileiro.<\/p>\n\n\n\n<p class=\"wp-block-paragraph\">O #12 j\u00e1 foi utilizado em corridas oficiais por 151 pilotos na hist\u00f3ria da categoria, desde 1950. Mas quem mais vezes largou para uma prova com o n\u00famero estampado na frente do monoposto foi o tricampe\u00e3o mundial <strong>Ayrton Senna<\/strong>, que utilizou a marca em 64 GPs entre 1985 e 1988.<\/p>\n\n\n\n<p class=\"wp-block-paragraph\">Com o #12, Senna passou os tr\u00eas anos de Lotus e o primeiro de <strong>McLaren<\/strong>, justamente quando conquistou o t\u00edtulo de 1988. A\u00ed, deixou de usar em favor do #1. Quando Senna saiu do posto de campe\u00e3o vigente e perdeu o direito ao #1, a F1 j\u00e1 havia mudado as regras e estabelecido que a numera\u00e7\u00e3o seria diretamente ligada \u00e0 classifica\u00e7\u00e3o do ano anterior.<\/p>\n\n\n\n<figure class=\"wp-block-image size-full\"><img decoding=\"async\" src=\"https:\/\/www.grandepremio.com\/br\/wp-content\/uploads\/2022\/04\/Senna88.jpeg\" alt=\"\" class=\"wp-image-563446\"\/><figcaption class=\"wp-element-caption\">Senna conquistou o Mundial de F1 em 1988 justamente com o #12 no carro (Foto: McLaren)<\/figcaption><\/figure>\n\n\n\n<p class=\"wp-block-paragraph\">Outros brasileiros tamb\u00e9m usaram o #12 nas tr\u00eas d\u00e9cadas posteriores, seja por obriga\u00e7\u00e3o por conta das regras do campeonato ou escolha pr\u00f3pria. <strong>Pedro Paulo Diniz<\/strong>, em 16 corridas na temporada 1999, e <strong>Felipe Massa<\/strong>, por 37 provas entre 2004 e 2005; bem como <strong>Felipe Nasr<\/strong>, em 40 GPs nos anos de 2015 e 2016. Nasr foi o \u00faltimo piloto, diga-se, a usar o #12 em corridas oficiais. <strong>Chico Landi, Roberto Moreno e Wilson Fittipaldi<\/strong> usaram em uma corrida cada.<\/p>\n\n\n\n<p class=\"wp-block-paragraph\">Apesar de 151 pilotos j\u00e1 terem usado o #12 na hist\u00f3ria, somente 30 utilizaram por mais de cinco corridas. Dentre estes 30, al\u00e9m de Senna, campe\u00f5es mundiais como <strong>Nigel Mansell (59 GPs), Niki Lauda (30), Jenson Button (18), Graham Hill (17) e Jack Brabham (6)<\/strong>.<\/p>\n\n\n\n<p class=\"wp-block-paragraph\">Mas outros campe\u00f5es tamb\u00e9m j\u00e1 usaram o #12, incluindo os dois que Antonelli deseja igualar: os \u00fanicos campe\u00f5es mundiais italianos de todos os tempos na F1. <strong>Alberto Ascari<\/strong> utilizou em tr\u00eas corridas entre 1951 e 1952 (ano do primeiro dos dois t\u00edtulos) e <strong>Giuseppe &#8216;Nino&#8217; Farina<\/strong> correu com o n\u00famero estampado por duas provas no ano de 1953. <strong>J\u00f6chen Rindt, Denny Hulme, Jackie Stewart, Jim Clark (4), John Surtees (2), Juan Manuel Fangio e Mario Andretti (1)<\/strong> s\u00e3o os outros campe\u00f5es que j\u00e1 vestiram o #12.<\/p>\n\n\n\n<p class=\"wp-block-paragraph\">O&nbsp;<strong>GRANDE PR\u00caMIO<\/strong>&nbsp;acompanha&nbsp;<a href=\"https:\/\/www.grandepremio.com\/br\/ao-vivo\/f1\/\" target=\"_blank\" rel=\"noreferrer noopener\"><strong>AO VIVO<\/strong>&nbsp;e&nbsp;<strong>EM&nbsp;<\/strong><\/a><strong><a href=\"https:\/\/www.grandepremio.com\/br\/ao-vivo\/\" target=\"_blank\" rel=\"noreferrer noopener\">TEMPO REAL<\/a><\/strong>&nbsp;todas as atividades do&nbsp;<strong>GP da It\u00e1lia&nbsp;<\/strong>de&nbsp;<a href=\"https:\/\/www.grandepremio.com\/br\/f1\/\" target=\"_blank\" rel=\"noreferrer noopener\">F\u00f3rmula 1<\/a>&nbsp;e transmite classifica\u00e7\u00e3o e corrida em segunda tela, em parceria com a Voz do Esporte, na&nbsp;<strong><a href=\"https:\/\/www.youtube.com\/c\/GrandePremioTV\/streams\" target=\"_blank\" rel=\"noreferrer noopener\">GPTV, o canal do GP no Youtube<\/a><\/strong>. Al\u00e9m disso, debate tudo que aconteceu na pista com o&nbsp;<strong>Briefing&nbsp;<\/strong>ap\u00f3s treinos livres e classifica\u00e7\u00e3o, al\u00e9m de antes e depois da corrida. Na sexta-feira (30), o treino livre 1 acontece \u00e0s&nbsp;<strong>8h30 (de Bras\u00edlia, GMT-3)<\/strong>. J\u00e1 a&nbsp;<strong>segunda sess\u00e3o<\/strong>&nbsp;est\u00e1 marcada para as&nbsp;<strong>12h<\/strong>. No s\u00e1bado (31), o&nbsp;<strong>TL3<\/strong>&nbsp;abre o dia \u00e0s&nbsp;<strong>7h30<\/strong>, ao passo que a&nbsp;<strong>classifica\u00e7\u00e3o&nbsp;<\/strong>ser\u00e1 \u00e0s&nbsp;<strong>11h<\/strong>. Por fim, no domingo (1\u00ba), os pilotos disputam a&nbsp;<strong>corrida&nbsp;<\/strong>em&nbsp;<strong><a href=\"https:\/\/www.grandepremio.com\/br\/circuito\/monza\/\" target=\"_blank\" rel=\"noreferrer noopener\">Monza<\/a>&nbsp;<\/strong>a partir das&nbsp;<strong>10h<\/strong>.<\/p>\n\n\n\n<p class=\"wp-block-paragraph\"><strong>\u25b6\ufe0f\u00a0Inscreva-se nos dois canais do GRANDE PR\u00caMIO no YouTube:\u00a0<a href=\"https:\/\/www.youtube.com\/channel\/UC9OlHEgxoaY6QY6nWPoiqQg?sub_confirmation=1\" target=\"_blank\" rel=\"noreferrer noopener\">GP<\/a>\u00a0|\u00a0<a href=\"https:\/\/www.youtube.com\/channel\/UC9csiS6q_C3C0FYhyr1rnFA?sub_confirmation=1\" target=\"_blank\" rel=\"noreferrer noopener\">GP2<\/a><\/strong><br><strong>\u25b6\ufe0f\u00a0LEIA TAMB\u00c9M:\u00a0<a href=\"https:\/\/www.grandepremio.com\/br\/grandepremium\/lado-a-lado\/f1\/materias\/logan-sargeant-jolyon-palmer\/\">LADO A LADO \u2014\u00a0<\/a><a href=\"https:\/\/www.grandepremio.com\/br\/piloto\/logan-sargeant\/\" target=\"_blank\" rel=\"noreferrer noopener\"><\/a><a href=\"https:\/\/www.grandepremio.com\/br\/piloto\/logan-sargeant\/\" target=\"_blank\" rel=\"noreferrer noopener\">Logan Sargeant<\/a>\u00a0x Jolyon Palmer<\/strong><\/p>\n\n\n\n<figure class=\"wp-block-embed is-type-video is-provider-youtube wp-block-embed-youtube wp-embed-aspect-16-9 wp-has-aspect-ratio\"><div class=\"wp-block-embed__wrapper\">\n<iframe loading=\"lazy\" title=\"O BATISMO de ANTONELLI em MONZA + RED BULL VELHA \u00e9 SOLU\u00c7\u00c3O na F1 2024? | WGP\" width=\"500\" height=\"281\" src=\"https:\/\/www.youtube.com\/embed\/qgeTphxsjTU?feature=oembed\" frameborder=\"0\" allow=\"accelerometer; autoplay; clipboard-write; encrypted-media; gyroscope; picture-in-picture; web-share\" referrerpolicy=\"strict-origin-when-cross-origin\" allowfullscreen><\/iframe>\n<\/div><figcaption class=\"wp-element-caption\">O BATISMO de ANTONELLI em MONZA + RED BULL VELHA \u00e9 SOLU\u00c7\u00c3O na F1 2024? | WGP<\/figcaption><\/figure>\n","protected":false},"excerpt":{"rendered":"<p>Andrea Kimi Antonelli escolheu o #12 para marcar o carro da Mercedes durante participa\u00e7\u00e3o no TL1 do GP da It\u00e1lia. Ayrton Senna \u00e9 quem mais usou n\u00famero na F\u00f3rmula 1<\/p>\n","protected":false},"author":0,"featured_media":1000847001,"comment_status":"closed","ping_status":"closed","sticky":false,"template":"","format":"standard","meta":{"42wp_featured_image_caption":"","42wp_featured_image_credits":"","42wp_featured_video":"","42wp_featured_image_hidden":false,"42wp_authors_list":[],"footnotes":""},"categories":[2],"tags":[27861,699,5660,3230,642,40725,24898,82,1737],"42wp_author":[47120],"class_list":["post-64411","post","type-post","status-publish","format-standard","has-post-thumbnail","hentry","category-f1","tag-andrea-kimi-antonelli","tag-ayrton-senna","tag-classificacao","tag-f1-2024","tag-f1-ao-vivo","tag-fim-de-semana-italia","tag-gp-da-italia","tag-mercedes","tag-monza","42wp_author-pedro-henrique-marum"],"_links":{"self":[{"href":"https:\/\/grandepremio.com\/br\/wp-json\/wp\/v2\/posts\/64411","targetHints":{"allow":["GET"]}}],"collection":[{"href":"https:\/\/grandepremio.com\/br\/wp-json\/wp\/v2\/posts"}],"about":[{"href":"https:\/\/grandepremio.com\/br\/wp-json\/wp\/v2\/types\/post"}],"replies":[{"embeddable":true,"href":"https:\/\/grandepremio.com\/br\/wp-json\/wp\/v2\/comments?post=64411"}],"version-history":[{"count":0,"href":"https:\/\/grandepremio.com\/br\/wp-json\/wp\/v2\/posts\/64411\/revisions"}],"wp:featuredmedia":[{"embeddable":true,"href":"https:\/\/grandepremio.com\/br\/wp-json\/wp\/v2\/media\/1000847001"}],"wp:attachment":[{"href":"https:\/\/grandepremio.com\/br\/wp-json\/wp\/v2\/media?parent=64411"}],"wp:term":[{"taxonomy":"category","embeddable":true,"href":"https:\/\/grandepremio.com\/br\/wp-json\/wp\/v2\/categories?post=64411"},{"taxonomy":"post_tag","embeddable":true,"href":"https:\/\/grandepremio.com\/br\/wp-json\/wp\/v2\/tags?post=64411"},{"taxonomy":"42wp_author","embeddable":true,"href":"https:\/\/grandepremio.com\/br\/wp-json\/wp\/v2\/42wp_author?post=64411"}],"curies":[{"name":"wp","href":"https:\/\/api.w.org\/{rel}","templated":true}]}}