{"id":64590,"date":"2024-08-27T17:25:00","date_gmt":"2024-08-27T20:25:00","guid":{"rendered":"https:\/\/grandepremio.com\/br\/noticias\/lewis-hamilton-velho-testamento-retoma-rusga-george-russell-diz-gabriel-curty-apos-cutucada\/"},"modified":"2024-08-27T17:27:04","modified_gmt":"2024-08-27T20:27:04","slug":"lewis-hamilton-velho-testamento-retoma-rusga-george-russell-diz-gabriel-curty-apos-cutucada","status":"publish","type":"post","link":"https:\/\/grandepremio.com\/br\/f1\/lewis-hamilton-velho-testamento-retoma-rusga-george-russell-diz-gabriel-curty-apos-cutucada\/","title":{"rendered":"&#8220;Hamilton do &#8216;Velho Testamento&#8217; retoma rusga com Russell&#8221;, diz Gabriel Curty ap\u00f3s cutucada"},"content":{"rendered":"\n<p class=\"wp-block-paragraph\">Depois de\u00a0<a href=\"https:\/\/www.grandepremio.com\/br\/f1\/noticias\/lewis-hamilton-perde-3-posicoes-grid-gp-paises-baixos-holanda-atrapalhar-sergio-perez\/\">ser punido por ter atrapalhado<\/a>\u00a0<strong><a href=\"https:\/\/www.grandepremio.com\/br\/piloto\/sergio-prez\/\" target=\"_blank\" rel=\"noreferrer noopener\">Sergio P\u00e9rez<\/a><\/strong>\u00a0durante a classifica\u00e7\u00e3o e perder tr\u00eas posi\u00e7\u00f5es no grid de largada do\u00a0<strong>GP dos Pa\u00edses Baixos<\/strong>,\u00a0<a href=\"https:\/\/www.grandepremio.com\/br\/f1\/noticias\/lando-norris-salva-apos-desmonte-largada-passa-max-verstappen-vence-gp-dos-paises-baixos-holanda-formula-1\/\">realizado no \u00faltimo domingo (25)<\/a>,\u00a0<strong><a href=\"https:\/\/www.grandepremio.com\/br\/piloto\/lewis-hamilton\/\" target=\"_blank\" rel=\"noreferrer noopener\">Lewis Hamilton<\/a><\/strong>\u00a0precisou largar da 14\u00aa coloca\u00e7\u00e3o. O heptacampe\u00e3o cruzou a linha de chegada em oitavo, mas afirmou que estava &#8220;muito feliz&#8221; com o ritmo do\u00a0<strong>W15<\/strong>\u00a0e garantiu que poderia ter conquistado mais em\u00a0<strong><a href=\"https:\/\/www.grandepremio.com\/br\/circuito\/zandvoort\/\" target=\"_blank\" rel=\"noreferrer noopener\">Zandvoort<\/a><\/strong>.<\/p>\n\n\n\n<p class=\"wp-block-paragraph\">De acordo com o #44, se ele tivesse largado da mesma posi\u00e7\u00e3o de <strong>George Russell<\/strong>, companheiro de <strong>Mercedes<\/strong>, provavelmente teria <a href=\"https:\/\/www.grandepremio.com\/br\/f1\/noticias\/lewis-hamilton-diz-chegaria-proximo-podio-se-estivesse-lugar-george-russell-zandvoort\/\">conseguido subir ao p\u00f3dio<\/a> com o b\u00f3lido da equipe liderada por\u00a0<strong>Toto Wolff<\/strong>. Uma leve provocada. Vale lembrar que o #63 come\u00e7ou em quarto, foi prejudicado pela estrat\u00e9gia das Flechas de Prata e recebeu a bandeirada em s\u00e9timo.<\/p>\n\n\n\n<p class=\"wp-block-paragraph\">De acordo com <strong>Gabriel Curty<\/strong>, sempre que Hamilton teve um piloto competitivo compartilhando a mesma garagem, a rela\u00e7\u00e3o foi dif\u00edcil \u2014 <strong>Fernando Alonso<\/strong>, <strong>Jenson Button<\/strong> e <strong>Nico Rosberg<\/strong> s\u00e3o alguns exemplos. E parece que o mesmo est\u00e1 se repetindo com Russell.<\/p>\n\n\n\n<p class=\"wp-block-paragraph\"><strong><img decoding=\"async\" src=\"https:\/\/a.slack-edge.com\/production-standard-emoji-assets\/14.0\/google-medium\/25b6-fe0f.png\" alt=\":seta_para_frente:\">&nbsp;Inscreva-se nos dois canais do GRANDE PR\u00caMIO no YouTube:&nbsp;<a href=\"https:\/\/www.youtube.com\/channel\/UC9OlHEgxoaY6QY6nWPoiqQg?sub_confirmation=1\" target=\"_blank\" rel=\"noreferrer noopener\">GP<\/a>&nbsp;|&nbsp;<a href=\"https:\/\/www.youtube.com\/channel\/UC9csiS6q_C3C0FYhyr1rnFA?sub_confirmation=1\" target=\"_blank\" rel=\"noreferrer noopener\">GP2<\/a><\/strong><br><strong><img decoding=\"async\" src=\"https:\/\/a.slack-edge.com\/production-standard-emoji-assets\/14.0\/google-medium\/25b6-fe0f.png\" alt=\":seta_para_frente:\">&nbsp;LEIA TAMB\u00c9M:&nbsp;<a href=\"https:\/\/www.grandepremio.com\/br\/f1\/noticias\/5-coisas-que-aprendemos-no-gp-dos-paises-baixos-holanda-15a-etapa-da-formula-1-2024\/\">5 coisas que aprendemos no GP dos Pa\u00edses Baixos, 15\u00aa etapa da F1 2024<\/a><\/strong><\/p>\n\n\n\n<figure class=\"wp-block-video\"><video class=\"video-js vjs-big-play-centered\" data-gp-vjs=\"1\" controls poster=\"https:\/\/www.grandepremio.com\/br\/cdn-cgi\/image\/width=1200,height=675,fit=contain,gravity=0.5x0.5,quality=75,format=webp\/wp-content\/uploads\/2024\/08\/Corte-2-Paddock-26_08-poster.jpeg\" src=\"https:\/\/www.grandepremio.com\/br\/wp-content\/uploads\/2024\/08\/Corte-2-Paddock-26_08.mp4\"><\/video><\/figure>\n\n\n\n<p class=\"wp-block-paragraph\">A\u00a0<strong><a href=\"https:\/\/www.grandepremio.com\/br\/f1\/\"><\/a><a href=\"https:\/\/www.grandepremio.com\/br\/f1\/\" target=\"_blank\" rel=\"noreferrer noopener\">F\u00f3rmula 1<\/a><\/strong>\u00a0volta neste fim de semana, entre os dias 30 de agosto a 1\u00ba de setembro, com o GP da It\u00e1lia, direto de\u00a0<a href=\"https:\/\/www.grandepremio.com\/br\/circuito\/monza\/\" target=\"_blank\" rel=\"noreferrer noopener\">Monza<\/a>.<\/p>\n","protected":false},"excerpt":{"rendered":"<p>Depois de ter um melhor desempenho no GP dos Pa\u00edses Baixos do que George Russell, Lewis Hamilton cutucou o companheiro de Mercedes ao dizer que, no lugar do #63, conseguiria ter feito um trabalho melhor<\/p>\n","protected":false},"author":0,"featured_media":1000845702,"comment_status":"closed","ping_status":"closed","sticky":false,"template":"","format":"standard","meta":{"42wp_featured_image_caption":"","42wp_featured_image_credits":"","42wp_featured_video":"","42wp_featured_image_hidden":false,"42wp_authors_list":[],"footnotes":""},"categories":[2],"tags":[5660,969,147,3230,642,160,180,30909,800,29126,40526,1491,30103,28285,87,82,1389],"42wp_author":[47160],"class_list":["post-64590","post","type-post","status-publish","format-standard","has-post-thumbnail","hentry","category-f1","tag-classificacao","tag-corrida","tag-f1","tag-f1-2024","tag-f1-ao-vivo","tag-f1-tv","tag-formula-1","tag-formula-1-2024","tag-george-russell","tag-gp-dos-paises-baixos","tag-gp-dos-paises-baixos-2024","tag-grande-premio","tag-grande-premio-f1","tag-grandepremio","tag-lewis-hamilton","tag-mercedes","tag-zandvoort","42wp_author-vicente-soella"],"_links":{"self":[{"href":"https:\/\/grandepremio.com\/br\/wp-json\/wp\/v2\/posts\/64590","targetHints":{"allow":["GET"]}}],"collection":[{"href":"https:\/\/grandepremio.com\/br\/wp-json\/wp\/v2\/posts"}],"about":[{"href":"https:\/\/grandepremio.com\/br\/wp-json\/wp\/v2\/types\/post"}],"replies":[{"embeddable":true,"href":"https:\/\/grandepremio.com\/br\/wp-json\/wp\/v2\/comments?post=64590"}],"version-history":[{"count":0,"href":"https:\/\/grandepremio.com\/br\/wp-json\/wp\/v2\/posts\/64590\/revisions"}],"wp:featuredmedia":[{"embeddable":true,"href":"https:\/\/grandepremio.com\/br\/wp-json\/wp\/v2\/media\/1000845702"}],"wp:attachment":[{"href":"https:\/\/grandepremio.com\/br\/wp-json\/wp\/v2\/media?parent=64590"}],"wp:term":[{"taxonomy":"category","embeddable":true,"href":"https:\/\/grandepremio.com\/br\/wp-json\/wp\/v2\/categories?post=64590"},{"taxonomy":"post_tag","embeddable":true,"href":"https:\/\/grandepremio.com\/br\/wp-json\/wp\/v2\/tags?post=64590"},{"taxonomy":"42wp_author","embeddable":true,"href":"https:\/\/grandepremio.com\/br\/wp-json\/wp\/v2\/42wp_author?post=64590"}],"curies":[{"name":"wp","href":"https:\/\/api.w.org\/{rel}","templated":true}]}}