{"id":64598,"date":"2024-08-27T15:37:15","date_gmt":"2024-08-27T18:37:15","guid":{"rendered":"https:\/\/grandepremio.com\/br\/noticias\/ferrari-confirma-atualizacoes-espera-fazer-torcedor-pular-alegria-gp-italia\/"},"modified":"2024-08-27T15:43:21","modified_gmt":"2024-08-27T18:43:21","slug":"ferrari-confirma-atualizacoes-espera-fazer-torcedor-pular-alegria-gp-italia","status":"publish","type":"post","link":"https:\/\/grandepremio.com\/br\/f1\/ferrari-confirma-atualizacoes-espera-fazer-torcedor-pular-alegria-gp-italia\/","title":{"rendered":"Ferrari confirma atualiza\u00e7\u00f5es e espera &#8220;fazer torcedor pular de alegria&#8221; no GP da It\u00e1lia"},"content":{"rendered":"\n<p class=\"wp-block-paragraph\">Ainda que n\u00e3o tenha especificado quais ser\u00e3o as mudan\u00e7as na <strong>SF-24<\/strong>, <strong>Fr\u00e9d\u00e9ric Vasseur<\/strong>, chefe da <strong>Ferrari<\/strong>, confirmou que a equipe preparou atualiza\u00e7\u00f5es para o <strong>GP da It\u00e1lia<\/strong>, 16\u00aa etapa da temporada 2024 da <strong>F\u00f3rmula 1<\/strong>, que acontece neste domingo (1). De acordo com o franc\u00eas, todos em Maranello est\u00e3o otimistas ap\u00f3s o <a href=\"https:\/\/www.grandepremio.com\/br\/f1\/noticias\/lando-norris-salva-apos-desmonte-largada-passa-max-verstappen-vence-gp-dos-paises-baixos-holanda-formula-1\/\">bom resultado no<\/a> <strong>GP dos Pa\u00edses Baixos<\/strong>, e agora esperam fazer os tifosi (como s\u00e3o conhecidos os torcedores fan\u00e1ticos do time italiano) &#8220;pularem de alegria&#8221; em <strong>Monza<\/strong>.<\/p>\n\n\n\n<p class=\"wp-block-paragraph\">No \u00faltimo domingo, <strong>Charles Leclerc<\/strong> conseguiu ir al\u00e9m das expectativas e <a href=\"https:\/\/www.grandepremio.com\/br\/f1\/noticias\/charles-leclerc-ferrari-entender-deu-certo-zandvoort-pede-frequencia\/\">cruzou a linha de chegada em terceiro<\/a> no circuito de <strong>Zandvoort<\/strong>, subindo ao p\u00f3dio junto de <strong>Lando Norris<\/strong> e <strong>Max Verstappen<\/strong>. Apesar do melhor ritmo da <strong>McLaren<\/strong> e da <strong>Red Bull<\/strong>, o #16 largou em sexto e segurou <strong>Oscar Piastri<\/strong> na parte final da prova. <strong>Carlos Sainz<\/strong>, por sua vez, come\u00e7ou em d\u00e9cimo e <a href=\"https:\/\/www.grandepremio.com\/br\/f1\/noticias\/carlos-sainz-diz-ferrari-deixa-gp-paises-baixos-holanda-zandvoort-mais-otimista-reves-classificacao\/\">recebeu a bandeirada em quinto<\/a>, superando nomes como <strong>Sergio P\u00e9rez<\/strong>, <strong>George Russell<\/strong> e <strong>Lewis Hamilton<\/strong>.<\/p>\n\n\n\n<p class=\"wp-block-paragraph\">&#8220;Chegamos a Monza felizes pela maneira como conseguimos o desempenho na corrida de Zandvoort, demonstrando como na F\u00f3rmula 1 muita diferen\u00e7a tamb\u00e9m se faz pela execu\u00e7\u00e3o perfeita, ou seja, pela capacidade de conseguir colocar todos os aspectos em conjunto e aproveitar melhor o potencial do pacote dispon\u00edvel&#8221;, come\u00e7ou Vasseur.<\/p>\n\n\n\n<p class=\"wp-block-paragraph\">&#8220;Monza \u00e9 uma corrida \u00fanica em todos os aspectos: a pista \u00e9 singular, sendo a mais r\u00e1pida do calend\u00e1rio. E este ano teremos de redescobri-la parcialmente, uma vez que foi totalmente recapeada e at\u00e9 mesmo as zebras de algumas curvas foram modificadas. Mas para n\u00f3s \u00e9 especial, sobretudo porque sabemos que podemos contar com o apoio de dezenas de milhares de torcedores que est\u00e3o prontos para nos levar ao m\u00e1ximo e, com raz\u00e3o, esperam de n\u00f3s grandes resultados&#8221;, continuou.<\/p>\n\n\n\n<figure class=\"wp-block-image size-large\"><img decoding=\"async\" src=\"https:\/\/www.grandepremio.com\/br\/wp-content\/uploads\/2024\/02\/foto-bahraincircuit-frederic-vasseur-day2-f1-testing-2024-1-1024x682.jpg\" alt=\"\" class=\"wp-image-779513\"\/><figcaption class=\"wp-element-caption\">Fr\u00e9d\u00e9ric Vasseur confirma que SF-24 ter\u00e1 atualiza\u00e7\u00f5es no GP da It\u00e1lia (Foto: Ferrari)<\/figcaption><\/figure>\n\n\n\n<p class=\"wp-block-paragraph\"><strong><img decoding=\"async\" src=\"https:\/\/a.slack-edge.com\/production-standard-emoji-assets\/14.0\/google-medium\/25b6-fe0f.png\" alt=\":seta_para_frente:\">&nbsp;Inscreva-se nos dois canais do GRANDE PR\u00caMIO no YouTube:&nbsp;<a href=\"https:\/\/www.youtube.com\/channel\/UC9OlHEgxoaY6QY6nWPoiqQg?sub_confirmation=1\" target=\"_blank\" rel=\"noreferrer noopener\">GP<\/a>&nbsp;|&nbsp;<a href=\"https:\/\/www.youtube.com\/channel\/UC9csiS6q_C3C0FYhyr1rnFA?sub_confirmation=1\" target=\"_blank\" rel=\"noreferrer noopener\">GP2<\/a><\/strong><br><strong><img decoding=\"async\" src=\"https:\/\/a.slack-edge.com\/production-standard-emoji-assets\/14.0\/google-medium\/25b6-fe0f.png\" alt=\":seta_para_frente:\">&nbsp;LEIA TAMB\u00c9M:&nbsp;<a href=\"https:\/\/www.grandepremio.com\/br\/f1\/noticias\/5-coisas-que-aprendemos-no-gp-dos-paises-baixos-holanda-15a-etapa-da-formula-1-2024\/\">5 coisas que aprendemos no GP dos Pa\u00edses Baixos, 15\u00aa etapa da F1 2024<\/a><\/strong><\/p>\n\n\n\n<p class=\"wp-block-paragraph\">&#8220;Sempre me lembrarei do meu primeiro GP da It\u00e1lia como chefe da Ferrari, do grito de alegria no s\u00e1bado pela pole-position de Carlos e da comemora\u00e7\u00e3o por causa do p\u00f3dio no domingo. O meu objetivo, dos pilotos e de toda a equipe \u2014 tanto a que vai para a pista quanto as centenas de pessoas que operam em Maranello \u2014\u00a0\u00e9 voltar a fazer os torcedores pularem de alegria&#8221;, afirmou Fr\u00e9d\u00e9ric.<\/p>\n\n\n\n<p class=\"wp-block-paragraph\">Confirmando o que j\u00e1 esperado, <a href=\"https:\/\/www.grandepremio.com\/br\/f1\/noticias\/charles-leclerc-diz-ferrari-tentou-limitar-danos-aguarda-atualizacao-para-monza\/\">principalmente pelos pilotos<\/a>, o mandat\u00e1rio disse que o b\u00f3lido vermelho ter\u00e1 novidades para a prova no circuito italiano. Depois da vit\u00f3ria no <strong>GP de M\u00f4naco<\/strong>, no fim de maio, a escuderia vem atravessando um momento dif\u00edcil, mas deu sinais de vida com os p\u00f3dios na <strong>B\u00e9lgica<\/strong> e nos <strong>Pa\u00edses Baixos<\/strong>, mas sabe que precisa continuar trabalhando se quiser alcan\u00e7ar as principais rivais.<\/p>\n\n\n\n<p class=\"wp-block-paragraph\">&#8220;Para isso, introduziremos na SF-24 algumas atualiza\u00e7\u00f5es que esperamos que nos levem adiante em termos de competitividade. Precisamos do apoio de todos os nossos torcedores, vamos colocar nosso cora\u00e7\u00e3o e alma nisso&#8221;, finalizou Vasseur.<\/p>\n\n\n\n<p class=\"wp-block-paragraph\">A\u00a0<strong><a href=\"https:\/\/www.grandepremio.com\/br\/f1\/\"><\/a><a href=\"https:\/\/www.grandepremio.com\/br\/f1\/\" target=\"_blank\" rel=\"noreferrer noopener\">F\u00f3rmula 1<\/a><\/strong>\u00a0volta neste fim de semana, entre os dias 30 de agosto a 1\u00ba de setembro, com o GP da It\u00e1lia, direto de\u00a0<a href=\"https:\/\/www.grandepremio.com\/br\/circuito\/monza\/\" target=\"_blank\" rel=\"noreferrer noopener\">Monza<\/a>.<\/p>\n\n\n\n<figure class=\"wp-block-embed is-type-video is-provider-youtube wp-block-embed-youtube wp-embed-aspect-16-9 wp-has-aspect-ratio\"><div class=\"wp-block-embed__wrapper\">\n<iframe loading=\"lazy\" title=\"Williams PERDE a PACI\u00caNCIA e DEMITE SARGEANT + DRUGOVICH RECEBE APOIO para ir \u00e0 F1 | Paddock Sprint\" width=\"500\" height=\"281\" src=\"https:\/\/www.youtube.com\/embed\/yyWNE3mUe94?feature=oembed\" frameborder=\"0\" allow=\"accelerometer; autoplay; clipboard-write; encrypted-media; gyroscope; picture-in-picture; web-share\" referrerpolicy=\"strict-origin-when-cross-origin\" allowfullscreen><\/iframe>\n<\/div><\/figure>\n","protected":false},"excerpt":{"rendered":"<p>Fr\u00e9d\u00e9ric Vasseur confirmou mudan\u00e7as na SF-24 em busca de mais competitividade contra McLaren e Red Bull e afirmou que a Ferrari vai colocar &#8220;cora\u00e7\u00e3o e alma&#8221; no objetivo de conseguir um grande resultado no GP da It\u00e1lia, neste fim de semana<\/p>\n","protected":false},"author":0,"featured_media":1000857856,"comment_status":"closed","ping_status":"closed","sticky":false,"template":"","format":"standard","meta":{"42wp_featured_image_caption":"","42wp_featured_image_credits":"","42wp_featured_video":"","42wp_featured_image_hidden":false,"42wp_authors_list":[],"footnotes":""},"categories":[2],"tags":[5660,969,147,3230,642,160,207,180,30909,1322,24898,39711,1491,30103,28285,1737],"42wp_author":[47160],"class_list":["post-64598","post","type-post","status-publish","format-standard","has-post-thumbnail","hentry","category-f1","tag-classificacao","tag-corrida","tag-f1","tag-f1-2024","tag-f1-ao-vivo","tag-f1-tv","tag-ferrari","tag-formula-1","tag-formula-1-2024","tag-frederic-vasseur","tag-gp-da-italia","tag-gp-da-italia-2024","tag-grande-premio","tag-grande-premio-f1","tag-grandepremio","tag-monza","42wp_author-vicente-soella"],"_links":{"self":[{"href":"https:\/\/grandepremio.com\/br\/wp-json\/wp\/v2\/posts\/64598","targetHints":{"allow":["GET"]}}],"collection":[{"href":"https:\/\/grandepremio.com\/br\/wp-json\/wp\/v2\/posts"}],"about":[{"href":"https:\/\/grandepremio.com\/br\/wp-json\/wp\/v2\/types\/post"}],"replies":[{"embeddable":true,"href":"https:\/\/grandepremio.com\/br\/wp-json\/wp\/v2\/comments?post=64598"}],"version-history":[{"count":0,"href":"https:\/\/grandepremio.com\/br\/wp-json\/wp\/v2\/posts\/64598\/revisions"}],"wp:featuredmedia":[{"embeddable":true,"href":"https:\/\/grandepremio.com\/br\/wp-json\/wp\/v2\/media\/1000857856"}],"wp:attachment":[{"href":"https:\/\/grandepremio.com\/br\/wp-json\/wp\/v2\/media?parent=64598"}],"wp:term":[{"taxonomy":"category","embeddable":true,"href":"https:\/\/grandepremio.com\/br\/wp-json\/wp\/v2\/categories?post=64598"},{"taxonomy":"post_tag","embeddable":true,"href":"https:\/\/grandepremio.com\/br\/wp-json\/wp\/v2\/tags?post=64598"},{"taxonomy":"42wp_author","embeddable":true,"href":"https:\/\/grandepremio.com\/br\/wp-json\/wp\/v2\/42wp_author?post=64598"}],"curies":[{"name":"wp","href":"https:\/\/api.w.org\/{rel}","templated":true}]}}