{"id":64606,"date":"2024-08-27T13:50:41","date_gmt":"2024-08-27T16:50:41","guid":{"rendered":"https:\/\/grandepremio.com\/br\/noticias\/franco-colapinto-quebra-jejum-23-anos-23o-piloto-argentino-formula-1\/"},"modified":"2024-08-27T14:51:30","modified_gmt":"2024-08-27T17:51:30","slug":"franco-colapinto-quebra-jejum-23-anos-23o-piloto-argentino-formula-1","status":"publish","type":"post","link":"https:\/\/grandepremio.com\/br\/f1\/franco-colapinto-quebra-jejum-23-anos-23o-piloto-argentino-formula-1\/","title":{"rendered":"Colapinto quebra jejum de 23 anos e vira 23\u00ba piloto argentino na F\u00f3rmula 1"},"content":{"rendered":"\n<p class=\"wp-block-paragraph\">Na tarde desta ter\u00e7a-feira (27), a <strong>Williams <\/strong><a href=\"https:\/\/www.grandepremio.com\/br\/f1\/noticias\/williams-demite-logan-sargeant-surpreende-franco-colapinto-restante-2024\/\">anunciou <\/a>que <strong>Franco Colapinto<\/strong> vai substituir<strong> Logan Sargeant<\/strong> na equipe at\u00e9 o final de 2024. Com isso, o piloto de 21 anos se torna o 23\u00ba argentino a competir na<strong> F\u00f3rmula 1 <\/strong>e o primeiro desde <strong>Gast\u00f3n Mazzacane<\/strong>, que correu na categoria entre 2000 e 2001 por <strong>Minardi <\/strong>e <strong>Prost<\/strong>.<\/p>\n\n\n\n<p class=\"wp-block-paragraph\">O primeiro argentino a correr na F\u00f3rmula 1 foi justamente o que obteve maior sucesso: <strong>Juan Manuel Fangio<\/strong>. O lend\u00e1rio pentacampe\u00e3o mundial, que esteve na categoria de 1950 a 1951 e entre 1953 e 1958, disputou 51 GPs, subiu ao p\u00f3dio 35 vezes e venceu 24 provas.&nbsp;<\/p>\n\n\n\n<p class=\"wp-block-paragraph\">Al\u00e9m disso, Fangio \u00e9 o \u00fanico piloto da hist\u00f3ria a ser campe\u00e3o mundial por quatro equipes diferentes: <strong>Alfa Romeo<\/strong>, <strong>Maserati<\/strong>, <strong>Ferrari <\/strong>e <strong>Mercedes.<\/strong><\/p>\n\n\n\n<p class=\"wp-block-paragraph\">Outros dois argentinos tamb\u00e9m j\u00e1 venceram GPs na hist\u00f3ria da F\u00f3rmula 1. <strong>Jos\u00e9 Froil\u00e1n Gonz\u00e1lez <\/strong>competiu na categoria de 1950 a 1960 e triunfou em duas oportunidades, ambas no <strong>GP da Inglaterra<\/strong>, em 1951 e 1954. Al\u00e9m disso, tamb\u00e9m subiu ao p\u00f3dio 15 vezes.&nbsp;<\/p>\n\n\n\n<figure class=\"wp-block-image size-full\"><img decoding=\"async\" src=\"https:\/\/www.grandepremio.com\/br\/wp-content\/uploads\/2024\/05\/Franco-Colapinto-Imola-F2.jpg\" alt=\"\" class=\"wp-image-816125\"\/><figcaption class=\"wp-element-caption\">Franco Colapinto pilotar\u00e1 pela Williams nas \u00faltimas nove corridas de 2024 (Foto: F2)<\/figcaption><\/figure>\n\n\n\n<p class=\"wp-block-paragraph\">O \u00faltimo argentino a vencer na F\u00f3rmula 1 foi <strong>Carlos Reutemann<\/strong>, que correu na categoria de 1972 a 1982, sendo vice-campe\u00e3o mundial em 1981 e perdendo o t\u00edtulo para<strong> Nelson Piquet <\/strong>na \u00faltima prova, o<strong> GP de Las Vegas<\/strong>, por apenas um ponto. O ex-piloto somou 12 triunfos em GPs e subiu ao p\u00f3dio 45 vezes na carreira.<\/p>\n\n\n\n<p class=\"wp-block-paragraph\">Al\u00e9m dos tr\u00eas vencedores, outros dois argentinos j\u00e1 subiram ao p\u00f3dio na F\u00f3rmula 1: <strong>Onofre Marim\u00f3n<\/strong>, com dois terceiros lugares em <strong>Spa-Francorchamps<\/strong> 1953 e <strong>Silverstone <\/strong>1954, e <strong>Carlos Menditeguy<\/strong>, que ficou na terceira coloca\u00e7\u00e3o no pr\u00f3prio <strong>GP da Argentina<\/strong> de 1957.<\/p>\n\n\n\n<p class=\"wp-block-paragraph\">Desde a aposentadoria de Reutemann em 1982, mais quatro argentinos pisaram na F1, mas nenhum deles foi capaz de somar pontos em 59 GPs somados entre todos.\u00a0<\/p>\n\n\n\n<p class=\"wp-block-paragraph\">Colapinto vai estrear na Williams e na categoria j\u00e1 neste fim de semana, quando a <strong>F\u00f3rmula 1<\/strong> volta para o <strong>GP da It\u00e1lia<\/strong>, em <strong>Monza<\/strong>, entre os dias 30 de agosto e 1\u00ba de setembro.<\/p>\n\n\n\n<p class=\"wp-block-paragraph\"><strong>\u25b6\ufe0f&nbsp;Inscreva-se nos dois canais do GRANDE PR\u00caMIO no YouTube:&nbsp;<a href=\"https:\/\/www.youtube.com\/channel\/UC9OlHEgxoaY6QY6nWPoiqQg?sub_confirmation=1\" target=\"_blank\" rel=\"noreferrer noopener\">GP<\/a>&nbsp;|&nbsp;<a href=\"https:\/\/www.youtube.com\/channel\/UC9csiS6q_C3C0FYhyr1rnFA?sub_confirmation=1\" target=\"_blank\" rel=\"noreferrer noopener\">GP2<\/a><\/strong><\/p>\n\n\n\n<figure class=\"wp-block-embed is-type-video is-provider-youtube wp-block-embed-youtube wp-embed-aspect-16-9 wp-has-aspect-ratio\"><div class=\"wp-block-embed__wrapper\">\n<iframe loading=\"lazy\" title=\"NORRIS ATROPELA NA CASA DE VERSTAPPEN. TEM BRIGA NA F1? | Paddock GP #386\" width=\"500\" height=\"281\" src=\"https:\/\/www.youtube.com\/embed\/7bcH5w4IP0Y?feature=oembed\" frameborder=\"0\" allow=\"accelerometer; autoplay; clipboard-write; encrypted-media; gyroscope; picture-in-picture; web-share\" referrerpolicy=\"strict-origin-when-cross-origin\" allowfullscreen><\/iframe>\n<\/div><\/figure>\n","protected":false},"excerpt":{"rendered":"<p>Williams anunciou nesta ter\u00e7a-feira (27) que Franco Colapinto ir\u00e1 substituir Logan Sargeant na equipe pelo restante da temporada <\/p>\n","protected":false},"author":0,"featured_media":1000836742,"comment_status":"closed","ping_status":"closed","sticky":false,"template":"","format":"standard","meta":{"42wp_featured_image_caption":"","42wp_featured_image_credits":"","42wp_featured_video":"","42wp_featured_image_hidden":false,"42wp_authors_list":[],"footnotes":""},"categories":[2],"tags":[179,2838,5660,969,147,3230,642,160,180,30909,25440,1491,30103,28285,1971,25553,215],"42wp_author":[47162],"class_list":["post-64606","post","type-post","status-publish","format-standard","has-post-thumbnail","hentry","category-f1","tag-argentina","tag-carlos-reutemann","tag-classificacao","tag-corrida","tag-f1","tag-f1-2024","tag-f1-ao-vivo","tag-f1-tv","tag-formula-1","tag-formula-1-2024","tag-franco-colapinto","tag-grande-premio","tag-grande-premio-f1","tag-grandepremio","tag-juan-manuel-fangio","tag-logan-sargeant","tag-williams","42wp_author-giovani-danjo"],"_links":{"self":[{"href":"https:\/\/grandepremio.com\/br\/wp-json\/wp\/v2\/posts\/64606","targetHints":{"allow":["GET"]}}],"collection":[{"href":"https:\/\/grandepremio.com\/br\/wp-json\/wp\/v2\/posts"}],"about":[{"href":"https:\/\/grandepremio.com\/br\/wp-json\/wp\/v2\/types\/post"}],"replies":[{"embeddable":true,"href":"https:\/\/grandepremio.com\/br\/wp-json\/wp\/v2\/comments?post=64606"}],"version-history":[{"count":0,"href":"https:\/\/grandepremio.com\/br\/wp-json\/wp\/v2\/posts\/64606\/revisions"}],"wp:featuredmedia":[{"embeddable":true,"href":"https:\/\/grandepremio.com\/br\/wp-json\/wp\/v2\/media\/1000836742"}],"wp:attachment":[{"href":"https:\/\/grandepremio.com\/br\/wp-json\/wp\/v2\/media?parent=64606"}],"wp:term":[{"taxonomy":"category","embeddable":true,"href":"https:\/\/grandepremio.com\/br\/wp-json\/wp\/v2\/categories?post=64606"},{"taxonomy":"post_tag","embeddable":true,"href":"https:\/\/grandepremio.com\/br\/wp-json\/wp\/v2\/tags?post=64606"},{"taxonomy":"42wp_author","embeddable":true,"href":"https:\/\/grandepremio.com\/br\/wp-json\/wp\/v2\/42wp_author?post=64606"}],"curies":[{"name":"wp","href":"https:\/\/api.w.org\/{rel}","templated":true}]}}