{"id":64682,"date":"2024-08-27T08:54:19","date_gmt":"2024-08-27T11:54:19","guid":{"rendered":"https:\/\/grandepremio.com\/br\/noticias\/jack-doohan-vai-pista-imola-em-teste-alpine-de-olho-em-2025-kush-maini-tambem-participa\/"},"modified":"2024-08-27T08:54:27","modified_gmt":"2024-08-27T11:54:27","slug":"jack-doohan-vai-pista-imola-em-teste-alpine-de-olho-em-2025-kush-maini-tambem-participa","status":"publish","type":"post","link":"https:\/\/grandepremio.com\/br\/f1\/jack-doohan-vai-pista-imola-em-teste-alpine-de-olho-em-2025-kush-maini-tambem-participa\/","title":{"rendered":"Doohan vai \u00e0 pista de \u00cdmola em teste da Alpine de olho em 2025. Maini tamb\u00e9m participa"},"content":{"rendered":"\n<p class=\"wp-block-paragraph\">A <strong>Alpine <\/strong><a href=\"https:\/\/www.grandepremio.com\/br\/f1\/noticias\/alpine-opta-escolha-caseira-promove-jack-doohan-vaga-esteban-ocon-f1-2025\/\">confirmou a contrata\u00e7\u00e3o<\/a> de <strong>Jack Doohan<\/strong> na \u00faltima sexta-feira (23), mas j\u00e1 iniciou os trabalhos com o australiano pensando em 2025. Antes de chegar a <strong>Monza <\/strong>para disputar o<strong> GP da It\u00e1lia<\/strong>, a equipe francesa fez uma parada em <strong>\u00cdmola <\/strong>para realizar testes com o piloto australiano e com <strong>Kush Maini<\/strong>, titular da <strong>Virtuosi <\/strong>na<strong> F\u00f3rmula 2<\/strong>.<\/p>\n\n\n\n<p class=\"wp-block-paragraph\">As informa\u00e7\u00f5es sobre os testes, no entanto, foram escassas. Atrav\u00e9s de seu perfil nas redes sociais, a <strong>Alpine <\/strong>confirmou que <strong>Doohan <\/strong>e <strong>Maini <\/strong>estariam em <strong>\u00cdmola <\/strong>para realizar dois dias de atividades a bordo da <strong>A522<\/strong>, carro utilizado pela equipe na temporada 2022 da F\u00f3rmula 1.<\/p>\n\n\n\n<p class=\"wp-block-paragraph\">Ao todo, ser\u00e3o dois dias de teste, sendo que o primeiro deles \u00e9 nesta ter\u00e7a-feira (27), com <strong>Doohan <\/strong>comandando a sess\u00e3o.&nbsp;<\/p>\n\n\n\n<p class=\"wp-block-paragraph\"><strong>Doohan <\/strong>\u00e9 o primeiro piloto da academia da <strong>Alpine <\/strong>a ser promovido para a <strong>F\u00f3rmula 1<\/strong>. A decis\u00e3o veio depois de <strong>Esteban Ocon <\/strong>optar por descontinuar o projeto com a equipe e se mudar para a <strong>Haas <\/strong>em 2025. Os franceses at\u00e9 tentaram contratar <strong>Carlos Sainz<\/strong>, mas o espanhol decidiu seguir com a <strong>Williams <\/strong>no futuro. <strong>Jack <\/strong>ent\u00e3o acabou sendo a escolha natural.<\/p>\n\n\n\n<figure class=\"wp-block-image size-large\"><img decoding=\"async\" src=\"https:\/\/www.grandepremio.com\/br\/wp-content\/uploads\/2023\/10\/Kush-Maini-Alpine-1024x768.jpg\" alt=\"\" class=\"wp-image-744891\"\/><figcaption class=\"wp-element-caption\">Kush Maini tamb\u00e9m vai testar com a Alpine (Foto: Alpine)<\/figcaption><\/figure>\n\n\n\n<p class=\"wp-block-paragraph\"><strong>Maini<\/strong>, por sua vez, faz seu segundo ano de<strong> F\u00f3rmula 2 <\/strong>e atualmente \u00e9 o nono colocado com 74 pontos, uma vit\u00f3ria e cinco p\u00f3dios.<\/p>\n\n\n\n<p class=\"wp-block-paragraph\">A\u00a0<strong><a href=\"https:\/\/www.grandepremio.com\/br\/f1\/\"><\/a><a href=\"https:\/\/www.grandepremio.com\/br\/f1\/\" target=\"_blank\" rel=\"noreferrer noopener\">F\u00f3rmula 1<\/a><\/strong>\u00a0volta neste fim de semana, entre os dias 30 de agosto a 1\u00ba de setembro, com o GP da It\u00e1lia, direto de\u00a0<a href=\"https:\/\/www.grandepremio.com\/br\/circuito\/monza\/\" target=\"_blank\" rel=\"noreferrer noopener\">Monza<\/a>.<\/p>\n\n\n\n<p class=\"wp-block-paragraph\"><strong>\u00a0Inscreva-se nos dois canais do GRANDE PR\u00caMIO no YouTube:\u00a0<a href=\"https:\/\/www.youtube.com\/channel\/UC9OlHEgxoaY6QY6nWPoiqQg?sub_confirmation=1\" target=\"_blank\" rel=\"noreferrer noopener\">GP<\/a>\u00a0|\u00a0<a href=\"https:\/\/www.youtube.com\/channel\/UC9csiS6q_C3C0FYhyr1rnFA?sub_confirmation=1\" target=\"_blank\" rel=\"noreferrer noopener\">GP2<\/a><\/strong><\/p>\n\n\n\n<figure class=\"wp-block-embed is-type-video is-provider-youtube wp-block-embed-youtube wp-embed-aspect-16-9 wp-has-aspect-ratio\"><div class=\"wp-block-embed__wrapper\">\n<iframe loading=\"lazy\" title=\"DOOHAN \u00e9 GRITO DE DESESPERO de uma ALPINE sem sa\u00edda | GP \u00e0s 10\" width=\"500\" height=\"281\" src=\"https:\/\/www.youtube.com\/embed\/r2ImhSseF6E?feature=oembed\" frameborder=\"0\" allow=\"accelerometer; autoplay; clipboard-write; encrypted-media; gyroscope; picture-in-picture; web-share\" referrerpolicy=\"strict-origin-when-cross-origin\" allowfullscreen><\/iframe>\n<\/div><\/figure>\n","protected":false},"excerpt":{"rendered":"<p>Antes de chegar em Monza para o GP da It\u00e1lia, a Alpine passou em \u00cdmola para realizar alguns trabalhos com Jack Doohan e Kush Maini<\/p>\n","protected":false},"author":0,"featured_media":1000856250,"comment_status":"closed","ping_status":"closed","sticky":false,"template":"","format":"standard","meta":{"42wp_featured_image_caption":"","42wp_featured_image_credits":"","42wp_featured_video":"","42wp_featured_image_hidden":false,"42wp_authors_list":[],"footnotes":""},"categories":[2],"tags":[20491,3230,180,30909,1491,28285,5386,32107],"42wp_author":[47149],"class_list":["post-64682","post","type-post","status-publish","format-standard","has-post-thumbnail","hentry","category-f1","tag-alpine","tag-f1-2024","tag-formula-1","tag-formula-1-2024","tag-grande-premio","tag-grandepremio","tag-imola","tag-kush-maini","42wp_author-bernardo-castro"],"_links":{"self":[{"href":"https:\/\/grandepremio.com\/br\/wp-json\/wp\/v2\/posts\/64682","targetHints":{"allow":["GET"]}}],"collection":[{"href":"https:\/\/grandepremio.com\/br\/wp-json\/wp\/v2\/posts"}],"about":[{"href":"https:\/\/grandepremio.com\/br\/wp-json\/wp\/v2\/types\/post"}],"replies":[{"embeddable":true,"href":"https:\/\/grandepremio.com\/br\/wp-json\/wp\/v2\/comments?post=64682"}],"version-history":[{"count":0,"href":"https:\/\/grandepremio.com\/br\/wp-json\/wp\/v2\/posts\/64682\/revisions"}],"wp:featuredmedia":[{"embeddable":true,"href":"https:\/\/grandepremio.com\/br\/wp-json\/wp\/v2\/media\/1000856250"}],"wp:attachment":[{"href":"https:\/\/grandepremio.com\/br\/wp-json\/wp\/v2\/media?parent=64682"}],"wp:term":[{"taxonomy":"category","embeddable":true,"href":"https:\/\/grandepremio.com\/br\/wp-json\/wp\/v2\/categories?post=64682"},{"taxonomy":"post_tag","embeddable":true,"href":"https:\/\/grandepremio.com\/br\/wp-json\/wp\/v2\/tags?post=64682"},{"taxonomy":"42wp_author","embeddable":true,"href":"https:\/\/grandepremio.com\/br\/wp-json\/wp\/v2\/42wp_author?post=64682"}],"curies":[{"name":"wp","href":"https:\/\/api.w.org\/{rel}","templated":true}]}}