{"id":65020,"date":"2024-08-24T15:18:40","date_gmt":"2024-08-24T18:18:40","guid":{"rendered":"https:\/\/grandepremio.com\/br\/noticias\/fia-desclassifica-alexander-albon-grid-gp-paises-baixos-holanda-assoalho-irregular\/"},"modified":"2024-08-24T15:36:12","modified_gmt":"2024-08-24T18:36:12","slug":"fia-desclassifica-alexander-albon-grid-gp-paises-baixos-holanda-assoalho-irregular","status":"publish","type":"post","link":"https:\/\/grandepremio.com\/br\/f1\/fia-desclassifica-alexander-albon-grid-gp-paises-baixos-holanda-assoalho-irregular\/","title":{"rendered":"FIA desclassifica Albon do grid do GP dos Pa\u00edses Baixos por assoalho irregular"},"content":{"rendered":"\n<p class=\"wp-block-paragraph\">Depois de ver <strong>Logan Sargeant<\/strong> <a href=\"https:\/\/www.grandepremio.com\/br\/f1\/noticias\/logan-sargeant-fora-classificacao-acidente-tl3-gp-paises-baixos-holanda\/\">bater violentamente durante o TL3<\/a> e causar enormes preju\u00edzos aos cofres da companhia, a <strong>Williams<\/strong> at\u00e9 pensou que a oitava posi\u00e7\u00e3o conquistada por <strong>Alexander Albon<\/strong> na classifica\u00e7\u00e3o do <strong>GP dos Pa\u00edses Baixos<\/strong>, <a href=\"https:\/\/www.grandepremio.com\/br\/f1\/noticias\/lando-norris-confirma-forca-mclaren-marca-pole-gp-dos-paises-baixos-holanda-max-verstappen-2\/\">realizada neste s\u00e1bado (24)<\/a>, serviria como um alento. Ledo engano.<\/p>\n\n\n\n<p class=\"wp-block-paragraph\">O anglo-tailand\u00eas at\u00e9 apresentou um \u00f3timo ritmo durante esta tarde, em <strong>Zandvoort<\/strong>, superando nomes como os de <strong>Carlos Sainz<\/strong> e <strong>Lewis Hamilton<\/strong> e avan\u00e7ando ao Q3 com o <strong>FW46<\/strong> repleto de atualiza\u00e7\u00f5es. No entanto, momentos depois do fim da sess\u00e3o, <strong>Jo Bauer<\/strong>, delegado t\u00e9cnico da <strong>Federa\u00e7\u00e3o Internacional de Automobilismo<\/strong> (<strong>FIA<\/strong>), constatou que o assoalho do b\u00f3lido #23 estava fora dos padr\u00f5es estabelecidos no artigo 3.5.1 do regulamento, levando o caso aos comiss\u00e1rios.<\/p>\n\n\n\n<p class=\"wp-block-paragraph\">Algumas horas depois, a dire\u00e7\u00e3o de prova confirmou o que j\u00e1 era esperado. No documento oficial divulgado, a entidade m\u00e1xima do esporte a motor explicou que &#8220;a equipe n\u00e3o contestou a calibra\u00e7\u00e3o do sistema de medi\u00e7\u00e3o da FIA e nem a medi\u00e7\u00e3o do carro, mas afirmou que a pr\u00f3pria medi\u00e7\u00e3o havia produzido resultados diferentes&#8221;.<\/p>\n\n\n\n<p class=\"wp-block-paragraph\">No entanto, &#8220;os comiss\u00e1rios determinaram que o resultado da medi\u00e7\u00e3o conduzida pela FIA no regime de parque fechado \u00e9 o que deve ser considerado e que o processo prescrito em regulamento deve ser seguido. Portanto, a puni\u00e7\u00e3o padr\u00e3o para tal infra\u00e7\u00e3o foi aplicada&#8221;.<\/p>\n\n\n\n<figure class=\"wp-block-image size-large\"><img decoding=\"async\" src=\"https:\/\/www.grandepremio.com\/br\/wp-content\/uploads\/2024\/08\/paises-baixos-holanda-2024-f1-classificacao-williams-alexander-albon-03-1200x802.jpg\" alt=\"\" class=\"wp-image-857258\"\/><figcaption class=\"wp-element-caption\">Alexander Albon havia conquistado a oitava posi\u00e7\u00e3o no grid em Zandvoort (Foto: Williams)<\/figcaption><\/figure>\n\n\n\n<p class=\"wp-block-paragraph\"><strong><img decoding=\"async\" src=\"https:\/\/a.slack-edge.com\/production-standard-emoji-assets\/14.0\/google-medium\/25b6-fe0f.png\" alt=\":seta_para_frente:\">\u00a0Inscreva-se nos dois canais do GRANDE PR\u00caMIO no YouTube:\u00a0<a href=\"https:\/\/www.youtube.com\/channel\/UC9OlHEgxoaY6QY6nWPoiqQg?sub_confirmation=1\" target=\"_blank\" rel=\"noreferrer noopener\">GP<\/a>\u00a0|\u00a0<a href=\"https:\/\/www.youtube.com\/channel\/UC9csiS6q_C3C0FYhyr1rnFA?sub_confirmation=1\" target=\"_blank\" rel=\"noreferrer noopener\">GP2<\/a><\/strong><br><strong><img decoding=\"async\" src=\"https:\/\/a.slack-edge.com\/production-standard-emoji-assets\/14.0\/google-medium\/25b6-fe0f.png\" alt=\":seta_para_frente:\">\u00a0LEIA TAMB\u00c9M:\u00a0<a href=\"https:\/\/www.grandepremio.com\/br\/f1\/noticias\/lando-norris-confirma-forca-mclaren-marca-pole-gp-dos-paises-baixos-holanda-max-verstappen-2\/\">Norris confirma for\u00e7a da McLaren e marca pole do GP dos Pa\u00edses Baixos. Verstappen \u00e9 2\u00ba<\/a><\/strong><\/p>\n\n\n\n<p class=\"wp-block-paragraph\">Desta forma, todos os demais competidores que terminaram a classifica\u00e7\u00e3o atr\u00e1s de Albon ganharam uma posi\u00e7\u00e3o no grid de largada. A dupla da Williams, por sua vez, preencher\u00e1 a \u00faltima fila.<\/p>\n\n\n\n<p class=\"wp-block-paragraph\">O&nbsp;<strong>GRANDE PR\u00caMIO<\/strong>&nbsp;acompanha&nbsp;<a href=\"https:\/\/www.grandepremio.com\/br\/ao-vivo\/f1\/\" target=\"_blank\" rel=\"noreferrer noopener\"><strong>AO VIVO<\/strong>&nbsp;e&nbsp;<strong>EM&nbsp;<\/strong><\/a><strong><a href=\"https:\/\/www.grandepremio.com\/br\/ao-vivo\/\" target=\"_blank\" rel=\"noreferrer noopener\">TEMPO REAL<\/a><\/strong>&nbsp;todas as atividades do&nbsp;<strong>GP dos Pa\u00edses Baixos<\/strong>&nbsp;de&nbsp;<a href=\"https:\/\/www.grandepremio.com\/br\/f1\/\" target=\"_blank\" rel=\"noreferrer noopener\">F\u00f3rmula 1<\/a>&nbsp;e transmite classifica\u00e7\u00e3o e corrida em segunda tela, em parceria com a Voz do Esporte, na&nbsp;<strong><a href=\"https:\/\/www.youtube.com\/c\/GrandePremioTV\/streams\" target=\"_blank\" rel=\"noreferrer noopener\">GPTV, o canal do GP no Youtube<\/a><\/strong>. Al\u00e9m disso, debate tudo que aconteceu na pista com o&nbsp;<strong>Briefing&nbsp;<\/strong>ap\u00f3s treinos livres e classifica\u00e7\u00e3o, al\u00e9m de antes e depois da corrida. No domingo (25), os pilotos disputam a&nbsp;<strong>corrida&nbsp;<\/strong>em&nbsp;<strong><a href=\"https:\/\/www.grandepremio.com\/br\/circuito\/zandvoort\/\" target=\"_blank\" rel=\"noreferrer noopener\">Zandvoort<\/a>&nbsp;<\/strong>tamb\u00e9m a partir das&nbsp;<strong>10h<\/strong>&nbsp;<strong>(de Bras\u00edlia, GMT-3)<\/strong>.<\/p>\n\n\n\n<figure class=\"wp-block-embed is-type-video is-provider-youtube wp-block-embed-youtube wp-embed-aspect-16-9 wp-has-aspect-ratio\"><div class=\"wp-block-embed__wrapper\">\n<iframe loading=\"lazy\" title=\"NORRIS POLE, VERSTAPPEN 2\u00ba, HAMILTON FICA no Q2: a CLASSIFICA\u00c7\u00c3O da F1 na HOLANDA | Briefing\" width=\"500\" height=\"281\" src=\"https:\/\/www.youtube.com\/embed\/_mZQfs6LolM?feature=oembed\" frameborder=\"0\" allow=\"accelerometer; autoplay; clipboard-write; encrypted-media; gyroscope; picture-in-picture; web-share\" referrerpolicy=\"strict-origin-when-cross-origin\" allowfullscreen><\/iframe>\n<\/div><\/figure>\n","protected":false},"excerpt":{"rendered":"<p>Ap\u00f3s conquistar o oitavo lugar no grid de largada do GP dos Pa\u00edses Baixos, Alexander Albon foi desclassificado horas depois por causa de uma irregularidade encontrada no assoalho do FW46<\/p>\n","protected":false},"author":0,"featured_media":1000847667,"comment_status":"closed","ping_status":"closed","sticky":false,"template":"","format":"standard","meta":{"42wp_featured_image_caption":"","42wp_featured_image_credits":"","42wp_featured_video":"","42wp_featured_image_hidden":false,"42wp_authors_list":[],"footnotes":""},"categories":[2],"tags":[654,5660,969,147,3230,642,160,180,30909,29126,40526,1491,30103,28285,215,1389],"42wp_author":[47160],"class_list":["post-65020","post","type-post","status-publish","format-standard","has-post-thumbnail","hentry","category-f1","tag-alexander-albon","tag-classificacao","tag-corrida","tag-f1","tag-f1-2024","tag-f1-ao-vivo","tag-f1-tv","tag-formula-1","tag-formula-1-2024","tag-gp-dos-paises-baixos","tag-gp-dos-paises-baixos-2024","tag-grande-premio","tag-grande-premio-f1","tag-grandepremio","tag-williams","tag-zandvoort","42wp_author-vicente-soella"],"_links":{"self":[{"href":"https:\/\/grandepremio.com\/br\/wp-json\/wp\/v2\/posts\/65020","targetHints":{"allow":["GET"]}}],"collection":[{"href":"https:\/\/grandepremio.com\/br\/wp-json\/wp\/v2\/posts"}],"about":[{"href":"https:\/\/grandepremio.com\/br\/wp-json\/wp\/v2\/types\/post"}],"replies":[{"embeddable":true,"href":"https:\/\/grandepremio.com\/br\/wp-json\/wp\/v2\/comments?post=65020"}],"version-history":[{"count":0,"href":"https:\/\/grandepremio.com\/br\/wp-json\/wp\/v2\/posts\/65020\/revisions"}],"wp:featuredmedia":[{"embeddable":true,"href":"https:\/\/grandepremio.com\/br\/wp-json\/wp\/v2\/media\/1000847667"}],"wp:attachment":[{"href":"https:\/\/grandepremio.com\/br\/wp-json\/wp\/v2\/media?parent=65020"}],"wp:term":[{"taxonomy":"category","embeddable":true,"href":"https:\/\/grandepremio.com\/br\/wp-json\/wp\/v2\/categories?post=65020"},{"taxonomy":"post_tag","embeddable":true,"href":"https:\/\/grandepremio.com\/br\/wp-json\/wp\/v2\/tags?post=65020"},{"taxonomy":"42wp_author","embeddable":true,"href":"https:\/\/grandepremio.com\/br\/wp-json\/wp\/v2\/42wp_author?post=65020"}],"curies":[{"name":"wp","href":"https:\/\/api.w.org\/{rel}","templated":true}]}}