{"id":65111,"date":"2024-08-24T11:03:00","date_gmt":"2024-08-24T14:03:00","guid":{"rendered":"https:\/\/grandepremio.com\/br\/noticias\/lando-norris-confirma-forca-mclaren-marca-pole-gp-dos-paises-baixos-holanda-max-verstappen-2\/"},"modified":"2024-08-24T15:20:05","modified_gmt":"2024-08-24T18:20:05","slug":"lando-norris-confirma-forca-mclaren-marca-pole-gp-dos-paises-baixos-holanda-max-verstappen-2","status":"publish","type":"post","link":"https:\/\/grandepremio.com\/br\/f1\/lando-norris-confirma-forca-mclaren-marca-pole-gp-dos-paises-baixos-holanda-max-verstappen-2\/","title":{"rendered":"Norris confirma for\u00e7a da McLaren e marca pole do GP dos Pa\u00edses Baixos. Verstappen \u00e9 2\u00ba"},"content":{"rendered":"\n<p class=\"wp-block-paragraph\">A pergunta que embala o come\u00e7o da segunda parte da temporada 2024 da <strong>F\u00f3rmula 1<\/strong> \u00e9 simples e clara: quem \u00e9 que vai parar a <strong>McLaren<\/strong>. A classifica\u00e7\u00e3o do<strong> GP dos Pa\u00edses Baixos<\/strong>, realizada neste s\u00e1bado (24), mostrou o tamanho da for\u00e7a que os carros laranja demonstram no momento. <strong>Lando Norris<\/strong> voou e afastou mais uma volta lan\u00e7ada impressionante de <strong>Max Verstappen<\/strong> para garantir a pole em <strong>Zandvoort<\/strong>.<\/p>\n\n\n\n<p class=\"wp-block-paragraph\">Foi em grande estilo, porque Norris virou um impressionante 1miin09s673 e colocou 0s356 de frente para o melhor esfor\u00e7o de Verstappen. Os dois, ent\u00e3o, voltam a se encontrar imediatamente na pista ap\u00f3s os epis\u00f3dios da primeira parte do ano. \u00c9 a quarta posi\u00e7\u00e3o de honra para Lando na F1.<\/p>\n\n\n\n<p class=\"wp-block-paragraph\"><strong>Oscar Piastri<\/strong> <strong>e<\/strong> <strong>George Russell<\/strong> formam a segunda fila, enquanto <strong>Sergio P\u00e9rez e Charles Leclerc<\/strong>, <strong>Fernando Alonso e Alexander Albon<\/strong> e <strong>Lance Stroll e Pierre Gasly<\/strong> completam as filas seguintes. <strong>Carlos Sainz e Lewis Hamilton<\/strong> s\u00f3 v\u00eam depois, fora do top-10 ap\u00f3s elimina\u00e7\u00f5es precoces no Q2. <strong>Logan Sargeant<\/strong>, ap\u00f3s <strong><a href=\"https:\/\/www.grandepremio.com\/br\/f1\/noticias\/logan-sargeant-bate-forte-carro-pegar-fogo-tl3-gp-paises-baixos-holanda\/\">acidente no \u00faltimo treino livre<\/a><\/strong>, <strong><a href=\"https:\/\/www.grandepremio.com\/br\/f1\/noticias\/logan-sargeant-fora-classificacao-acidente-tl3-gp-paises-baixos-holanda\/\">n\u00e3o foi \u00e0 pista e larga no 20\u00ba posto<\/a><\/strong>.<\/p>\n\n\n\n<p class=\"wp-block-paragraph\">O\u00a0<strong>GRANDE PR\u00caMIO<\/strong>\u00a0acompanha\u00a0<a href=\"https:\/\/www.grandepremio.com\/br\/ao-vivo\/f1\/\" target=\"_blank\" rel=\"noreferrer noopener\"><strong>AO VIVO<\/strong>\u00a0e\u00a0<strong>EM\u00a0<\/strong><\/a><strong><a href=\"https:\/\/www.grandepremio.com\/br\/ao-vivo\/\" target=\"_blank\" rel=\"noreferrer noopener\">TEMPO REAL<\/a><\/strong>\u00a0todas as atividades do\u00a0<strong>GP dos Pa\u00edses Baixos<\/strong>\u00a0de\u00a0<a href=\"https:\/\/www.grandepremio.com\/br\/f1\/\" target=\"_blank\" rel=\"noreferrer noopener\">F\u00f3rmula 1<\/a>\u00a0e transmite classifica\u00e7\u00e3o e corrida em segunda tela, em parceria com a Voz do Esporte, na\u00a0<strong><a href=\"https:\/\/www.youtube.com\/c\/GrandePremioTV\/streams\" target=\"_blank\" rel=\"noreferrer noopener\">GPTV, o canal do GP no Youtube<\/a><\/strong>. Al\u00e9m disso, debate tudo que aconteceu na pista com o\u00a0<strong>Briefing\u00a0<\/strong>ap\u00f3s treinos livres e classifica\u00e7\u00e3o, al\u00e9m de antes e depois da corrida. No domingo (25), os pilotos disputam a\u00a0<strong>corrida\u00a0<\/strong>em\u00a0<strong><a href=\"https:\/\/www.grandepremio.com\/br\/circuito\/zandvoort\/\" target=\"_blank\" rel=\"noreferrer noopener\">Zandvoort<\/a>\u00a0<\/strong>tamb\u00e9m a partir das\u00a0<strong>10h<\/strong> <strong>(de Bras\u00edlia, GMT-3)<\/strong>.<\/p>\n\n\n\n<p class=\"wp-block-paragraph\"><em><strong>*Atualiza\u00e7\u00e3o \u00e0s 15h10: Os comiss\u00e1rios decidir punir Hamilton <a href=\"https:\/\/www.grandepremio.com\/br\/f1\/noticias\/lewis-hamilton-perde-3-posicoes-grid-gp-paises-baixos-holanda-atrapalhar-sergio-perez\/\">com tr\u00eas posi\u00e7\u00f5es no grid<\/a> por bloquear Sergio P\u00e9rez durante o Q1. E ainda desclassificaram Alexander Albon <a href=\"https:\/\/www.grandepremio.com\/br\/f1\/noticias\/fia-desclassifica-alexander-albon-grid-gp-paises-baixos-holanda-assoalho-irregular\/\">por uma irregularidade encontrada no assoalho<\/a> do carro da Williams.<\/strong><\/em><\/p>\n\n\n\n<figure class=\"wp-block-embed is-type-video is-provider-youtube wp-block-embed-youtube wp-embed-aspect-16-9 wp-has-aspect-ratio\"><div class=\"wp-block-embed__wrapper\">\n<iframe loading=\"lazy\" title=\"NORRIS POLE, VERSTAPPEN 2\u00ba, HAMILTON FICA no Q2: a CLASSIFICA\u00c7\u00c3O da F1 na HOLANDA | Briefing\" width=\"500\" height=\"281\" src=\"https:\/\/www.youtube.com\/embed\/_mZQfs6LolM?feature=oembed\" frameborder=\"0\" allow=\"accelerometer; autoplay; clipboard-write; encrypted-media; gyroscope; picture-in-picture; web-share\" referrerpolicy=\"strict-origin-when-cross-origin\" allowfullscreen><\/iframe>\n<\/div><figcaption class=\"wp-element-caption\">GP DOS PA\u00cdSES BAIXOS F1 2024 AO VIVO: tudo sobre a CLASSIFICA\u00c7\u00c3O na HOLANDA | Briefing<\/figcaption><\/figure>\n\n\n\n<h2 class=\"wp-block-heading\" id=\"h-confira-como-foi-a-classificacao-para-o-gp-dos-paises-baixos\">Confira como foi a classifica\u00e7\u00e3o para o GP dos Pa\u00edses Baixos:<\/h2>\n\n\n\n<p class=\"wp-block-paragraph\">Na sequ\u00eancia de um terceiro e \u00faltimo treino livre que teve apenas 17 minutos de bandeira verde, a classifica\u00e7\u00e3o chegava para a F1 mostrar qual o estado das coisas ap\u00f3s as f\u00e9rias de ver\u00e3o europeu. A possibilidade de chuva ao longo da atividade era de 40%, enquanto a temperatura ambiente era de 25\u00b0C. Com c\u00e9u predominantemente nublado, asfalto subia somente para 32\u00b0C.<\/p>\n\n\n\n<p class=\"wp-block-paragraph\">Havia uma d\u00favida no ar quanto ao n\u00famero de carros que participaria da forma\u00e7\u00e3o de grid. Logan Sargeant, causador do violento acidente que mutilou o TL3, era d\u00favida, mas a Williams come\u00e7ava a sess\u00e3o ainda tentando fazer o carro se recuperar.<\/p>\n\n\n\n<figure class=\"wp-block-image size-large\"><img decoding=\"async\" src=\"https:\/\/www.grandepremio.com\/br\/wp-content\/uploads\/2024\/08\/paises-baixos-holanda-2024-f1-treinos-livres-red-bull-sergio-perez-03-2-1200x800.jpg\" alt=\"\" class=\"wp-image-857063\"\/><figcaption class=\"wp-element-caption\">Sergio P\u00e9rez n\u00e3o se animou por liderar o Q1 (Foto: Red Bull Content Pool)<\/figcaption><\/figure>\n\n\n\n<h3 class=\"wp-block-heading\" id=\"h-q1-perez-lidera-mas-sai-irritado-por-ter-usado-pneu-demais\"><strong><em>Q1 &#8211; P\u00e9rez lidera, mas sai irritado por ter usado pneu demais<\/em><\/strong><\/h3>\n\n\n\n<p class=\"wp-block-paragraph\">Apesar de haver umidade na pista pelo dia bastante chuvoso desde as primeiras horas, a situa\u00e7\u00e3o era razo\u00e1vel o bastante para que todo mundo come\u00e7asse a atividade j\u00e1 com pneus slick. Os macios eram a ordem logo de cara, quando Nico H\u00fclkenberg foi o primeiro a tomar a pista e a anotar tempo cronometrado.<\/p>\n\n\n\n<p class=\"wp-block-paragraph\">A Ferrari tamb\u00e9m n\u00e3o tinha tempo a perder, uma vez que Carlos Sainz quase n\u00e3o andou no TL2 e Charles Leclerc ficou sem usar pneu macio no TL1. Ambos entraram rapidamente, mas a pista encheu. Na compara\u00e7\u00e3o aos demais, dava para notar as dificuldades ferraristas na pista neerlandesa.<\/p>\n\n\n\n<p class=\"wp-block-paragraph\">Enquanto isso, Lewis Hamilton tomava a dianteira j\u00e1 de cara. Max Verstappen virou a primeira volta veloz apenas na terceira posi\u00e7\u00e3o. Se Hamilton ia bem, George Russell fazia volta lenta e reclamava da ader\u00eancia do carro. Inclusive aproveitou para retornar aos boxes.<\/p>\n\n\n\n<figure class=\"wp-block-image size-large\"><img decoding=\"async\" src=\"https:\/\/www.grandepremio.com\/br\/wp-content\/uploads\/2024\/08\/paises-baixos-holanda-2024-f1-treinos-livres-mercedes-george-russell-03-1200x800.jpg\" alt=\"\" class=\"wp-image-856529\"\/><figcaption class=\"wp-element-caption\">George Russell come\u00e7ou a classifica\u00e7\u00e3o insatisfeito com o W15 (Foto: AFP)<\/figcaption><\/figure>\n\n\n\n<p class=\"wp-block-paragraph\">Outro que ficava bem longe era Sergio P\u00e9rez, sempre fora do top-10 e ainda se envolveu numa investiga\u00e7\u00e3o de bloqueio que tamb\u00e9m tinha Hamilton no meio. De qualquer forma, seria investigada depois da atividade e pass\u00edvel de multa para um dos dois.<\/p>\n\n\n\n<p class=\"wp-block-paragraph\">Conforme os minutos finais se aproximavam, estava claro que a Williams n\u00e3o conseguiria colocar o carro de Sargeant na pista. Assim, apenas mais quatro pilotos seriam eliminados.<\/p>\n\n\n\n<p class=\"wp-block-paragraph\">Mas quem? Com 1 minuto para o fim, Sainz e P\u00e9rez estavam entre os amea\u00e7ados, inclusive dentro da zona de elimina\u00e7\u00e3o. Hamilton, que ainda liderava, nem se preocupou em nova volta r\u00e1pida e foi superado por aqueles que buscavam alguma coisa. Leclerc foi um deles, bem como Sainz, deixando amea\u00e7a para tr\u00e1s. Russell acertou o tempo, enquanto P\u00e9rez, ao fim e a cabo, tamb\u00e9m escapou direto para a dianteira.<\/p>\n\n\n\n<p class=\"wp-block-paragraph\">Feliz? No r\u00e1dio da Red Bull, P\u00e9rez estava irritad\u00edssimo e chamou de &#8220;desperd\u00edcio de jogo de pneus&#8221;, por ter usado o segundo jogo de macios na atividade. De qualquer maneira, P\u00e9rez teve Russell, Sainz, Leclerc, Hamilton, Lando Norris, Verstappen, Fernando Alonso, Alexander Albon e Lance Stroll ao lado no top-10, com Oscar Piastri em 11\u00ba. A elimina\u00e7\u00e3o ficou para Daniel Ricciardo, na 16\u00aa coloca\u00e7\u00e3o. Atr\u00e1s dele, Esteban Ocon, Valtteri Bottas e Guanyu Zhou. Ocon saiu esbravejando com a Alpine no r\u00e1dio. Segundo ele, &#8220;o carro est\u00e1 horr\u00edvel desde o come\u00e7o do fim de semana&#8221;.<\/p>\n\n\n\n<figure class=\"wp-block-image size-large\"><img decoding=\"async\" src=\"https:\/\/www.grandepremio.com\/br\/wp-content\/uploads\/2024\/08\/paises-baixos-holanda-2024-f1-classificacao-mercedes-lewis-hamilton-01-1200x800.jpg\" alt=\"\" class=\"wp-image-857149\"\/><figcaption class=\"wp-element-caption\">Lewis Hamilton foi eliminado no Q2 (Foto: Mercedes)<\/figcaption><\/figure>\n\n\n\n<h3 class=\"wp-block-heading\" id=\"h-q2-sainz-e-hamilton-ficam-pelo-caminho-de-maneira-surpreendente\"><em><strong>Q2 &#8211; Sainz e Hamilton ficam pelo caminho de maneira surpreendente<\/strong><\/em><\/h3>\n\n\n\n<p class=\"wp-block-paragraph\">Assim como no Q1, a sess\u00e3o come\u00e7ou com as Ferrari tomando a pista de cara e recebendo a companhia de H\u00fclkenberg. Desta feita, por\u00e9m, quem correu para a dianteira foi a dupla da McLaren, bem calminha na primeira parte da tomada de tempos. Norris virou 1min10s496, enquanto Piastri foi apenas 0s009 mais lento.<\/p>\n\n\n\n<p class=\"wp-block-paragraph\">A rodada de voltas entregava a Mercedes ainda bem pr\u00f3xima. Russell estava 0s056 atr\u00e1s do l\u00edder, enquanto Verstappen e Hamilton apareciam em sequ\u00eancia, mas j\u00e1 um pouco mais distantes no rel\u00f3gio.<\/p>\n\n\n\n<p class=\"wp-block-paragraph\">Na prepara\u00e7\u00e3o de ajustes nos boxes para as voltas derradeiras, tudo dentro do esperado: as equipes favoritas colocavam os carros dentro da zona de classifica\u00e7\u00e3o, enquanto Kevin Magnussen, Pierre Gasly, Yuki Tsunoda, H\u00fclkenberg e Albon apareciam na zona de elimina\u00e7\u00e3o.<\/p>\n\n\n\n<figure class=\"wp-block-image size-large\"><img decoding=\"async\" src=\"https:\/\/www.grandepremio.com\/br\/wp-content\/uploads\/2024\/08\/paises-baixos-holanda-2024-f1-classificacao-rb-yuki-tsunoda-03-1200x800.jpg\" alt=\"\" class=\"wp-image-857193\"\/><figcaption class=\"wp-element-caption\">Yuki Tsunoda levou a RB at\u00e9 o Q2, mas foi o limite (Foto: Red Bull Content Pool)<\/figcaption><\/figure>\n\n\n\n<p class=\"wp-block-paragraph\"><strong>\u25b6\ufe0f&nbsp;Inscreva-se nos dois canais do GRANDE PR\u00caMIO no YouTube:&nbsp;<a href=\"https:\/\/www.youtube.com\/channel\/UC9OlHEgxoaY6QY6nWPoiqQg?sub_confirmation=1\" target=\"_blank\" rel=\"noreferrer noopener\">GP<\/a>&nbsp;|&nbsp;<a href=\"https:\/\/www.youtube.com\/channel\/UC9csiS6q_C3C0FYhyr1rnFA?sub_confirmation=1\" target=\"_blank\" rel=\"noreferrer noopener\">GP2<\/a><\/strong><br><strong>\u25b6\ufe0f&nbsp;LEIA TAMB\u00c9M:&nbsp;<a href=\"https:\/\/www.grandepremio.com\/br\/f1\/noticias\/5-coisas-que-aprendemos-na-sexta-feira-do-gp-dos-paises-baixos-holanda-da-formula-1-2024\/\">5 coisas que aprendemos na sexta-feira do GP dos Pa\u00edses Baixos da&nbsp;<\/a><a href=\"https:\/\/www.grandepremio.com\/br\/f1\/\" target=\"_blank\" rel=\"noreferrer noopener\">F\u00f3rmula 1<\/a>&nbsp;2024<\/strong><\/p>\n\n\n\n<p class=\"wp-block-paragraph\">Mas as voltas come\u00e7aram a sair. Albon e Gasly foram muito bem, respectivamente, com Williams e Alpine e criaram um enorme problema. Sainz, por sua vez, reclamou que H\u00fclkenberg &#8220;n\u00e3o foi muito generoso&#8221; no meio do tr\u00e1fego durante a \u00faltima volta r\u00e1pida. Hamilton foi outro que n\u00e3o conseguiu melhorar a volta. Resultado: ambos eliminados.<\/p>\n\n\n\n<p class=\"wp-block-paragraph\">Norris e Piastri lideraram a carga, enquanto Russell, Stroll, P\u00e9rez, Leclerc, Albon, Verstappen, Gasly e Alonso completaram o top-10.<\/p>\n\n\n\n<p class=\"wp-block-paragraph\">Sainz, com isso, larga no 11\u00ba lugar, seguido por Hamilton. Tsunoda, H\u00fclkenberg e Magnussen saem nas posi\u00e7\u00f5es 13, 14 e 15.<\/p>\n\n\n\n<figure class=\"wp-block-image size-large\"><img decoding=\"async\" src=\"https:\/\/www.grandepremio.com\/br\/wp-content\/uploads\/2024\/08\/paises-baixos-holanda-2024-f1-classificacao-mclaren-lando-norris-03-1200x800.jpg\" alt=\"\" class=\"wp-image-857250\"\/><figcaption class=\"wp-element-caption\">Pole para Lando Norris (Foto: McLaren)<\/figcaption><\/figure>\n\n\n\n<h3 class=\"wp-block-heading\" id=\"h-q3-norris-mostra-que-mclaren-da-as-cartas-e-faz-pole\"><strong><em>Q3 &#8211; Norris mostra que McLaren d\u00e1 as cartas e faz pole<\/em><\/strong><\/h3>\n\n\n\n<p class=\"wp-block-paragraph\">Sem tempo a perder, para n\u00e3o correr risco da chuva chegar e deixar a pista tremendamente mais lenta, fila no pit-lane para o come\u00e7o da fase final. O que ficou evidente era a for\u00e7a da McLaren, uma vez que Norris anotou tempo impressionante de 1min10s074. Piastri acompanhava, mas fora do mesmo d\u00e9cimo.<\/p>\n\n\n\n<p class=\"wp-block-paragraph\">A primeira rodada de voltas velozes ainda contava com Verstappen na terceira posi\u00e7\u00e3o e bem perto, 0s148 atr\u00e1s de Norris, tirando tudo do carro. Tanto que deu uma pancada na zebra da curva 13 e at\u00e9 pediu que a Red Bull verificasse de havia dano no assoalho.<\/p>\n\n\n\n<p class=\"wp-block-paragraph\">Russell, Leclerc, Stroll e Gasly vinham em seguida. P\u00e9rez e Albon, que usaram mais jogos de pneus macios ao longo da atividade, guardavam a \u00faltima possibilidade para os minutos finais.<\/p>\n\n\n\n<p class=\"wp-block-paragraph\">A \u00faltima sequ\u00eancia de voltas teve novo esfor\u00e7o herc\u00faleo de Verstappen para compensar as limita\u00e7\u00f5es do carro. O tricampe\u00e3o fez o suficiente para assumir a dianteira, mas por pouco tempo. Norris voou, andou abaixo de 1min10s e colocou 0s3 de diferen\u00e7a. Mais uma pole do piloto da McLaren em 2024. <\/p>\n\n\n\n<p class=\"wp-block-paragraph\"><strong>F\u00f3rmula 1 2024, GP dos Pa\u00edses Baixos, Zandvoort, grid de largada (com puni\u00e7\u00f5es a Hamilton e Albon): <\/strong><\/p>\n\n\n\n<figure class=\"wp-block-table\"><table><tbody><tr><td>1<\/td><td>L NORRIS<\/td><td>McLaren Mercedes<\/td><td>1:09.673<\/td><td>&nbsp;<\/td><td>&nbsp;<\/td><\/tr><tr><td>2<\/td><td>M VERSTAPPEN<\/td><td>Red Bull Honda<\/td><td>1:10.029<\/td><td>+0.356<\/td><td>&nbsp;<\/td><\/tr><tr><td>3<\/td><td>O PIASTRI<\/td><td>McLaren Mercedes<\/td><td>1:10.172<\/td><td>+0.499<\/td><td>&nbsp;<\/td><\/tr><tr><td>4<\/td><td>G RUSSELL<\/td><td>Mercedes<\/td><td>1:10.244<\/td><td>+0.571<\/td><td>&nbsp;<\/td><\/tr><tr><td>5<\/td><td>S P\u00c9REZ<\/td><td>Red Bull Honda<\/td><td>1:10.416<\/td><td>+0.743<\/td><td>&nbsp;<\/td><\/tr><tr><td>6<\/td><td>C LECLERC<\/td><td>Ferrari<\/td><td>1:10.582<\/td><td>+0.909<\/td><td>&nbsp;<\/td><\/tr><tr><td>7<\/td><td>F ALONSO<\/td><td>Aston Martin Mercedes<\/td><td>1:10.633<\/td><td>+0.960<\/td><td>&nbsp;<\/td><\/tr><tr><td>8<\/td><td>L STROLL<\/td><td>Aston Martin Mercedes<\/td><td>1:10.857<\/td><td>+1.184<\/td><td>&nbsp;<\/td><\/tr><tr><td>9<\/td><td>P GASLY<\/td><td>Alpine<\/td><td>1:10.977<\/td><td>+1.304<\/td><td>&nbsp;<\/td><\/tr><tr><td>10<\/td><td>C SAINZ<\/td><td>Ferrari<\/td><td>1:10.914<\/td><td>+1.241<\/td><td>&nbsp;<\/td><\/tr><tr><td>11<\/td><td>Y TSUNODA<\/td><td>RB Honda<\/td><td>1:10.955<\/td><td>+1.282<\/td><td>&nbsp;<\/td><\/tr><tr><td>12<\/td><td>N H\u00dcLKENBERG<\/td><td>Haas Ferrari<\/td><td>1:11.215<\/td><td>+1.542<\/td><td>&nbsp;<\/td><\/tr><tr><td>13<\/td><td>K MAGNUSSEN<\/td><td>Haas Ferrari<\/td><td>1:11.295<\/td><td>+1.622<\/td><td>&nbsp;<\/td><\/tr><tr><td>14<\/td><td>L HAMILTON<\/td><td>Mercedes<\/td><td>1:10.948<\/td><td>+1.275<\/td><td>P+3\u00a0<\/td><\/tr><tr><td>15<\/td><td>D RICCIARDO<\/td><td>RB Honda<\/td><td>1:11.943<\/td><td>+2.270<\/td><td>&nbsp;<\/td><\/tr><tr><td>16<\/td><td>E OCON<\/td><td>Alpine<\/td><td>1:11.995<\/td><td>+2.322<\/td><td>&nbsp;<\/td><\/tr><tr><td>17<\/td><td>V BOTTAS<\/td><td>Sauber Ferrari<\/td><td>1:12.168<\/td><td>+2.495<\/td><td>&nbsp;<\/td><\/tr><tr><td>18<\/td><td>G ZHOU<\/td><td>Sauber Ferrari<\/td><td>1:13.261<\/td><td>+3.588<\/td><td>&nbsp;<\/td><\/tr><tr><td>19<\/td><td>L SARGEANT<\/td><td>Williams Mercedes<\/td><td>Sem Tempo<\/td><td>&nbsp;<\/td><td>&nbsp;<\/td><\/tr><tr><td>20<\/td><td>A ALBON<\/td><td>Williams Mercedes<\/td><td>DSQ<\/td><td>&nbsp;<\/td><td>&nbsp;<\/td><\/tr><\/tbody><\/table><\/figure>\n\n\n\n<figure class=\"wp-block-embed is-type-video is-provider-youtube wp-block-embed-youtube wp-embed-aspect-4-3 wp-has-aspect-ratio\"><div class=\"wp-block-embed__wrapper\">\n<iframe loading=\"lazy\" title=\"ASSISTA \u00e0 CLASSIFICA\u00c7\u00c3O do GP dos PA\u00cdSES BAIXOS de F1 no GRANDE PR\u00caMIO | segunda tela [REACT]\" width=\"500\" height=\"281\" src=\"https:\/\/www.youtube.com\/embed\/qO8xz0Y2GaY?feature=oembed\" frameborder=\"0\" allow=\"accelerometer; autoplay; clipboard-write; encrypted-media; gyroscope; picture-in-picture; web-share\" referrerpolicy=\"strict-origin-when-cross-origin\" allowfullscreen><\/iframe>\n<\/div><figcaption class=\"wp-element-caption\">ASSISTA \u00e0 CLASSIFICA\u00c7\u00c3O do GP dos PA\u00cdSES BAIXOS de F1 no GRANDE PR\u00caMIO | segunda tela [REACT]<\/figcaption><\/figure>\n","protected":false},"excerpt":{"rendered":"<p>A McLaren \u00e9 r\u00e1pida! A not\u00edcia n\u00e3o \u00e9 nova, mas a for\u00e7a foi renovada na classifica\u00e7\u00e3o para o GP dos Pa\u00edses Baixos. Lando Norris ficou com a pole-position<\/p>\n","protected":false},"author":0,"featured_media":1000857217,"comment_status":"closed","ping_status":"closed","sticky":false,"template":"","format":"standard","meta":{"42wp_featured_image_caption":"","42wp_featured_image_credits":"","42wp_featured_video":"","42wp_featured_image_hidden":false,"42wp_authors_list":[],"footnotes":""},"categories":[2],"tags":[654,20491,309,546,209,5660,211,302,3230,642,176,207,800,1388,29126,3746,119,117,485,547,87,25553,203,90,82,1521,2916,676,39061,204,1197,3132,612,215,597,1389],"42wp_author":[47120],"class_list":["post-65111","post","type-post","status-publish","format-standard","has-post-thumbnail","hentry","category-f1","tag-alexander-albon","tag-alpine","tag-aston-martin","tag-carlos-sainz","tag-charles-leclerc","tag-classificacao","tag-daniel-ricciardo","tag-esteban-ocon","tag-f1-2024","tag-f1-ao-vivo","tag-fernando-alonso","tag-ferrari","tag-george-russell","tag-gp-da-holanda","tag-gp-dos-paises-baixos","tag-guanyu-zhou","tag-haas","tag-kevin-magnussen","tag-lance-stroll","tag-lando-norris","tag-lewis-hamilton","tag-logan-sargeant","tag-max-verstappen","tag-mclaren","tag-mercedes","tag-nico-hulkenberg","tag-oscar-piastri","tag-pierre-gasly","tag-rb-2","tag-red-bull","tag-sauber","tag-sergio-perez","tag-valtteri-bottas","tag-williams","tag-yuki-tsunoda","tag-zandvoort","42wp_author-pedro-henrique-marum"],"_links":{"self":[{"href":"https:\/\/grandepremio.com\/br\/wp-json\/wp\/v2\/posts\/65111","targetHints":{"allow":["GET"]}}],"collection":[{"href":"https:\/\/grandepremio.com\/br\/wp-json\/wp\/v2\/posts"}],"about":[{"href":"https:\/\/grandepremio.com\/br\/wp-json\/wp\/v2\/types\/post"}],"replies":[{"embeddable":true,"href":"https:\/\/grandepremio.com\/br\/wp-json\/wp\/v2\/comments?post=65111"}],"version-history":[{"count":0,"href":"https:\/\/grandepremio.com\/br\/wp-json\/wp\/v2\/posts\/65111\/revisions"}],"wp:featuredmedia":[{"embeddable":true,"href":"https:\/\/grandepremio.com\/br\/wp-json\/wp\/v2\/media\/1000857217"}],"wp:attachment":[{"href":"https:\/\/grandepremio.com\/br\/wp-json\/wp\/v2\/media?parent=65111"}],"wp:term":[{"taxonomy":"category","embeddable":true,"href":"https:\/\/grandepremio.com\/br\/wp-json\/wp\/v2\/categories?post=65111"},{"taxonomy":"post_tag","embeddable":true,"href":"https:\/\/grandepremio.com\/br\/wp-json\/wp\/v2\/tags?post=65111"},{"taxonomy":"42wp_author","embeddable":true,"href":"https:\/\/grandepremio.com\/br\/wp-json\/wp\/v2\/42wp_author?post=65111"}],"curies":[{"name":"wp","href":"https:\/\/api.w.org\/{rel}","templated":true}]}}