{"id":65290,"date":"2024-08-23T13:22:05","date_gmt":"2024-08-23T16:22:05","guid":{"rendered":"https:\/\/grandepremio.com\/br\/noticias\/com-retorno-juri-vips-rll-confira-grid-indy-gp-portland\/"},"modified":"2024-08-23T13:54:06","modified_gmt":"2024-08-23T16:54:06","slug":"com-retorno-juri-vips-rll-confira-grid-indy-gp-portland","status":"publish","type":"post","link":"https:\/\/grandepremio.com\/br\/indy\/com-retorno-juri-vips-rll-confira-grid-indy-gp-portland\/","title":{"rendered":"Com retorno de Vips na RLL, confira grid da Indy para GP de Portland"},"content":{"rendered":"\n<p class=\"wp-block-paragraph\">A <strong>Indy <\/strong>desembarca em <strong>Portland <\/strong>para a \u00faltima etapa em circuito misto da temporada 2024. O tradicional circuito localizado no estado do Oregon ter\u00e1, mais uma vez, sens\u00edveis mudan\u00e7as no grid e com adi\u00e7\u00e3o at\u00e9 de um novo carro, deixando o pelot\u00e3o com 28 inscri\u00e7\u00f5es.<\/p>\n\n\n\n<p class=\"wp-block-paragraph\">A grande novidade deste fim de semana \u00e9 o retorno do estoniano <strong>J\u00fcri Vips<\/strong>. Ex-membro da academia da<strong> Red Bull <\/strong>e com carreira na <strong>F\u00f3rmula 2<\/strong>, o estoniano guia em uma quarta inscri\u00e7\u00e3o da <strong>RLL<\/strong>. Em 2023, ele j\u00e1 tinha guiado no <strong>GP de Portland <\/strong>e tamb\u00e9m na etapa de <strong>Laguna Seca.<\/strong><\/p>\n\n\n\n<p class=\"wp-block-paragraph\">Outro time que passa por mudan\u00e7as \u00e9 a <strong>Dale Coyne<\/strong>, mais uma vez no carro #51. Conforme anunciado durante o per\u00edodo de pausa da categoria, o ingl\u00eas <strong>Toby Sowery <\/strong>assumir\u00e1 o b\u00f3lido mais uma vez. Deve ser a \u00faltima participa\u00e7\u00e3o do piloto em 2024, j\u00e1 que <strong>Katherine Legge <\/strong>tem assumido nos ovais.<\/p>\n\n\n\n<p class=\"wp-block-paragraph\"><strong>Inscreva-se nos dois canais do GRANDE PR\u00caMIO no YouTube:\u00a0<a href=\"https:\/\/www.youtube.com\/channel\/UC9OlHEgxoaY6QY6nWPoiqQg?sub_confirmation=1\" target=\"_blank\" rel=\"noreferrer noopener\">GP<\/a>\u00a0|\u00a0<a href=\"https:\/\/www.youtube.com\/channel\/UC9csiS6q_C3C0FYhyr1rnFA?sub_confirmation=1\" target=\"_blank\" rel=\"noreferrer noopener\">GP2<\/a><\/strong><br><strong>LEIA TAMB\u00c9M<\/strong>:<strong> Collet <a href=\"https:\/\/www.grandepremio.com\/br\/indy\/noticias\/caio-collet-cita-pneus-maior-diferenca-entre-correr-europa-eua-ando-sempre-99\/\">cita pneus como maior diferen\u00e7a entre correr na Europa e EUA: \u201cAndo nos 99%\u201d<\/a><\/strong><\/p>\n\n\n\n<figure class=\"wp-block-image size-large\"><img decoding=\"async\" src=\"https:\/\/www.grandepremio.com\/br\/wp-content\/uploads\/2023\/09\/Firestone-Grand-Prix-of-Monterey-Friday_-September-8_-2023_Ref-Image-Without-Watermark_m93122-1024x683.jpg\" alt=\"\" class=\"wp-image-727693\"\/><figcaption class=\"wp-element-caption\">J\u00fcri Vips segue com a RLL, mas com futuro ainda incerto (Foto: IndyCar)<\/figcaption><\/figure>\n\n\n\n<p class=\"wp-block-paragraph\">O <strong>GP de Portland <\/strong>da <strong>Indy <\/strong>acontece neste domingo (25) no Portland International Raceway, com cobertura completa do <strong>GRANDE PR\u00caMIO.<\/strong> Confira os inscritos:<\/p>\n\n\n\n<figure class=\"wp-block-table\"><table><tbody><tr><td>N\u00famero<\/td><td>Piloto<\/td><td>Equipe<\/td><td>Pa\u00eds<\/td><\/tr><tr><td>14<\/td><td>Santino Ferrucci<\/td><td>Foyt<\/td><td>Estados Unidos<\/td><\/tr><tr><td>41<\/td><td>Sting Ray Robb<\/td><td>Foyt<\/td><td>Estados Unidos<\/td><\/tr><tr><td>26<\/td><td>Colton Herta<\/td><td>Andretti<\/td><td>Estados Unidos<\/td><\/tr><tr><td>27<\/td><td>Kyle Kirkwood<\/td><td>Andretti<\/td><td>Estados Unidos<\/td><\/tr><tr><td>28<\/td><td>Marcus Ericsson<\/td><td>Andretti<\/td><td>Su\u00e9cia<\/td><\/tr><tr><td>5<\/td><td>Pato O&#8217;Ward<\/td><td>McLaren<\/td><td>M\u00e9xico<\/td><\/tr><tr><td>6<\/td><td>Nolan Siegel<\/td><td>McLaren<\/td><td>Estados Unidos<\/td><\/tr><tr><td>7<\/td><td>Alexander Rossi<\/td><td>McLaren<\/td><td>Estados Unidos<\/td><\/tr><tr><td>4<\/td><td>Kyffin Simpson<\/td><td>Ganassi<\/td><td>Ilhas Cayman<\/td><\/tr><tr><td>8<\/td><td>Linus Lundqvist<\/td><td>Ganassi<\/td><td>Su\u00e9cia<\/td><\/tr><tr><td>9<\/td><td>Scott Dixon<\/td><td>Ganassi<\/td><td>Nova Zel\u00e2ndia<\/td><\/tr><tr><td>10<\/td><td>\u00c1lex Palou<\/td><td>Ganassi<\/td><td>Espanha<\/td><\/tr><tr><td>11<\/td><td>Marcus Armstrong<\/td><td>Ganassi<\/td><td>Nova Zel\u00e2ndia<\/td><\/tr><tr><td>18<\/td><td>Jack Harvey<\/td><td>Dale Coyne<\/td><td>Inglaterra<\/td><\/tr><tr><td>51<\/td><td>Toby Sowery<\/td><td>Dale Coyne<\/td><td>Inglaterra<\/td><\/tr><tr><td>20<\/td><td>Christian Rasmussen<\/td><td>Carpenter<\/td><td>Dinamarca<\/td><\/tr><tr><td>21<\/td><td>Rinus VeeKay<\/td><td>Carpenter<\/td><td>Pa\u00edses Baixos<\/td><\/tr><tr><td>77<\/td><td>Romain Grosjean<\/td><td>Juncos<\/td><td>Fran\u00e7a<\/td><\/tr><tr><td>78<\/td><td>Conor Daly<\/td><td>Juncos<\/td><td>Estados Unidos<\/td><\/tr><tr><td>60<\/td><td>Felix Rosenqvist<\/td><td>Meyer Shank<\/td><td>Su\u00e9cia<\/td><\/tr><tr><td>66<\/td><td>David Malukas<\/td><td>Meyer Shank<\/td><td>Estados Unidos<\/td><\/tr><tr><td>15<\/td><td>Graham Rahal<\/td><td>RLL<\/td><td>Estados Unidos<\/td><\/tr><tr><td>30<\/td><td>Pietro Fittipaldi<\/td><td>RLL<\/td><td>Brasil<\/td><\/tr><tr><td>45<\/td><td>Christian Lundgaard<\/td><td>RLL<\/td><td>Dinamarca<\/td><\/tr><tr><td>75<\/td><td>J\u00fcri Vips<\/td><td>RLL<\/td><td>Est\u00f4nia<\/td><\/tr><tr><td>2<\/td><td>Josef Newgarden<\/td><td>Penske<\/td><td>Estados Unidos<\/td><\/tr><tr><td>3<\/td><td>Scott McLaughlin<\/td><td>Penske<\/td><td>Nova Zel\u00e2ndia<\/td><\/tr><tr><td>12<\/td><td>Will Power<\/td><td>Penske<\/td><td>Austr\u00e1lia<\/td><\/tr><\/tbody><\/table><\/figure>\n","protected":false},"excerpt":{"rendered":"<p>J\u00fcri Vips entra em quarto carro da RLL e aumenta grid da Indy para 28 carros em Portland. Confira a lista completa dos inscritos, que tamb\u00e9m tem retorno de Toby Sowery<\/p>\n","protected":false},"author":0,"featured_media":1000856608,"comment_status":"closed","ping_status":"closed","sticky":false,"template":"","format":"standard","meta":{"42wp_featured_image_caption":"","42wp_featured_image_credits":"","42wp_featured_video":"","42wp_featured_image_hidden":false,"42wp_authors_list":[],"footnotes":""},"categories":[3],"tags":[9828,617,28552,649,6133,1579,1824,334,1825,3144,3771,3475,1491,28285,35361,93,31011,3550,2514,1555,2958,35404,791,27788,3352,1569,25714,29784,40346,408,2188,120,830,732,266,3500,36027,3825,3133],"42wp_author":[47119],"class_list":["post-65290","post","type-post","status-publish","format-standard","has-post-thumbnail","hentry","category-indy","tag-alex-palou","tag-alexander-rossi","tag-calendario-indy","tag-christian-lundgaard","tag-classificacao-indy","tag-colton-herta","tag-conor-daly","tag-david-malukas","tag-ed-carpenter","tag-felix-rosenqvist","tag-gp-de-portland","tag-graham-rahal","tag-grande-premio","tag-grandepremio","tag-horarios-indy","tag-indy","tag-indy-2024","tag-indy-portland","tag-jack-harvey","tag-josef-newgarden","tag-juri-vips","tag-kyffin-simpson","tag-kyle-kirkwood","tag-linus-lundqvist","tag-marcus-armstrong","tag-marcus-ericsson","tag-nolan-siegel","tag-onde-assistir-indy","tag-pato-oward-5","tag-pietro-fittipaldi","tag-rinus-veekay","tag-romain-grosjean","tag-santino-ferrucci","tag-scott-dixon","tag-scott-mclaughlin","tag-sting-ray-robb","tag-temporada-2024-da-indy","tag-toby-sowery","tag-will-power","42wp_author-gabriel-carvalho"],"_links":{"self":[{"href":"https:\/\/grandepremio.com\/br\/wp-json\/wp\/v2\/posts\/65290","targetHints":{"allow":["GET"]}}],"collection":[{"href":"https:\/\/grandepremio.com\/br\/wp-json\/wp\/v2\/posts"}],"about":[{"href":"https:\/\/grandepremio.com\/br\/wp-json\/wp\/v2\/types\/post"}],"replies":[{"embeddable":true,"href":"https:\/\/grandepremio.com\/br\/wp-json\/wp\/v2\/comments?post=65290"}],"version-history":[{"count":0,"href":"https:\/\/grandepremio.com\/br\/wp-json\/wp\/v2\/posts\/65290\/revisions"}],"wp:featuredmedia":[{"embeddable":true,"href":"https:\/\/grandepremio.com\/br\/wp-json\/wp\/v2\/media\/1000856608"}],"wp:attachment":[{"href":"https:\/\/grandepremio.com\/br\/wp-json\/wp\/v2\/media?parent=65290"}],"wp:term":[{"taxonomy":"category","embeddable":true,"href":"https:\/\/grandepremio.com\/br\/wp-json\/wp\/v2\/categories?post=65290"},{"taxonomy":"post_tag","embeddable":true,"href":"https:\/\/grandepremio.com\/br\/wp-json\/wp\/v2\/tags?post=65290"},{"taxonomy":"42wp_author","embeddable":true,"href":"https:\/\/grandepremio.com\/br\/wp-json\/wp\/v2\/42wp_author?post=65290"}],"curies":[{"name":"wp","href":"https:\/\/api.w.org\/{rel}","templated":true}]}}