{"id":65399,"date":"2024-08-23T04:00:00","date_gmt":"2024-08-23T07:00:00","guid":{"rendered":"https:\/\/grandepremio.com\/br\/noticias\/lewis-hamilton-diz-f1-vive-momento-certo-para-retorno-africa-ha-projeto-pronto\/"},"modified":"2024-08-22T17:18:57","modified_gmt":"2024-08-22T20:18:57","slug":"lewis-hamilton-diz-f1-vive-momento-certo-para-retorno-africa-ha-projeto-pronto","status":"publish","type":"post","link":"https:\/\/grandepremio.com\/br\/f1\/lewis-hamilton-diz-f1-vive-momento-certo-para-retorno-africa-ha-projeto-pronto\/","title":{"rendered":"Hamilton diz que F1 vive &#8220;momento certo&#8221; para retorno \u00e0 \u00c1frica: &#8220;H\u00e1 um projeto pronto&#8221;"},"content":{"rendered":"\n<p class=\"wp-block-paragraph\">Um dos grandes defensores da ideia de ter a <strong>F\u00f3rmula 1<\/strong> retornando \u00e0 <strong>\u00c1frica<\/strong> ap\u00f3s mais de 30 anos sem qualquer corrida no continente, <strong>Lewis Hamilton<\/strong> afirmou com todas as letras que &#8220;este \u00e9 o momento certo&#8221; para fazer isso acontecer. O heptacampe\u00e3o criticou a op\u00e7\u00e3o da categoria em concentrar corridas sempre nos mesmos lugares e apontou para os projetos que est\u00e3o sendo desenvolvidos em <strong>Ruanda<\/strong> e na <strong>\u00c1frica do Sul<\/strong>.<\/p>\n\n\n\n<p class=\"wp-block-paragraph\">H\u00e1 pouco menos de 15 dias, <strong>Christian Gakwaya<\/strong>, presidente do <strong>Autom\u00f3vel Clube de Ruanda<\/strong>, <a href=\"https:\/\/www.grandepremio.com\/br\/f1\/noticias\/promotor-garante-ruanda-comprometida-preparada-receber-formula-1\/\">afirmou que o pa\u00eds est\u00e1 &#8220;comprometido e preparado&#8221;<\/a> para ingressar no calend\u00e1rio. CEO da classe rainha, <strong>Stefano Domenicali<\/strong> admitiu que o territ\u00f3rio localizado na regi\u00e3o dos Grandes Lagos da \u00c1frica centro-oriental tem, sim, um projeto s\u00e9rio para receber os melhores pilotos do mundo e, inclusive, revelou que <a href=\"https:\/\/www.grandepremio.com\/br\/f1\/noticias\/formula-1-revela-projeto-serio-ruanda-para-receber-corrida-marca-reuniao-setembro\/\">uma reuni\u00e3o deve acontecer em setembro<\/a> para definir os pr\u00f3ximos passos.<\/p>\n\n\n\n<p class=\"wp-block-paragraph\">Velha conhecida da <strong>F1<\/strong>, a \u00c1frica do Sul tamb\u00e9m deseja retornar. Ap\u00f3s sediar diversas provas nos anos 1970 e 1980, a \u00faltima vez que o circuito de <strong>Kyalami<\/strong> serviu de palco para o evento foi em 1993. H\u00e1 algumas semanas, o atual ministro do esporte, artes e cultura,\u00a0<strong>Gayton McKenzie<\/strong>, afirmou categoricamente que sua estadia como membro do governo <a href=\"https:\/\/www.grandepremio.com\/br\/f1\/noticias\/ministro-mandato-sera-fracasso-caso-nao-consiga-reviver-gp-da-africa-do-sul\/\">ser\u00e1 um fracasso<\/a> caso n\u00e3o seja capaz de reavivar o ic\u00f4nico GP que acontecia por l\u00e1.<\/p>\n\n\n\n<p class=\"wp-block-paragraph\">Presente em <strong>Zandvoort<\/strong> neste fim de semana para competir no <strong>GP dos Pa\u00edses Baixos<\/strong>, 15\u00aa etapa do certame, Hamilton foi questionado sobre as investidas dos dois pa\u00edses na tentativa de abrigar a categoria mais importante do esporte a motor. <a href=\"https:\/\/www.grandepremio.com\/br\/f1\/noticias\/lewis-hamilton-reitera-desejo-africa-sul-volta-calendario-f1-precisamos-ir-la\/\">Defensor antigo da ideia<\/a>, o #44 deu sua opini\u00e3o mais uma vez.<\/p>\n\n\n\n<figure class=\"wp-block-image size-full\"><img decoding=\"async\" src=\"https:\/\/www.grandepremio.com\/br\/wp-content\/uploads\/2024\/08\/kigali-arena.jpg\" alt=\"\" class=\"wp-image-851648\"\/><figcaption class=\"wp-element-caption\">A Arena de Quigali, capital de Ruanda, uma das principais pra\u00e7as esportivas do pa\u00eds (Foto: Prefeitura de Quigali)<\/figcaption><\/figure>\n\n\n\n<p class=\"wp-block-paragraph\"><strong><img decoding=\"async\" src=\"https:\/\/a.slack-edge.com\/production-standard-emoji-assets\/14.0\/google-medium\/25b6-fe0f.png\" alt=\":seta_para_frente:\">&nbsp;Inscreva-se nos dois canais do GRANDE PR\u00caMIO no YouTube:&nbsp;<a href=\"https:\/\/www.youtube.com\/channel\/UC9OlHEgxoaY6QY6nWPoiqQg?sub_confirmation=1\" target=\"_blank\" rel=\"noreferrer noopener\">GP<\/a>&nbsp;|&nbsp;<a href=\"https:\/\/www.youtube.com\/channel\/UC9csiS6q_C3C0FYhyr1rnFA?sub_confirmation=1\" target=\"_blank\" rel=\"noreferrer noopener\">GP2<\/a><\/strong><br><strong><img decoding=\"async\" src=\"https:\/\/a.slack-edge.com\/production-standard-emoji-assets\/14.0\/google-medium\/25b6-fe0f.png\" alt=\":seta_para_frente:\">&nbsp;LEIA TAMB\u00c9M:&nbsp;<a href=\"https:\/\/www.grandepremio.com\/br\/f1\/noticias\/f1-volta-ferias-imprevisivel-briga-multipla-titulo-mundial-de-construtores\/\">F1 volta das f\u00e9rias imprevis\u00edvel e com briga m\u00faltipla por t\u00edtulo dos Construtores<\/a><\/strong><\/p>\n\n\n\n<p class=\"wp-block-paragraph\">&#8220;Quanto mais olhamos para a \u00c1frica, mais concordamos que esse \u00e9 o momento certo para uma corrida no continente. E o momento \u00e9 100% certo&#8221;, afirmou Hamilton durante as entrevistas desta quinta-feira (22) no circuito neerland\u00eas.<\/p>\n\n\n\n<p class=\"wp-block-paragraph\">&#8220;N\u00e3o podemos acumular competi\u00e7\u00f5es em outros locais e continuar ignorando a \u00c1frica, de onde o resto do mundo tira alguma coisa, mas ningu\u00e9m lhe d\u00e1 nada em troca. Acho que\u00a0realizar um GP por l\u00e1 nos permitiria destacar o qu\u00e3o incr\u00edvel \u00e9 o lugar, al\u00e9m de levar turismo e todo tipo de coisa&#8221;, continuou.<\/p>\n\n\n\n<p class=\"wp-block-paragraph\">&#8220;A desculpa atual \u00e9 a de que talvez n\u00e3o haja um projeto pronto, mas h\u00e1 pelo menos um pronto ali.\u00a0Ruanda \u00e9 um dos meus lugares favoritos, na verdade, e conversei com pessoas de Ruanda e tamb\u00e9m da \u00c1frica do Sul&#8221;, finalizou Lewis.<\/p>\n\n\n\n<p class=\"wp-block-paragraph\">O\u00a0<strong>GRANDE PR\u00caMIO<\/strong>\u00a0acompanha<a href=\"https:\/\/www.grandepremio.com\/br\/ao-vivo\/f1\/\" target=\"_blank\" rel=\"noreferrer noopener\"><strong>AO VIVO<\/strong>\u00a0e\u00a0<strong>EM\u00a0<\/strong><\/a><strong><a href=\"https:\/\/www.grandepremio.com\/br\/ao-vivo\/\" target=\"_blank\" rel=\"noreferrer noopener\">TEMPO REAL<\/a><\/strong>\u00a0todas as atividades do\u00a0<strong>GP dos Pa\u00edses Baixos<\/strong>\u00a0de\u00a0<a href=\"https:\/\/www.grandepremio.com\/br\/f1\/\" target=\"_blank\" rel=\"noreferrer noopener\">F\u00f3rmula 1<\/a>\u00a0e transmite classifica\u00e7\u00e3o e corrida em segunda tela, em parceria com a Voz do Esporte, na<strong><a href=\"https:\/\/www.youtube.com\/c\/GrandePremioTV\/streams\" target=\"_blank\" rel=\"noreferrer noopener\">GPTV, o canal do GP no Youtube<\/a><\/strong>. Al\u00e9m disso, debate tudo que aconteceu na pista com o\u00a0<strong>Briefing\u00a0<\/strong>ap\u00f3s treinos livres e classifica\u00e7\u00e3o, al\u00e9m de antes e depois da corrida. Na sexta-feira (23), o\u00a0<strong>primeiro treino livre<\/strong>\u00a0est\u00e1 marcado para as\u00a0<strong>7h30 (de Bras\u00edlia, GMT-3)<\/strong>, com a\u00a0<strong>segunda sess\u00e3o<\/strong>\u00a0ser\u00e1 ao\u00a0<strong>11h30<\/strong>. No s\u00e1bado (24), o\u00a0<strong>TL3<\/strong>\u00a0abre o dia \u00e0s\u00a0<strong>6h30<\/strong>, ao passo que a\u00a0<strong>classifica\u00e7\u00e3o\u00a0<\/strong>ser\u00e1 \u00e0s\u00a0<strong>10h<\/strong>. Por fim, no domingo (25), os pilotos disputam a\u00a0<strong>corrida\u00a0<\/strong>em\u00a0<strong><a href=\"https:\/\/www.grandepremio.com\/br\/circuito\/zandvoort\/\" target=\"_blank\" rel=\"noreferrer noopener\">Zandvoort<\/a>\u00a0<\/strong>a partir das\u00a0<strong>10h<\/strong>.<\/p>\n\n\n\n<figure class=\"wp-block-embed is-type-video is-provider-youtube wp-block-embed-youtube wp-embed-aspect-16-9 wp-has-aspect-ratio\"><div class=\"wp-block-embed__wrapper\">\n<iframe loading=\"lazy\" title=\"IMPREVIS\u00cdVEL e INTENSA: COMO a F1 VOLTA das f\u00e9rias em 2024 | WGP\" width=\"500\" height=\"281\" src=\"https:\/\/www.youtube.com\/embed\/qBsXoestiI4?feature=oembed\" frameborder=\"0\" allow=\"accelerometer; autoplay; clipboard-write; encrypted-media; gyroscope; picture-in-picture; web-share\" referrerpolicy=\"strict-origin-when-cross-origin\" allowfullscreen><\/iframe>\n<\/div><\/figure>\n","protected":false},"excerpt":{"rendered":"<p>Um dos maiores e mais antigos defensores de um retorno da F\u00f3rmula 1 ao continente africano, Lewis Hamilton elogiou os projetos que est\u00e3o sendo desenvolvidos em Ruanda e tamb\u00e9m na \u00c1frica do Sul, pa\u00edses interessados em ingressar no calend\u00e1rio da categoria<\/p>\n","protected":false},"author":0,"featured_media":1000846237,"comment_status":"closed","ping_status":"closed","sticky":false,"template":"","format":"standard","meta":{"42wp_featured_image_caption":"","42wp_featured_image_credits":"","42wp_featured_video":"","42wp_featured_image_hidden":false,"42wp_authors_list":[],"footnotes":""},"categories":[2],"tags":[5660,969,147,3230,642,160,180,30909,29126,1491,30103,28285,87,5151,1389],"42wp_author":[47160],"class_list":["post-65399","post","type-post","status-publish","format-standard","has-post-thumbnail","hentry","category-f1","tag-classificacao","tag-corrida","tag-f1","tag-f1-2024","tag-f1-ao-vivo","tag-f1-tv","tag-formula-1","tag-formula-1-2024","tag-gp-dos-paises-baixos","tag-grande-premio","tag-grande-premio-f1","tag-grandepremio","tag-lewis-hamilton","tag-ruanda","tag-zandvoort","42wp_author-vicente-soella"],"_links":{"self":[{"href":"https:\/\/grandepremio.com\/br\/wp-json\/wp\/v2\/posts\/65399","targetHints":{"allow":["GET"]}}],"collection":[{"href":"https:\/\/grandepremio.com\/br\/wp-json\/wp\/v2\/posts"}],"about":[{"href":"https:\/\/grandepremio.com\/br\/wp-json\/wp\/v2\/types\/post"}],"replies":[{"embeddable":true,"href":"https:\/\/grandepremio.com\/br\/wp-json\/wp\/v2\/comments?post=65399"}],"version-history":[{"count":0,"href":"https:\/\/grandepremio.com\/br\/wp-json\/wp\/v2\/posts\/65399\/revisions"}],"wp:featuredmedia":[{"embeddable":true,"href":"https:\/\/grandepremio.com\/br\/wp-json\/wp\/v2\/media\/1000846237"}],"wp:attachment":[{"href":"https:\/\/grandepremio.com\/br\/wp-json\/wp\/v2\/media?parent=65399"}],"wp:term":[{"taxonomy":"category","embeddable":true,"href":"https:\/\/grandepremio.com\/br\/wp-json\/wp\/v2\/categories?post=65399"},{"taxonomy":"post_tag","embeddable":true,"href":"https:\/\/grandepremio.com\/br\/wp-json\/wp\/v2\/tags?post=65399"},{"taxonomy":"42wp_author","embeddable":true,"href":"https:\/\/grandepremio.com\/br\/wp-json\/wp\/v2\/42wp_author?post=65399"}],"curies":[{"name":"wp","href":"https:\/\/api.w.org\/{rel}","templated":true}]}}