{"id":65630,"date":"2024-08-21T08:43:48","date_gmt":"2024-08-21T11:43:48","guid":{"rendered":"https:\/\/grandepremio.com\/br\/noticias\/bearman-revela-panico-e-animacao-ao-saber-de-substituicao-de-sainz-em-jeda\/"},"modified":"2024-08-21T14:38:28","modified_gmt":"2024-08-21T17:38:28","slug":"bearman-revela-panico-e-animacao-ao-saber-de-substituicao-de-sainz-em-jeda","status":"publish","type":"post","link":"https:\/\/grandepremio.com\/br\/f1\/bearman-revela-panico-e-animacao-ao-saber-de-substituicao-de-sainz-em-jeda\/","title":{"rendered":"Bearman revela \u201cp\u00e2nico e anima\u00e7\u00e3o\u201d ao saber de substitui\u00e7\u00e3o de Sainz em Jed\u00e1"},"content":{"rendered":"\n<p class=\"wp-block-paragraph\"><strong>Oliver Bearman<\/strong> contou como recebeu a not\u00edcia de que teria de substituir <strong>Carlos Sainz<\/strong> na <strong>Ferrari <\/strong>durante o <strong>GP da Ar\u00e1bia Saudita<\/strong>. O jovem brit\u00e2nico \u2014 <a href=\"https:\/\/www.grandepremio.com\/br\/f1\/noticias\/haas-confirma-expectativa-anuncia-oliver-bearman-como-titular-f1-2025\/\">que vai ser defender da <strong>Haas <\/strong>no ano que vem<\/a> \u2014, afirmou que sentiu um misto de \u201cp\u00e2nico e emo\u00e7\u00e3o\u201d quando <strong>Fr\u00e9d\u00e9ric Vasseur<\/strong>, chefe da equipe italiana, disse que ele seria o titular em <strong>Jed\u00e1<\/strong>.<\/p>\n\n\n\n<p class=\"wp-block-paragraph\"><strong>Sainz <\/strong><a href=\"https:\/\/www.grandepremio.com\/br\/f1\/noticias\/carlos-sainz-diagnosticado-apendicite-fora-gp-arabia-saudita-oliver-bearman-substitui\/\">sofreu com uma apendicite<\/a> durante o fim de semana da <strong>F\u00f3rmula 1<\/strong> na <strong>Ar\u00e1bia Saudita<\/strong> e, por isso, teve de desfalcar a <strong>Ferrari<\/strong>. <strong>Oliver Bearman<\/strong>, que chegou ao pa\u00eds para correr na <strong>F\u00f3rmula 2<\/strong> \u2014 e havia cravado a pole com a <strong>Prema <\/strong>\u2014 soube da not\u00edcia ainda no s\u00e1bado, poucas horas antes da classifica\u00e7\u00e3o da <strong>F1<\/strong>.&nbsp;<\/p>\n\n\n\n<p class=\"wp-block-paragraph\"><strong>Bearman <\/strong>explicou que <strong>Vasseur <\/strong>ligou para seu empres\u00e1rio quando eles estavam reunidos com sua equipe pessoal. J\u00e1 ciente do estado de sa\u00fade de <strong>Sainz<\/strong>, e sabendo que <strong>Fr\u00e9d\u00e9ric<\/strong> n\u00e3o tem o costume de ligar para os pilotos durante um fim de semana de corrida, <strong>Oliver <\/strong>ligou os fatos e soube que teria de assumir a <strong>SF-24<\/strong> naquele fim de semana.<\/p>\n\n\n\n<p class=\"wp-block-paragraph\">\u201cEstava sentado com Chris Harfield [empres\u00e1rio] e a minha equipe pessoal. Ent\u00e3o vi uma liga\u00e7\u00e3o no telefone dele e era Fred [Vasseur]. N\u00e3o costuma ser uma boa not\u00edcia quando Fred liga em um fim de semana de corrida, e sabia que ele n\u00e3o estava ligando para desejar boa sorte na F2. Podia ver no rosto de Chris quando ele pegou o telefone e era uma express\u00e3o facial espec\u00edfica. Ent\u00e3o liguei os fatos, sabia que Carlos n\u00e3o estava bem, e ent\u00e3o comecei a ficar animado\u201d, destacou Bearman.<\/p>\n\n\n\n<figure class=\"wp-block-image size-large\"><img decoding=\"async\" src=\"https:\/\/www.grandepremio.com\/br\/wp-content\/uploads\/2024\/03\/arabia-saudita-2024-f1-treino-livre-ferrari-oliver-bearman-04-1024x683.jpg\" alt=\"\" class=\"wp-image-785723\"\/><figcaption class=\"wp-element-caption\">Oliver Bearman foi s\u00e9timo colocado no GP da Ar\u00e1bia Saudita (Foto: Ferrari)<\/figcaption><\/figure>\n\n\n\n<p class=\"wp-block-paragraph\">\u201cO telefone de Chris n\u00e3o estava funcionando muito bem, ent\u00e3o liguei para Fred depois, e ele me deu a not\u00edcia. Acho que entrei em p\u00e2nico porque ele estava me dizendo para me acalmar e ir para a pista. Foi uma loucura. Acho que ele percebeu o p\u00e2nico na minha voz e o qu\u00e3o louco fiquei. Olhei para o meu pai, e acho que pelo meu rosto ele tamb\u00e9m percebeu o que estava acontecendo. Entramos direto no carro e estava muito nervoso, mas fui para o paddock e a not\u00edcia ainda n\u00e3o tinha sido divulgada. Eu estava andando no padr\u00e3o, ningu\u00e9m me notou, era apenas mais um piloto de F2 indo almo\u00e7ar com a Ferrari ou algo assim\u201d, finalizou Oliver.<\/p>\n\n\n\n<p class=\"wp-block-paragraph\">Ap\u00f3s as f\u00e9rias, a&nbsp;<a href=\"https:\/\/www.grandepremio.com\/br\/f1\/\" target=\"_blank\" rel=\"noreferrer noopener\">F\u00f3rmula 1<\/a>&nbsp;est\u00e1 de volta neste final de semana, entre os dias 23 e 25 de agosto, para o&nbsp;<strong>GP dos Pa\u00edses Baixos<\/strong>, em&nbsp;<strong><a href=\"https:\/\/www.grandepremio.com\/br\/circuito\/zandvoort\/\" target=\"_blank\" rel=\"noreferrer noopener\">Zandvoort<\/a><\/strong>.<\/p>\n\n\n\n<p class=\"wp-block-paragraph\"><strong>&nbsp;Inscreva-se nos dois canais do GRANDE PR\u00caMIO no YouTube:&nbsp;<a href=\"https:\/\/www.youtube.com\/channel\/UC9OlHEgxoaY6QY6nWPoiqQg?sub_confirmation=1\" target=\"_blank\" rel=\"noreferrer noopener\">GP<\/a>&nbsp;|&nbsp;<a href=\"https:\/\/www.youtube.com\/channel\/UC9csiS6q_C3C0FYhyr1rnFA?sub_confirmation=1\" target=\"_blank\" rel=\"noreferrer noopener\">GP2<\/a><\/strong><\/p>\n\n\n\n<figure class=\"wp-block-embed is-type-video is-provider-youtube wp-block-embed-youtube wp-embed-aspect-16-9 wp-has-aspect-ratio\"><div class=\"wp-block-embed__wrapper\">\n<iframe loading=\"lazy\" title=\"F1 DE VOLTA EM ZANDVOORT: MERCEDES FAVORITA NA CASA DE VERSTAPPEN? | Paddock GP #385\" width=\"500\" height=\"281\" src=\"https:\/\/www.youtube.com\/embed\/nNEHFQ-cnGw?feature=oembed\" frameborder=\"0\" allow=\"accelerometer; autoplay; clipboard-write; encrypted-media; gyroscope; picture-in-picture; web-share\" referrerpolicy=\"strict-origin-when-cross-origin\" allowfullscreen><\/iframe>\n<\/div><\/figure>\n","protected":false},"excerpt":{"rendered":"<p>Oliver Bearman ficou t\u00e3o animado com a not\u00edcia de que guiaria para a Ferrari, que Fr\u00e9d\u00e9ric Vasseur teve de ped\u00ed-lo para \u201cse acalmar e ir para a pista\u201d<\/p>\n","protected":false},"author":0,"featured_media":1000785768,"comment_status":"closed","ping_status":"closed","sticky":false,"template":"","format":"standard","meta":{"42wp_featured_image_caption":"","42wp_featured_image_credits":"","42wp_featured_video":"","42wp_featured_image_hidden":false,"42wp_authors_list":[],"footnotes":""},"categories":[2],"tags":[546,3230,207,30909,1322,26266,1491,28285,29923,7672,29528],"42wp_author":[47149],"class_list":["post-65630","post","type-post","status-publish","format-standard","has-post-thumbnail","hentry","category-f1","tag-carlos-sainz","tag-f1-2024","tag-ferrari","tag-formula-1-2024","tag-frederic-vasseur","tag-gp-da-arabia-saudita","tag-grande-premio","tag-grandepremio","tag-oliver-bearman","tag-sainz","tag-vasseur","42wp_author-bernardo-castro"],"_links":{"self":[{"href":"https:\/\/grandepremio.com\/br\/wp-json\/wp\/v2\/posts\/65630","targetHints":{"allow":["GET"]}}],"collection":[{"href":"https:\/\/grandepremio.com\/br\/wp-json\/wp\/v2\/posts"}],"about":[{"href":"https:\/\/grandepremio.com\/br\/wp-json\/wp\/v2\/types\/post"}],"replies":[{"embeddable":true,"href":"https:\/\/grandepremio.com\/br\/wp-json\/wp\/v2\/comments?post=65630"}],"version-history":[{"count":0,"href":"https:\/\/grandepremio.com\/br\/wp-json\/wp\/v2\/posts\/65630\/revisions"}],"wp:featuredmedia":[{"embeddable":true,"href":"https:\/\/grandepremio.com\/br\/wp-json\/wp\/v2\/media\/1000785768"}],"wp:attachment":[{"href":"https:\/\/grandepremio.com\/br\/wp-json\/wp\/v2\/media?parent=65630"}],"wp:term":[{"taxonomy":"category","embeddable":true,"href":"https:\/\/grandepremio.com\/br\/wp-json\/wp\/v2\/categories?post=65630"},{"taxonomy":"post_tag","embeddable":true,"href":"https:\/\/grandepremio.com\/br\/wp-json\/wp\/v2\/tags?post=65630"},{"taxonomy":"42wp_author","embeddable":true,"href":"https:\/\/grandepremio.com\/br\/wp-json\/wp\/v2\/42wp_author?post=65630"}],"curies":[{"name":"wp","href":"https:\/\/api.w.org\/{rel}","templated":true}]}}