{"id":66335,"date":"2024-08-16T16:14:08","date_gmt":"2024-08-16T19:14:08","guid":{"rendered":"https:\/\/grandepremio.com\/br\/noticias\/indy-avanca-formaliza-proposta-sistema-charters-para-equipes\/"},"modified":"2024-08-16T20:05:54","modified_gmt":"2024-08-16T23:05:54","slug":"indy-avanca-formaliza-proposta-sistema-charters-para-equipes","status":"publish","type":"post","link":"https:\/\/grandepremio.com\/br\/indy\/indy-avanca-formaliza-proposta-sistema-charters-para-equipes\/","title":{"rendered":"Indy avan\u00e7a e formaliza proposta de sistema de charters para equipes"},"content":{"rendered":"\n<p class=\"wp-block-paragraph\">A <strong><a href=\"https:\/\/www.grandepremio.com\/br\/indy\/\">Indy<\/a><\/strong> avan\u00e7a para implementar na temporada 2025 o <a href=\"https:\/\/www.grandepremio.com\/br\/indy\/noticias\/indy-inspira-em-nascar-planeja-adotar-sistema-franquias-campeonato\/\">sistema de charters<\/a>, que faria com que os carros fossem uma esp\u00e9cie de franquia atrelada \u00e0s vagas no grid \u2014 algo inspirado no que a <strong>Nascar<\/strong> fez a partir de 2016. De acordo com o jornal norte-americano IndyStar, a categoria apresentou na \u00faltima semana a proposta formal para os donos de equipe, ap\u00f3s um ano de conversas e negocia\u00e7\u00f5es entre as partes.<\/p>\n\n\n\n<p class=\"wp-block-paragraph\">A publica\u00e7\u00e3o ressalta que, nesse momento, os contratos se encontram sob an\u00e1lise dos mais variados departamentos dos times e que, consultando pessoas da <strong>Penske Entertainment,<\/strong> propriet\u00e1ria da Indy, n\u00e3o foi estabelecido um prazo para retorno dessas minutas \u2014 portanto, n\u00e3o se pode afirmar que o acordo est\u00e1 pr\u00f3ximo de ser anunciado.<\/p>\n\n\n\n<p class=\"wp-block-paragraph\">A Indy tem alguns prop\u00f3sitos com o sistema charter. Um deles \u00e9, de certa forma, limitar o grid. O n\u00famero excessivo de carros tem gerado reclama\u00e7\u00f5es de equipes e pilotos em decorr\u00eancia do tr\u00e1fego, principalmente nos treinos livres. Tamb\u00e9m h\u00e1 a quest\u00e3o estrutural de algumas pistas, que n\u00e3o comportam mais do que os 27 monopostos que disputam a temporada completa de 2024.<\/p>\n\n\n\n<p class=\"wp-block-paragraph\"><strong>Inscreva-se nos dois canais do GRANDE PR\u00caMIO no YouTube:\u00a0<a href=\"https:\/\/www.youtube.com\/channel\/UC9OlHEgxoaY6QY6nWPoiqQg?sub_confirmation=1\" target=\"_blank\" rel=\"noreferrer noopener\">GP<\/a>\u00a0|\u00a0<a href=\"https:\/\/www.youtube.com\/channel\/UC9csiS6q_C3C0FYhyr1rnFA?sub_confirmation=1\" target=\"_blank\" rel=\"noreferrer noopener\">GP2<\/a><\/strong><br><strong>LEIA MAIS: Giaffone\u00a0<a href=\"https:\/\/www.grandepremio.com\/br\/indy\/noticias\/nic-giaffone-ve-oval-ponto-alto-ano-admite-futuro-incerto-estados-unidos\/\">v\u00ea oval como<\/a>\u00a0\u201cponto alto\u201d do ano e admite futuro incerto nos Estados Unidos<\/strong><\/p>\n\n\n\n<figure class=\"wp-block-image size-large\"><img decoding=\"async\" src=\"https:\/\/www.grandepremio.com\/br\/wp-content\/uploads\/2024\/04\/mark-miles-1024x682.webp\" alt=\"\" class=\"wp-image-802104\"\/><figcaption class=\"wp-element-caption\">Mark Miles, CEO da Penske Entertainment (Foto: Reprodu\u00e7\u00e3o)<\/figcaption><\/figure>\n\n\n\n<p class=\"wp-block-paragraph\">A segunda raz\u00e3o \u00e9 criar valor \u00e0 vaga na Indy. Um exemplo que <strong>Mark Miles<\/strong>, CEO da Penske Entertainment, utilizou ao longo de 2024 foi a venda da <strong>Carlin<\/strong> para a <strong>Juncos<\/strong> em 2022. Na ocasi\u00e3o, o time brit\u00e2nico vendeu a estrutura e o invent\u00e1rio para a equipe do argentino <strong>Ricardo Juncos<\/strong>, sem que houvesse algum valor atribu\u00eddo por estar na categoria. <\/p>\n\n\n\n<p class=\"wp-block-paragraph\">Caso a Indy siga o que foi falado pelos dirigentes ao longo de 2024, ser\u00e1 contemplado no sistema charter o carro que disputou a temporada completa deste ano, sendo que cada equipe s\u00f3 poder\u00e1 ter no m\u00e1ximo tr\u00eas franquias. Estes teriam vaga garantida em todas as corridas da categoria, exceto as 500 Milhas de Indian\u00e1polis.<\/p>\n\n\n\n<p class=\"wp-block-paragraph\">Por\u00e9m, se a Indy seguir dessa forma, duas vagas da <strong>Ganassi<\/strong> estariam fora do sistema, assim como a <strong>Prema<\/strong>, que anunciou nessa temporada que ingressar\u00e1 a Indy em 2025 com dois monopostos. Eles teriam de duelar pelos outros dois lugares restantes no grid, visto que todas as corridas, exceto Indy 500, v\u00e3o ser limitadas a 27 carros.<\/p>\n\n\n\n<p class=\"wp-block-paragraph\">No entanto, nada disso parece frear o \u00edmpeto da Prema, que j\u00e1 tem uma sede nos <strong>Estados Unidos<\/strong> \u2014 localizada na cidade de <strong>Fishers<\/strong>, nos arredores de <strong>Indian\u00e1polis<\/strong>, al\u00e9m de seguir contratando funcion\u00e1rios para a iniciativa. Resta a defini\u00e7\u00e3o de como ficar\u00e1 a equipe com rela\u00e7\u00e3o aos charters para fechar com os pilotos. O <strong>GRANDE PR\u00caMIO <\/strong>apurou que a Prema <a href=\"https:\/\/www.grandepremio.com\/br\/indy\/noticias\/prema-aguarda-definicao-charters-tem-rinus-veekay-como-plano-para-indy-2025\/\">j\u00e1 se acertou com<\/a> <strong>Rinus VeeKay<\/strong>, que espera a garantia de que ter\u00e1 vaga no grid para fechar o contrato.<\/p>\n\n\n\n<p class=\"wp-block-paragraph\">As atividades da\u00a0<a href=\"https:\/\/www.grandepremio.com\/formula-indy\/\" target=\"_blank\" rel=\"noreferrer noopener\">Indy<\/a>\u00a0em Gateway come\u00e7aram nesta sexta-feira (16). A\u00a0<strong>classifica\u00e7\u00e3o\u00a0<\/strong>tem in\u00edcio \u00e0s\u00a0<strong>17h20<\/strong> <strong>[de Bras\u00edlia, -3 GMT]<\/strong>, com um treino extra de 30 minutos para testar a parte alta da pista \u00e0s\u00a0<strong>20h45<\/strong>. O segundo treino oficial est\u00e1 agendado para\u00a0<strong>21h30<\/strong>, enquanto a largada est\u00e1 marcada para\u00a0<strong>19h15\u00a0<\/strong>do s\u00e1bado.<\/p>\n\n\n\n<figure class=\"wp-block-embed is-type-video is-provider-youtube wp-block-embed-youtube wp-embed-aspect-16-9 wp-has-aspect-ratio\"><div class=\"wp-block-embed__wrapper\">\n<iframe loading=\"lazy\" title=\"Por que PALOU deve AGARRAR AUDI se oportunidade surgir na F1? | GP \u00e0s 10\" width=\"500\" height=\"281\" src=\"https:\/\/www.youtube.com\/embed\/BF54pdWB-58?feature=oembed\" frameborder=\"0\" allow=\"accelerometer; autoplay; clipboard-write; encrypted-media; gyroscope; picture-in-picture; web-share\" referrerpolicy=\"strict-origin-when-cross-origin\" allowfullscreen><\/iframe>\n<\/div><\/figure>\n","protected":false},"excerpt":{"rendered":"<p>Ap\u00f3s um ano de conversas com as equipes da categoria, Indy teria enviado contrato com detalhes de como ser\u00e1 sistema de charters a partir de 2025<\/p>\n","protected":false},"author":0,"featured_media":1000843470,"comment_status":"closed","ping_status":"closed","sticky":false,"template":"","format":"standard","meta":{"42wp_featured_image_caption":"","42wp_featured_image_credits":"","42wp_featured_video":"","42wp_featured_image_hidden":false,"42wp_authors_list":[],"footnotes":""},"categories":[3],"tags":[28552,6133,3773,1491,28285,35361,93,31011,39054,29784,36027,6504],"42wp_author":[47155],"class_list":["post-66335","post","type-post","status-publish","format-standard","has-post-thumbnail","hentry","category-indy","tag-calendario-indy","tag-classificacao-indy","tag-gp-de-gateway","tag-grande-premio","tag-grandepremio","tag-horarios-indy","tag-indy","tag-indy-2024","tag-indy-2025","tag-onde-assistir-indy","tag-temporada-2024-da-indy","tag-temporada-2025","42wp_author-daniel-balsa"],"_links":{"self":[{"href":"https:\/\/grandepremio.com\/br\/wp-json\/wp\/v2\/posts\/66335","targetHints":{"allow":["GET"]}}],"collection":[{"href":"https:\/\/grandepremio.com\/br\/wp-json\/wp\/v2\/posts"}],"about":[{"href":"https:\/\/grandepremio.com\/br\/wp-json\/wp\/v2\/types\/post"}],"replies":[{"embeddable":true,"href":"https:\/\/grandepremio.com\/br\/wp-json\/wp\/v2\/comments?post=66335"}],"version-history":[{"count":0,"href":"https:\/\/grandepremio.com\/br\/wp-json\/wp\/v2\/posts\/66335\/revisions"}],"wp:featuredmedia":[{"embeddable":true,"href":"https:\/\/grandepremio.com\/br\/wp-json\/wp\/v2\/media\/1000843470"}],"wp:attachment":[{"href":"https:\/\/grandepremio.com\/br\/wp-json\/wp\/v2\/media?parent=66335"}],"wp:term":[{"taxonomy":"category","embeddable":true,"href":"https:\/\/grandepremio.com\/br\/wp-json\/wp\/v2\/categories?post=66335"},{"taxonomy":"post_tag","embeddable":true,"href":"https:\/\/grandepremio.com\/br\/wp-json\/wp\/v2\/tags?post=66335"},{"taxonomy":"42wp_author","embeddable":true,"href":"https:\/\/grandepremio.com\/br\/wp-json\/wp\/v2\/42wp_author?post=66335"}],"curies":[{"name":"wp","href":"https:\/\/api.w.org\/{rel}","templated":true}]}}