{"id":66474,"date":"2024-08-15T10:49:10","date_gmt":"2024-08-15T13:49:10","guid":{"rendered":"https:\/\/grandepremio.com\/br\/noticias\/kyle-larson-a-frente-verstappen-mais-versatil-sou-melhor\/"},"modified":"2024-08-15T10:50:59","modified_gmt":"2024-08-15T13:50:59","slug":"kyle-larson-a-frente-verstappen-mais-versatil-sou-melhor","status":"publish","type":"post","link":"https:\/\/grandepremio.com\/br\/f1\/kyle-larson-a-frente-verstappen-mais-versatil-sou-melhor\/","title":{"rendered":"Larson se coloca \u00e0 frente de Verstappen e diz ser \u201cmais vers\u00e1til\u201d: \u201cSei que sou melhor\u201d"},"content":{"rendered":"\n<p class=\"wp-block-paragraph\"><strong>Kyle Larson<\/strong>, um dos talentos mais reverenciados da <strong>Nascar <\/strong>nos \u00faltimos anos, acredita que pode bater de frente com <strong>Max Verstappen<\/strong> na pista. Foi o que afirmou o campe\u00e3o da <strong>Cup Series<\/strong> de 2021 e <a href=\"https:\/\/www.grandepremio.com\/br\/nascar\/noticias\/kyle-larson-vence-4a-2024-indianapolis-confira-briga-playoffs-nascar\/\">atual l\u00edder do campeonato<\/a>, que reconheceu o talento do neerland\u00eas, mas se colocou como um \u201cpiloto mais vers\u00e1til\u201d do que o tricampe\u00e3o da <strong>F\u00f3rmula 1<\/strong>.\u00a0\u00a0<\/p>\n\n\n\n<p class=\"wp-block-paragraph\">Segundo o piloto do <strong>#5<\/strong> da <strong>Hendrick<\/strong>, Verstappen pode at\u00e9 ser melhor em carros de <strong>Indy <\/strong>e F\u00f3rmula 1, mas n\u00e3o conseguiria render em outras categorias.\u00a0Larson, al\u00e9m da Nascar, tamb\u00e9m corre em <strong>sprint cars<\/strong>, tendo vencido o <strong>Knoxville Nationals <\/strong>tr\u00eas vezes, e disputou as <strong>500 milhas de Indian\u00e1polis <\/strong>em maio deste ano.<\/p>\n\n\n\n<p class=\"wp-block-paragraph\">Perguntado se precisaria correr contra Verstappen para provar seu ponto, Larson disse que n\u00e3o e destacou estar convicto de que \u00e9 superior ao piloto da <strong>Red Bull<\/strong>.&nbsp;<\/p>\n\n\n\n<p class=\"wp-block-paragraph\">&#8220;Na verdade, n\u00e3o. Sei que sou melhor do que ele como um piloto mais vers\u00e1til. N\u00e3o h\u00e1 como Verstappen entrar em um sprint car e vencer o <strong>Knoxville Nationals<\/strong>, o <strong>Chili Bowl <\/strong>ou uma corrida da Cup Series em <strong>Bristol<\/strong>. Provavelmente n\u00e3o tem como eu vencer uma corrida de F\u00f3rmula 1 em <strong>M\u00f4naco<\/strong>, mas acho que teria mais chances fazendo o que ele faz do que ele fazendo o que fa\u00e7o, apenas por causa do elemento carro\u201d, afirmou Larson em entrevista \u00e0 <em>FloRacing<\/em>.<\/p>\n\n\n\n<figure class=\"wp-block-image size-full\"><img decoding=\"async\" src=\"https:\/\/www.grandepremio.com\/br\/wp-content\/uploads\/2024\/07\/SI202407210307_hires_jpeg_24bit_rgb-1.jpg\" alt=\"\" class=\"wp-image-844768\"\/><figcaption class=\"wp-element-caption\">Max Verstappen (Foto: Red Bull Content Pool)<\/figcaption><\/figure>\n\n\n\n<p class=\"wp-block-paragraph\">\u201cIsso \u00e9 o que me d\u00e1 tranquilidade e confian\u00e7a, sei que sou melhor que ele. Talvez n\u00e3o em um carro de Indy ou F\u00f3rmula 1, mas essa \u00e9 apenas uma disciplina. Voc\u00ea pode citar isso&#8221;, declarou.\u00a0<\/p>\n\n\n\n<p class=\"wp-block-paragraph\">Com quatro vit\u00f3rias e 779 pontos somados nesta temporada, Larson lidera a tabela da Nascar com apenas cinco tentos de folga para <strong>Tyler Reddick<\/strong>, o segundo colocado.&nbsp;<\/p>\n\n\n\n<p class=\"wp-block-paragraph\">J\u00e1 Verstappen \u00e9 l\u00edder com sobras no <strong>Mundial de Pilotos<\/strong> da F1, com 277 pontos conquistados, 78 a mais que o vice-l\u00edder <strong>Lando Norris<\/strong>.<\/p>\n\n\n\n<p class=\"wp-block-paragraph\">Ap\u00f3s o recesso de ver\u00e3o, a F\u00f3rmula 1 voltar\u00e1 \u00e0s pistas entre os dias 23 e 25 de agosto para o <strong>GP dos Pa\u00edses Baixos<\/strong>, em <strong>Zandvoort<\/strong>. J\u00e1 a Nascar retorna para a antepen\u00faltima etapa da temporada regular no pr\u00f3ximo domingo (18), no oval de <strong>Michigan<\/strong>.<\/p>\n\n\n\n<p class=\"wp-block-paragraph\"><strong>\u00a0Inscreva-se nos dois canais do GRANDE PR\u00caMIO no YouTube:\u00a0<a href=\"https:\/\/www.youtube.com\/channel\/UC9OlHEgxoaY6QY6nWPoiqQg?sub_confirmation=1\" target=\"_blank\" rel=\"noreferrer noopener\">GP<\/a>\u00a0|\u00a0<a href=\"https:\/\/www.youtube.com\/channel\/UC9csiS6q_C3C0FYhyr1rnFA?sub_confirmation=1\" target=\"_blank\" rel=\"noreferrer noopener\">GP2<\/a><\/strong><\/p>\n\n\n\n<figure class=\"wp-block-embed is-type-video is-provider-youtube wp-block-embed-youtube wp-embed-aspect-16-9 wp-has-aspect-ratio\"><div class=\"wp-block-embed__wrapper\">\n<iframe loading=\"lazy\" title=\"GUERRA por VERSTAPPEN: ASTON MARTIN, MERCEDES ou RED BULL? + PRECONCEITO com ZHOU na F1? | TTGP #148\" width=\"500\" height=\"281\" src=\"https:\/\/www.youtube.com\/embed\/drBwMgXkVXM?feature=oembed\" frameborder=\"0\" allow=\"accelerometer; autoplay; clipboard-write; encrypted-media; gyroscope; picture-in-picture; web-share\" referrerpolicy=\"strict-origin-when-cross-origin\" allowfullscreen><\/iframe>\n<\/div><\/figure>\n","protected":false},"excerpt":{"rendered":"<p>Campe\u00e3o da Nascar em 2021, Kyle Larson afirmou ser melhor do que Max Verstappen pelo crit\u00e9rio de versatilidade<\/p>\n","protected":false},"author":0,"featured_media":1000799667,"comment_status":"closed","ping_status":"closed","sticky":false,"template":"","format":"standard","meta":{"42wp_featured_image_caption":"","42wp_featured_image_credits":"","42wp_featured_video":"","42wp_featured_image_hidden":false,"42wp_authors_list":[],"footnotes":""},"categories":[2],"tags":[5660,969,147,3230,642,160,180,30909,1491,30103,28285,93,3201,203,411,204],"42wp_author":[47162],"class_list":["post-66474","post","type-post","status-publish","format-standard","has-post-thumbnail","hentry","category-f1","tag-classificacao","tag-corrida","tag-f1","tag-f1-2024","tag-f1-ao-vivo","tag-f1-tv","tag-formula-1","tag-formula-1-2024","tag-grande-premio","tag-grande-premio-f1","tag-grandepremio","tag-indy","tag-kyle-larson","tag-max-verstappen","tag-nascar","tag-red-bull","42wp_author-giovani-danjo"],"_links":{"self":[{"href":"https:\/\/grandepremio.com\/br\/wp-json\/wp\/v2\/posts\/66474","targetHints":{"allow":["GET"]}}],"collection":[{"href":"https:\/\/grandepremio.com\/br\/wp-json\/wp\/v2\/posts"}],"about":[{"href":"https:\/\/grandepremio.com\/br\/wp-json\/wp\/v2\/types\/post"}],"replies":[{"embeddable":true,"href":"https:\/\/grandepremio.com\/br\/wp-json\/wp\/v2\/comments?post=66474"}],"version-history":[{"count":0,"href":"https:\/\/grandepremio.com\/br\/wp-json\/wp\/v2\/posts\/66474\/revisions"}],"wp:featuredmedia":[{"embeddable":true,"href":"https:\/\/grandepremio.com\/br\/wp-json\/wp\/v2\/media\/1000799667"}],"wp:attachment":[{"href":"https:\/\/grandepremio.com\/br\/wp-json\/wp\/v2\/media?parent=66474"}],"wp:term":[{"taxonomy":"category","embeddable":true,"href":"https:\/\/grandepremio.com\/br\/wp-json\/wp\/v2\/categories?post=66474"},{"taxonomy":"post_tag","embeddable":true,"href":"https:\/\/grandepremio.com\/br\/wp-json\/wp\/v2\/tags?post=66474"},{"taxonomy":"42wp_author","embeddable":true,"href":"https:\/\/grandepremio.com\/br\/wp-json\/wp\/v2\/42wp_author?post=66474"}],"curies":[{"name":"wp","href":"https:\/\/api.w.org\/{rel}","templated":true}]}}