{"id":66585,"date":"2024-08-14T09:04:19","date_gmt":"2024-08-14T12:04:19","guid":{"rendered":"https:\/\/grandepremio.com\/br\/noticias\/porsche-anuncia-nico-muller-piloto-de-fabrica-analisa-participacao-outras-categorias\/"},"modified":"2024-08-14T09:14:39","modified_gmt":"2024-08-14T12:14:39","slug":"porsche-anuncia-nico-muller-piloto-de-fabrica-analisa-participacao-outras-categorias","status":"publish","type":"post","link":"https:\/\/grandepremio.com\/br\/formula-e\/porsche-anuncia-nico-muller-piloto-de-fabrica-analisa-participacao-outras-categorias\/","title":{"rendered":"Porsche anuncia M\u00fcller como piloto de f\u00e1brica e analisa participa\u00e7\u00e3o em outras categorias"},"content":{"rendered":"\n<p class=\"wp-block-paragraph\">Depois de ser anunciado como piloto da <strong>Andretti <\/strong>para a pr\u00f3xima temporada da <strong>F\u00f3rmula E<\/strong>, <strong>Nico M\u00fcller<\/strong> foi oficialmente confirmado pela <strong>Porsche <\/strong>como piloto de f\u00e1brica da marca nesta quarta-feira (14). A transfer\u00eancia da <strong>ABT Cupra<\/strong>, inclusive, se d\u00e1 pela rela\u00e7\u00e3o de clientela da equipe americana, que recebe os trens de for\u00e7a da montadora alem\u00e3 na categoria. A inten\u00e7\u00e3o \u00e9 levar o su\u00ed\u00e7o ao time de f\u00e1brica a partir do ano seguinte.<\/p>\n\n\n\n<p class=\"wp-block-paragraph\">No an\u00fancio de confirma\u00e7\u00e3o de M\u00fcller como piloto de f\u00e1brica da Porsche, a marca ainda indica que &#8220;outras categorias que Nico M\u00fcller possa competir pela Porsche est\u00e3o atualmente sendo planejadas e ser\u00e3o anunciadas em uma data posterior&#8221;.<\/p>\n\n\n\n<p class=\"wp-block-paragraph\">Assim, o su\u00ed\u00e7o \u2014 que defende a <strong>Peugeot <\/strong>no WEC, mas vai deixar a equipe ao fim da temporada \u2014 pode ser inclu\u00eddo nos planos da Porsche tamb\u00e9m no Mundial de Endurance, seja na equipe de f\u00e1brica ou em alguma cliente. Ainda que o time alem\u00e3o n\u00e3o apoie a ideia de um programa duplo entre seus pilotos, n\u00e3o seria uma novidade na rela\u00e7\u00e3o com a Andretti.<\/p>\n\n\n\n<p class=\"wp-block-paragraph\">Em 2023, a equipe americana teve o alem\u00e3o <strong>Andr\u00e9 Lotterer<\/strong> como companheiro de <strong>Jake Dennis<\/strong> na F\u00f3rmula E, em um modelo parecido ao de M\u00fcller. Lotterer era piloto de f\u00e1brica da Porsche, mas foi cedido \u00e0 Andretti para potencializar o desenvolvimento do carro e dividiu a categoria com o WEC. Sem resultados, por\u00e9m, deixou os carros el\u00e9tricos ao fim do ano e se tornou reserva, mas segue no Mundial de Endurance.<\/p>\n\n\n\n<figure class=\"wp-block-image size-large\"><img decoding=\"async\" src=\"https:\/\/www.grandepremio.com\/br\/wp-content\/uploads\/2024\/08\/MULLER-1200x675.jpg\" alt=\"\" class=\"wp-image-852974\"\/><figcaption class=\"wp-element-caption\">M\u00fcller ser\u00e1 companheiro de Dennis na Andretti na F\u00f3rmula E (Foto: Andretti)<\/figcaption><\/figure>\n\n\n\n<p class=\"wp-block-paragraph\">Vale destacar que, apesar de se tornar piloto da marca apenas em 2024, M\u00fcller \u00e9 um rosto conhecido por <strong>Florian Modlinger<\/strong>, chefe da Porsche na F\u00f3rmula E e diretor de f\u00e1brica da montadora. Os dois trabalharam juntos em v\u00e1rias temporadas do DTM, quando defendiam a tamb\u00e9m alem\u00e3 <strong>Audi<\/strong>. Foi o dirigente, inclusive, que <a href=\"https:\/\/www.grandepremio.com\/br\/formula-e\/noticias\/porsche-analisa-mudanca-dupla-formula-e-teste-privado-nico-muller-almeria\/\" target=\"_blank\" rel=\"noreferrer noopener\">sugeriu o teste do piloto<\/a> no carro da Porsche em mar\u00e7o.<\/p>\n\n\n\n<p class=\"wp-block-paragraph\">Com <strong>Ant\u00f3nio F\u00e9lix da Costa<\/strong> em p\u00e9ssima fase no in\u00edcio do campeonato, a inten\u00e7\u00e3o inicial da Porsche era ter M\u00fcller j\u00e1 no carro do time principal em 2025. No entanto, o portugu\u00eas retomou a forma, emendou uma sequ\u00eancia de <strong>quatro vit\u00f3rias <\/strong>em <strong>cinco corridas <\/strong>na segunda metade do campeonato e fechou como maior vencedor do ano. Assim, a equipe alem\u00e3 alterou o planejamento e o enviou \u00e0 Andretti.<\/p>\n\n\n\n<p class=\"wp-block-paragraph\">A temporada 2024\/25 vai marcar o \u00faltimo ano de contrato entre Da Costa e Porsche. Em uma rela\u00e7\u00e3o de altos e baixos, o portugu\u00eas quer voltar a disputar o WEC em conjunto com a F\u00f3rmula E, o que indica uma prov\u00e1vel sa\u00edda dos quadros da equipe em 2026. M\u00fcller, ent\u00e3o, assumiria a partir da\u00ed.<\/p>\n\n\n\n<p class=\"wp-block-paragraph\">&#8220;Ser um piloto de f\u00e1brica da Porsche \u00e9 um sonho de crian\u00e7a para mim&#8221;, celebrou M\u00fcller. &#8220;Quando entrei em contato com a Porsche, imediatamente percebi: isso \u00e9 algo muito especial. Como piloto, a Porsche \u00e9 uma marca que voc\u00ea admira. Poder representar a Porsche a partir de agora \u00e9 uma grande honra e me enche de orgulho&#8221;, completou.<\/p>\n\n\n\n<p class=\"wp-block-paragraph\">A\u00a0<a href=\"https:\/\/www.grandepremio.com\/br\/formula-e\/\" target=\"_blank\" rel=\"noreferrer noopener\"><\/a><a href=\"https:\/\/www.grandepremio.com\/br\/formula-e\/\" target=\"_blank\" rel=\"noreferrer noopener\">F\u00f3rmula E<\/a>\u00a0retorna com atividades de pista somente entre os dias\u00a0<strong>4 e 7 de novembro<\/strong>, com os\u00a0<strong>testes coletivos de pr\u00e9-temporada na pista de Val\u00eancia, na\u00a0<a href=\"https:\/\/es.grandepremio.com\/\" target=\"_blank\" rel=\"noreferrer noopener\">Espanha<\/a><\/strong>. A temporada 2024\/25 come\u00e7a aqui no Brasil, com o\u00a0<strong>eP de\u00a0<a href=\"https:\/\/www.grandepremio.com\/br\/circuito\/sao-paulo\/\" target=\"_blank\" rel=\"noreferrer noopener\"><\/a><a href=\"https:\/\/www.grandepremio.com\/br\/circuito\/sao-paulo\/\" target=\"_blank\" rel=\"noreferrer noopener\"><\/a><a href=\"https:\/\/www.grandepremio.com\/br\/circuito\/sao-paulo\/\" target=\"_blank\" rel=\"noreferrer noopener\"><\/a><a href=\"https:\/\/www.grandepremio.com\/br\/circuito\/sao-paulo\/\" target=\"_blank\" rel=\"noreferrer noopener\"><\/a><a href=\"https:\/\/www.grandepremio.com\/br\/circuito\/sao-paulo\/\" target=\"_blank\" rel=\"noreferrer noopener\"><\/a><a href=\"https:\/\/www.grandepremio.com\/br\/circuito\/sao-paulo\/\" target=\"_blank\" rel=\"noreferrer noopener\"><\/a><a href=\"https:\/\/www.grandepremio.com\/br\/circuito\/sao-paulo\/\" target=\"_blank\" rel=\"noreferrer noopener\"><\/a><a href=\"https:\/\/www.grandepremio.com\/br\/circuito\/sao-paulo\/\" target=\"_blank\" rel=\"noreferrer noopener\"><\/a><a href=\"https:\/\/www.grandepremio.com\/br\/circuito\/sao-paulo\/\" target=\"_blank\" rel=\"noreferrer noopener\">S\u00e3o Paulo<\/a>, marcado para o fim de semana do dia 7 de dezembro<\/strong>.<\/p>\n\n\n\n<p class=\"wp-block-paragraph\"><strong><img decoding=\"async\" style=\"width: 20px;\" src=\"https:\/\/s.w.org\/images\/core\/emoji\/14.0.0\/svg\/25b6.svg\" alt=\"\u25b6\ufe0f\">\u00a0Inscreva-se nos dois canais do GRANDE PR\u00caMIO no YouTube:\u00a0<a href=\"https:\/\/www.youtube.com\/channel\/UC9OlHEgxoaY6QY6nWPoiqQg?sub_confirmation=1\" target=\"_blank\" rel=\"noreferrer noopener\">GP<\/a>\u00a0|\u00a0<a href=\"https:\/\/www.youtube.com\/channel\/UC9csiS6q_C3C0FYhyr1rnFA?sub_confirmation=1\" target=\"_blank\" rel=\"noreferrer noopener\">GP2<\/a><\/strong><\/p>\n\n\n\n<figure class=\"wp-block-embed is-type-video is-provider-youtube wp-block-embed-youtube wp-embed-aspect-16-9 wp-has-aspect-ratio\"><div class=\"wp-block-embed__wrapper\">\n<iframe loading=\"lazy\" title=\"Di Grassi sonha com REDEN\u00c7\u00c3O em 2025 DECISIVO ap\u00f3s PIOR TEMPORADA da carreira | GP \u00e0s 10\" width=\"500\" height=\"281\" src=\"https:\/\/www.youtube.com\/embed\/Xmd478tj8-I?feature=oembed\" frameborder=\"0\" allow=\"accelerometer; autoplay; clipboard-write; encrypted-media; gyroscope; picture-in-picture; web-share\" referrerpolicy=\"strict-origin-when-cross-origin\" allowfullscreen><\/iframe>\n<\/div><\/figure>\n","protected":false},"excerpt":{"rendered":"<p>A Porsche confirmou que Nico M\u00fcller foi contratado como piloto de f\u00e1brica da equipe e, al\u00e9m da cess\u00e3o \u00e0 Andretti na F\u00f3rmula E, considera a inscri\u00e7\u00e3o do su\u00ed\u00e7o em outras categorias<\/p>\n","protected":false},"author":0,"featured_media":1000853235,"comment_status":"closed","ping_status":"closed","sticky":false,"template":"","format":"standard","meta":{"42wp_featured_image_caption":"","42wp_featured_image_credits":"","42wp_featured_video":"","42wp_featured_image_hidden":false,"42wp_authors_list":[],"footnotes":""},"categories":[19],"tags":[417,28679,6853,379,36881,840,35967,1601,1491,30103,28285,2349,36219,736,35235,33679,356,29560],"42wp_author":[47142],"class_list":["post-66585","post","type-post","status-publish","format-standard","has-post-thumbnail","hentry","category-formula-e","tag-andretti","tag-calendario-formula-e","tag-classificacao-formula-e","tag-fe","tag-fe-2024","tag-formula-e","tag-formula-e-2024","tag-gen3","tag-grande-premio","tag-grande-premio-f1","tag-grandepremio","tag-nico-muller","tag-onde-assistir-formula-e","tag-porsche","tag-porsche-penske","tag-proton","tag-wec","tag-wec-2024","42wp_author-jp-nascimento"],"_links":{"self":[{"href":"https:\/\/grandepremio.com\/br\/wp-json\/wp\/v2\/posts\/66585","targetHints":{"allow":["GET"]}}],"collection":[{"href":"https:\/\/grandepremio.com\/br\/wp-json\/wp\/v2\/posts"}],"about":[{"href":"https:\/\/grandepremio.com\/br\/wp-json\/wp\/v2\/types\/post"}],"replies":[{"embeddable":true,"href":"https:\/\/grandepremio.com\/br\/wp-json\/wp\/v2\/comments?post=66585"}],"version-history":[{"count":0,"href":"https:\/\/grandepremio.com\/br\/wp-json\/wp\/v2\/posts\/66585\/revisions"}],"wp:featuredmedia":[{"embeddable":true,"href":"https:\/\/grandepremio.com\/br\/wp-json\/wp\/v2\/media\/1000853235"}],"wp:attachment":[{"href":"https:\/\/grandepremio.com\/br\/wp-json\/wp\/v2\/media?parent=66585"}],"wp:term":[{"taxonomy":"category","embeddable":true,"href":"https:\/\/grandepremio.com\/br\/wp-json\/wp\/v2\/categories?post=66585"},{"taxonomy":"post_tag","embeddable":true,"href":"https:\/\/grandepremio.com\/br\/wp-json\/wp\/v2\/tags?post=66585"},{"taxonomy":"42wp_author","embeddable":true,"href":"https:\/\/grandepremio.com\/br\/wp-json\/wp\/v2\/42wp_author?post=66585"}],"curies":[{"name":"wp","href":"https:\/\/api.w.org\/{rel}","templated":true}]}}