{"id":66589,"date":"2024-08-14T08:37:52","date_gmt":"2024-08-14T11:37:52","guid":{"rendered":"https:\/\/grandepremio.com\/br\/noticias\/aston-martin-comemora-maior-flexibilidade-para-testes-novo-tunel-vento-formula-1\/"},"modified":"2024-08-14T15:17:59","modified_gmt":"2024-08-14T18:17:59","slug":"aston-martin-comemora-maior-flexibilidade-para-testes-novo-tunel-vento-formula-1","status":"publish","type":"post","link":"https:\/\/grandepremio.com\/br\/f1\/aston-martin-comemora-maior-flexibilidade-para-testes-novo-tunel-vento-formula-1\/","title":{"rendered":"Aston Martin comemora &#8220;maior flexibilidade&#8221; para testes com novo t\u00fanel de vento na F1"},"content":{"rendered":"\n<p class=\"wp-block-paragraph\">Vem a\u00ed uma novidade esperada h\u00e1 v\u00e1rios anos pela <strong>Aston Martin<\/strong>: a inaugura\u00e7\u00e3o oficial do primeiro t\u00fanel de vento particular da equipe. A partir dos pr\u00f3ximos anos, os carros ser\u00e3o projetados e atualizados com profus\u00e3o de testes internos, diferente do que acontece atualmente. A equipe se prepara para uma nova realidade.<\/p>\n\n\n\n<p class=\"wp-block-paragraph\"><strong>Dan Fallows<\/strong>, diretor-t\u00e9cnico da Aston Martin, falou sobre a novidade &#8211; e tamb\u00e9m sobre o novo simulador que est\u00e1 para ser inaugurado. Nos \u00faltimos anos, o time utiliza o t\u00fanel de vento da <strong>Mercedes<\/strong>, em Brackley, e evidentemente n\u00e3o conta com a mesma liberdade para atuar. O equipamento est\u00e1 em constru\u00e7\u00e3o h\u00e1 cerca de tr\u00eas anos.<\/p>\n\n\n\n<p class=\"wp-block-paragraph\">&#8220;O novo simulador que temos \u00e9 de \u00faltima gera\u00e7\u00e3o e passa a funcionar neste segundo semestre, bem como o t\u00fanel de vento. As duas coisas s\u00e3o grandes melhoras para a equipe&#8221;, afirmou.<\/p>\n\n\n\n<p class=\"wp-block-paragraph\">&#8220;\u00c9 algo que vai nos permitir muito mais testes da maneira que queremos, e tamb\u00e9m d\u00e1 mais flexibilidade do que temos no momento. Temos muitos exemplos de coisas que gostar\u00edamos de ter feito, mas n\u00e3o pudemos. H\u00e1 uma raz\u00e3o para gastarmos milh\u00f5es e milh\u00f5es nesses neg\u00f3cios&#8221;, explicou.<\/p>\n\n\n\n<figure class=\"wp-block-image size-large\"><img decoding=\"async\" src=\"https:\/\/www.grandepremio.com\/br\/wp-content\/uploads\/2024\/07\/belgica-2024-f1-treino-livre-aston-martin-lance-stroll-02-1200x675.jpg\" alt=\"\" class=\"wp-image-846480\"\/><figcaption class=\"wp-element-caption\">Aston Martin se prepara para o futuro (Foto: Aston Martin)<\/figcaption><\/figure>\n\n\n\n<p class=\"wp-block-paragraph\">&#8220;\u00c9 muito importante para a equipe ter aspira\u00e7\u00f5es do que queremos alcan\u00e7ar. Para isso, temos de contar com as ferramentas certas para passar \u00e0 pr\u00f3xima fase. Ent\u00e3o, sim, \u00e9 incrivelmente empolgante entrar em nosso pr\u00f3prio t\u00fanel de vento&#8221;, finalizou.<\/p>\n\n\n\n<p class=\"wp-block-paragraph\">A inaugura\u00e7\u00e3o do t\u00fanel de vento \u00e9 a fase final da reconstru\u00e7\u00e3o da f\u00e1brica de Silverstone, tida como priorit\u00e1ria por <strong>Lawrence Stroll<\/strong> desde que assumiu o comando da escuderia. Na parte t\u00e9cnica, da Fallows, as contrata\u00e7\u00f5es continuam. <strong>Enrico Cardile<\/strong> saiu da dire\u00e7\u00e3o-t\u00e9cnica dos chassis da <strong>Ferrari<\/strong> <strong><a href=\"https:\/\/www.grandepremio.com\/br\/f1\/noticias\/aston-martin-confirma-expectativa-anuncia-enrico-cardile-diretor-tecnico-f1\/\">para se tornar executivo-t\u00e9cnico do time ingl\u00eas<\/a><\/strong>. <strong>Andy Cowell<\/strong>, ex-diretor geral da Mercedes, <strong><a href=\"https:\/\/www.grandepremio.com\/br\/f1\/noticias\/aston-martin-anuncia-troca-ceo-conta-ex-mercedes-andy-cowell-lugar-martin-whitmarsh\/\">assume em outubro como CEO da companhia<\/a><\/strong>.<\/p>\n\n\n\n<p class=\"wp-block-paragraph\">Al\u00e9m disso, a Aston Martin <strong><a href=\"https:\/\/www.grandepremio.com\/br\/f1\/noticias\/aston-martin-aguarda-permissao-contratual-red-bull-anunciar-acordo-adrian-newey\/\">alinha an\u00fancio de contrata\u00e7\u00e3o<\/a><\/strong> de <strong>Adrian Newey<\/strong> e <strong><a href=\"https:\/\/www.grandepremio.com\/br\/f1\/noticias\/ex-piloto-red-bull-diz-aston-martin-fara-tudo-driblar-mercedes-atrair-max-verstappen\/\">j\u00e1 projeta uma incurs\u00e3o<\/a><\/strong> futura por <strong>Max Verstappen<\/strong>.<\/p>\n\n\n\n<p class=\"wp-block-paragraph\">A&nbsp;<strong><a href=\"https:\/\/www.grandepremio.com\/br\/f1\/\" target=\"_blank\" rel=\"noreferrer noopener\"><\/a><a href=\"https:\/\/www.grandepremio.com\/br\/f1\/\" target=\"_blank\" rel=\"noreferrer noopener\">F\u00f3rmula 1<\/a>&nbsp;<\/strong>est\u00e1 na tradicional pausa das f\u00e9rias de ver\u00e3o na Europa e volta de&nbsp;<strong>23 a 25 de agosto<\/strong>&nbsp;em&nbsp;<strong><a href=\"https:\/\/www.grandepremio.com\/br\/circuito\/zandvoort\/\" target=\"_blank\" rel=\"noreferrer noopener\">Zandvoort<\/a><\/strong>, para a disputa do&nbsp;<strong>GP dos Pa\u00edses Baixos<\/strong>.<\/p>\n\n\n\n<p class=\"wp-block-paragraph\">\u25b6\ufe0f<strong>&nbsp;Inscreva-se nos dois canais do GRANDE PR\u00caMIO no YouTube:&nbsp;<a href=\"https:\/\/www.youtube.com\/channel\/UC9OlHEgxoaY6QY6nWPoiqQg?sub_confirmation=1\" target=\"_blank\" rel=\"noreferrer noopener\">GP<\/a>&nbsp;|&nbsp;<a href=\"https:\/\/www.youtube.com\/channel\/UC9csiS6q_C3C0FYhyr1rnFA?sub_confirmation=1\" target=\"_blank\" rel=\"noreferrer noopener\">GP2<\/a><\/strong><br><strong>\u25b6\ufe0f&nbsp;LEIA TAMB\u00c9M:&nbsp;<a href=\"https:\/\/www.grandepremio.com\/br\/f1\/noticias\/fernando-alonso-apresenta-sinais-cansaco-insucesso-aston-martin-fim-esta-proximo\/\">Alonso apresenta sinais de cansa\u00e7o com Aston Martin. E fim da linha j\u00e1 parece pr\u00f3ximo<\/a><\/strong><\/p>\n\n\n\n<figure class=\"wp-block-embed is-type-video is-provider-youtube wp-block-embed-youtube wp-embed-aspect-16-9 wp-has-aspect-ratio\"><div class=\"wp-block-embed__wrapper\">\n<iframe loading=\"lazy\" title=\"NEWEY na ASTON MARTIN! + PALOU na AUDI? + TIER LIST DA F1 2024 | Paddock GP #384\" width=\"500\" height=\"281\" src=\"https:\/\/www.youtube.com\/embed\/D6Hij5hMKtk?feature=oembed\" frameborder=\"0\" allow=\"accelerometer; autoplay; clipboard-write; encrypted-media; gyroscope; picture-in-picture; web-share\" referrerpolicy=\"strict-origin-when-cross-origin\" allowfullscreen><\/iframe>\n<\/div><figcaption class=\"wp-element-caption\">NEWEY na ASTON MARTIN! + PALOU na AUDI? + TIER LIST DA F1 2024 | Paddock GP #384<\/figcaption><\/figure>\n","protected":false},"excerpt":{"rendered":"<p>Diretor-t\u00e9cnico da Aston Martin, Dan Fallows destacou o que a possibilidade de usar o t\u00fanel de vento pr\u00f3prio agrega para a equipe na F\u00f3rmula 1<\/p>\n","protected":false},"author":0,"featured_media":1000853208,"comment_status":"closed","ping_status":"closed","sticky":false,"template":"","format":"standard","meta":{"42wp_featured_image_caption":"","42wp_featured_image_credits":"","42wp_featured_video":"","42wp_featured_image_hidden":false,"42wp_authors_list":[],"footnotes":""},"categories":[2],"tags":[37832,27776,34186,27487,309,35624,37759,5660,8235,37760,28431,3230,642,11958,37761,25036],"42wp_author":[47120],"class_list":["post-66589","post","type-post","status-publish","format-standard","has-post-thumbnail","hentry","category-f1","tag-amr24","tag-assistir-f1-ao-vivo","tag-assistir-f1-gratis","tag-assistir-f1-online","tag-aston-martin","tag-calendario-f1-2024","tag-calendario-f1-2024-horarios","tag-classificacao","tag-classificacao-da-f1","tag-classificacao-f1-2024","tag-dan-fallows","tag-f1-2024","tag-f1-ao-vivo","tag-f1-live","tag-f1-tv-2024","tag-tunel-de-vento","42wp_author-pedro-henrique-marum"],"_links":{"self":[{"href":"https:\/\/grandepremio.com\/br\/wp-json\/wp\/v2\/posts\/66589","targetHints":{"allow":["GET"]}}],"collection":[{"href":"https:\/\/grandepremio.com\/br\/wp-json\/wp\/v2\/posts"}],"about":[{"href":"https:\/\/grandepremio.com\/br\/wp-json\/wp\/v2\/types\/post"}],"replies":[{"embeddable":true,"href":"https:\/\/grandepremio.com\/br\/wp-json\/wp\/v2\/comments?post=66589"}],"version-history":[{"count":0,"href":"https:\/\/grandepremio.com\/br\/wp-json\/wp\/v2\/posts\/66589\/revisions"}],"wp:featuredmedia":[{"embeddable":true,"href":"https:\/\/grandepremio.com\/br\/wp-json\/wp\/v2\/media\/1000853208"}],"wp:attachment":[{"href":"https:\/\/grandepremio.com\/br\/wp-json\/wp\/v2\/media?parent=66589"}],"wp:term":[{"taxonomy":"category","embeddable":true,"href":"https:\/\/grandepremio.com\/br\/wp-json\/wp\/v2\/categories?post=66589"},{"taxonomy":"post_tag","embeddable":true,"href":"https:\/\/grandepremio.com\/br\/wp-json\/wp\/v2\/tags?post=66589"},{"taxonomy":"42wp_author","embeddable":true,"href":"https:\/\/grandepremio.com\/br\/wp-json\/wp\/v2\/42wp_author?post=66589"}],"curies":[{"name":"wp","href":"https:\/\/api.w.org\/{rel}","templated":true}]}}