{"id":66629,"date":"2024-08-13T15:46:09","date_gmt":"2024-08-13T18:46:09","guid":{"rendered":"https:\/\/grandepremio.com\/br\/noticias\/franco-colapinto-projeta-performance-melhor-mp-monza-almeja-top-3-ano-estreia-f2\/"},"modified":"2024-08-13T16:13:25","modified_gmt":"2024-08-13T19:13:25","slug":"franco-colapinto-projeta-performance-melhor-mp-monza-almeja-top-3-ano-estreia-f2","status":"publish","type":"post","link":"https:\/\/grandepremio.com\/br\/f2\/franco-colapinto-projeta-performance-melhor-mp-monza-almeja-top-3-ano-estreia-f2\/","title":{"rendered":"Colapinto projeta performance melhor da MP em Monza e almeja &#8220;top-3&#8221; em estreia na F2"},"content":{"rendered":"\n<p class=\"wp-block-paragraph\"><strong>Franco Colapinto<\/strong> j\u00e1 estabeleceu a meta para a primeira temporada na <strong>F\u00f3rmula 2<\/strong>: fechar o ano entre os tr\u00eas melhores colocados. Atualmente na sexta coloca\u00e7\u00e3o, a 28 pontos de<strong> Paul Aron<\/strong>, terceiro na tabela, o argentino destacou o bom trabalho que a <strong>MP<\/strong> tem realizado no campeonato e frisou que aposta em um bom resultado em <strong>Monza<\/strong>, na <strong>It\u00e1lia<\/strong>, depois das dificuldades em Spa-Francorchamps.<\/p>\n\n\n\n<p class=\"wp-block-paragraph\">Colapinto venceu a corrida sprint na rodada da <strong>Em\u00edlia-Romanha<\/strong> e j\u00e1 anotou outros dois p\u00f3dios, nas corridas principais da <strong>Espanha <\/strong>e da <strong>\u00c1ustria<\/strong>. Em coletiva de imprensa acompanhada pela vers\u00e3o em espanhol do <strong>GRANDE PR\u00caMIO<\/strong>, realizada segunda-feira (12), em <strong>Buenos Aires<\/strong>, falou sobre a expectativa para quatro rodadas finais da temporada e assegurou que &#8220;um top-3 \u00e9 vi\u00e1vel&#8221;.<\/p>\n\n\n\n<p class=\"wp-block-paragraph\">&#8220;Quero muito correr novamente e me preparar para as \u00faltimas corridas do campeonato. A MP \u00e9 uma boa equipe e tem trabalhado bem este ano. Temos de resolver as \u00faltimas corridas, mas depois estamos firmes\u201d, acrescentou em resposta ao <strong>GP ES<\/strong>.<\/p>\n\n\n\n<p class=\"wp-block-paragraph\">Em seguida, o representante da <strong>Williams <\/strong>na F2 explicou que o carro da equipe neerlandesa sofreu com uma queda acentuada de pot\u00eancia em reta, o que custou um resultado melhor na B\u00e9lgica. &#8220;O carro estava rodando bem, mas o circuito tem muitas retas longas, com curvas e algumas subidas, ent\u00e3o \u00e9 necess\u00e1rio um pouco mais de motor do que em outras pistas.&#8221;<\/p>\n\n\n\n<figure class=\"wp-block-image size-large\"><img decoding=\"async\" src=\"https:\/\/www.grandepremio.com\/br\/wp-content\/uploads\/2024\/07\/inglaterra-2024-f1-treino-livre-williams-franco-colapinto-02-1200x800.jpg\" alt=\"\" class=\"wp-image-836742\"\/><figcaption class=\"wp-element-caption\">Franco Colapinto mira top-3 na F2 2024 (Foto: Williams)<\/figcaption><\/figure>\n\n\n\n<p class=\"wp-block-paragraph\">&#8220;Depois quebrou por conta de um problema que a equipe estava tentando entender, e tamb\u00e9m havia algo aerodin\u00e2mico que n\u00e3o estava funcionando bem porque os dois carros tiveram dificuldades nos setores r\u00e1pidos&#8221;, salientou, referindo-se tamb\u00e9m ao colega de equipe,<strong> Dennis Hauger<\/strong>.<\/p>\n\n\n\n<p class=\"wp-block-paragraph\">&#8220;Esperamos correr melhor em Monza, onde tamb\u00e9m h\u00e1 muitas retas&#8221;, completou. Por fim, ao ser questionado sobre a adapta\u00e7\u00e3o na classe, Colapinto admitiu que sentiu falta de testes pr\u00e9vios e destacou a dificuldade inicial nas classifica\u00e7\u00f5es. <\/p>\n\n\n\n<p class=\"wp-block-paragraph\">&#8220;Sobre as largadas, em alguns momentos tivemos problemas com o carro, com o procedimento, e em outros momentos fui eu quem errou. Mas depois dos testes em <strong>Barcelona <\/strong>fizemos algumas altera\u00e7\u00f5es no acerto e correu bem, depois me senti mais confort\u00e1vel ao longo do ano&#8221;, disse. <\/p>\n\n\n\n<p class=\"wp-block-paragraph\">&#8220;N\u00e3o tive oportunidade de fazer testes como os outros pilotos por uma quest\u00e3o or\u00e7amental e n\u00e3o foi poss\u00edvel chegar aos 100% na primeira corrida, portanto foi necess\u00e1rio fazer adapta\u00e7\u00f5es ao longo do calend\u00e1rio&#8221;, concluiu Colapinto.<\/p>\n\n\n\n<p class=\"wp-block-paragraph\">Os resultados conquistados em \u00cdmola, Barcelona e \u00c1ustria chamaram a aten\u00e7\u00e3o da Williams, que decidiu coloc\u00e1-lo no primeiro treino livre do <strong>GP da Inglaterra<\/strong>. Na ocasi\u00e3o, Colapinto completou o programa esperado apenas 0s4 atr\u00e1s do titular<strong> Alexander Albon<\/strong>.<\/p>\n\n\n\n<p class=\"wp-block-paragraph\">A\u00a0<a href=\"https:\/\/www.grandepremio.com\/br\/f2\/\" target=\"_blank\" rel=\"noreferrer noopener\"><\/a><a href=\"https:\/\/www.grandepremio.com\/br\/f2\/\" target=\"_blank\" rel=\"noreferrer noopener\">F\u00f3rmula 2<\/a>\u00a0acompanha as f\u00e9rias de ver\u00e3o da\u00a0<a href=\"https:\/\/www.grandepremio.com\/br\/f1\/\" target=\"_blank\" rel=\"noreferrer noopener\">F\u00f3rmula 1<\/a>\u00a0e retorna em\u00a0<strong><a href=\"https:\/\/www.grandepremio.com\/br\/circuito\/monza\/\" target=\"_blank\" rel=\"noreferrer noopener\">Monza<\/a><\/strong>, de 30 de agosto a 1\u00ba de setembro, para a\u00a0<strong>rodada da It\u00e1lia<\/strong>. O\u00a0<strong>GRANDE PR\u00caMIO<\/strong>\u00a0acompanha todas as atividades da temporada 2024.<\/p>\n\n\n\n<p class=\"wp-block-paragraph\"><strong><img decoding=\"async\" src=\"https:\/\/a.slack-edge.com\/production-standard-emoji-assets\/14.0\/google-medium\/25b6-fe0f.png\" alt=\":seta_para_frente:\">\u00a0Inscreva-se nos dois canais do GRANDE PR\u00caMIO no YouTube:\u00a0<a href=\"https:\/\/www.youtube.com\/channel\/UC9OlHEgxoaY6QY6nWPoiqQg?sub_confirmation=1\" target=\"_blank\" rel=\"noreferrer noopener\">GP<\/a>\u00a0|\u00a0<a href=\"https:\/\/www.youtube.com\/channel\/UC9csiS6q_C3C0FYhyr1rnFA?sub_confirmation=1\" target=\"_blank\" rel=\"noreferrer noopener\">GP2<\/a><\/strong><br><strong><img decoding=\"async\" src=\"https:\/\/a.slack-edge.com\/production-standard-emoji-assets\/14.0\/google-medium\/25b6-fe0f.png\" alt=\":seta_para_frente:\">\u00a0LEIA TAMB\u00c9M: <a href=\"https:\/\/www.grandepremio.com\/br\/f1\/noticias\/gabriel-bortoleto-confessa-torcida-chance-f1-mclaren-sonho-desde-pequeno\/\">Bortoleto confessa torcida por chance na F1 pela McLaren: &#8220;Sonho desde pequeno&#8221;<\/a><\/strong><\/p>\n\n\n\n<figure class=\"wp-block-embed is-type-video is-provider-youtube wp-block-embed-youtube wp-embed-aspect-16-9 wp-has-aspect-ratio\"><div class=\"wp-block-embed__wrapper\">\n<iframe loading=\"lazy\" title=\"NEWEY na ASTON MARTIN! + PALOU na AUDI? + TIER LIST DA F1 2024 | Paddock GP #384\" width=\"500\" height=\"281\" src=\"https:\/\/www.youtube.com\/embed\/D6Hij5hMKtk?feature=oembed\" frameborder=\"0\" allow=\"accelerometer; autoplay; clipboard-write; encrypted-media; gyroscope; picture-in-picture; web-share\" referrerpolicy=\"strict-origin-when-cross-origin\" allowfullscreen><\/iframe>\n<\/div><\/figure>\n","protected":false},"excerpt":{"rendered":"<p>Em coletiva acompanhada pela vers\u00e3o em espanhol do GRANDE PR\u00caMIO, Franco Colapinto fez um balan\u00e7o da estreia na F2 e afirmou que a meta \u00e9 ficar entre os tr\u00eas melhores<\/p>\n","protected":false},"author":0,"featured_media":1000816125,"comment_status":"closed","ping_status":"closed","sticky":false,"template":"","format":"standard","meta":{"42wp_featured_image_caption":"","42wp_featured_image_credits":"","42wp_featured_video":"","42wp_featured_image_hidden":false,"42wp_authors_list":[],"footnotes":""},"categories":[9],"tags":[29654,30246,111,32189,2208,35969,25440,1491,28285,35029,4606,35030,32190],"42wp_author":[47141,47147],"class_list":["post-66629","post","type-post","status-publish","format-standard","has-post-thumbnail","hentry","category-f2","tag-calendario-f2","tag-classificacao-f2","tag-f2","tag-f2-2024","tag-formula-2","tag-formula-2-2024","tag-franco-colapinto","tag-grande-premio","tag-grandepremio","tag-horarios-f2","tag-mp","tag-onde-assistir-f2","tag-temporada-2024-f2","42wp_author-esteban-daniel-nieto","42wp_author-luana-marino"],"_links":{"self":[{"href":"https:\/\/grandepremio.com\/br\/wp-json\/wp\/v2\/posts\/66629","targetHints":{"allow":["GET"]}}],"collection":[{"href":"https:\/\/grandepremio.com\/br\/wp-json\/wp\/v2\/posts"}],"about":[{"href":"https:\/\/grandepremio.com\/br\/wp-json\/wp\/v2\/types\/post"}],"replies":[{"embeddable":true,"href":"https:\/\/grandepremio.com\/br\/wp-json\/wp\/v2\/comments?post=66629"}],"version-history":[{"count":0,"href":"https:\/\/grandepremio.com\/br\/wp-json\/wp\/v2\/posts\/66629\/revisions"}],"wp:featuredmedia":[{"embeddable":true,"href":"https:\/\/grandepremio.com\/br\/wp-json\/wp\/v2\/media\/1000816125"}],"wp:attachment":[{"href":"https:\/\/grandepremio.com\/br\/wp-json\/wp\/v2\/media?parent=66629"}],"wp:term":[{"taxonomy":"category","embeddable":true,"href":"https:\/\/grandepremio.com\/br\/wp-json\/wp\/v2\/categories?post=66629"},{"taxonomy":"post_tag","embeddable":true,"href":"https:\/\/grandepremio.com\/br\/wp-json\/wp\/v2\/tags?post=66629"},{"taxonomy":"42wp_author","embeddable":true,"href":"https:\/\/grandepremio.com\/br\/wp-json\/wp\/v2\/42wp_author?post=66629"}],"curies":[{"name":"wp","href":"https:\/\/api.w.org\/{rel}","templated":true}]}}