{"id":66824,"date":"2024-08-11T18:37:33","date_gmt":"2024-08-11T21:37:33","guid":{"rendered":"https:\/\/grandepremio.com\/br\/noticias\/ariel-elkin-sebastian-wheldon-vencem-duas-ultimas-corridas-etapa-road-america-usf-juniors\/"},"modified":"2024-08-11T18:51:21","modified_gmt":"2024-08-11T21:51:21","slug":"ariel-elkin-sebastian-wheldon-vencem-duas-ultimas-corridas-etapa-road-america-usf-juniors","status":"publish","type":"post","link":"https:\/\/grandepremio.com\/br\/indy\/ariel-elkin-sebastian-wheldon-vencem-duas-ultimas-corridas-etapa-road-america-usf-juniors\/","title":{"rendered":"Elkin e Wheldon vencem duas \u00faltimas corridas da etapa de Road America da USF Juniors"},"content":{"rendered":"\n<p class=\"wp-block-paragraph\">A etapa de <strong>Road America<\/strong> da <strong>USF Juniors<\/strong>, na pista de <strong>Elkhart Lake<\/strong>, chegou ao fim neste domingo (11) com as duas \u00faltimas provas. Ap\u00f3s <strong>Max Taylor<\/strong> <a href=\"https:\/\/www.grandepremio.com\/br\/indy\/noticias\/max-taylor-vence-ponta-ponta-corrida-1-usf-juniors-road-america-joao-vergara-4\/\"><strong>vencer no s\u00e1bado<\/strong><\/a>, <strong>Ariel Elkin<\/strong> e <strong>Sebastian Wheldon<\/strong> levaram a melhor para encerrar o fim de semana.<\/p>\n\n\n\n<p class=\"wp-block-paragraph\">Na corrida 2, Wheldon saiu na frente, mas caiu rapidamente e acabou abrindo espa\u00e7o para Elkin tomar a dianteira. O piloto da InterMS deixara a corrida do s\u00e1bado sem pontos ap\u00f3s sair da pista nas primeiras voltas e tinha de se recuperar.<\/p>\n\n\n\n<p class=\"wp-block-paragraph\">Atr\u00e1s dele, <strong>G3 Argyros<\/strong> foi o segundo e <strong>Jack Jeffers<\/strong> repetiu a terceira posi\u00e7\u00e3o do s\u00e1bado. <strong>Evan Cooley<\/strong>, o brasileiro <strong>Leonardo Escorpioni<\/strong>, Taylor, o tamb\u00e9m brasileiro <strong>Jo\u00e3o Vergara<\/strong>, <strong>Jeshua Alianel<\/strong>, <strong>Brady Goland<\/strong> e <strong>Timothy Carel<\/strong> encerraram o top-10. Outro brasileiro, <strong>Bruno Ribeiro<\/strong> n\u00e3o largou ap\u00f3s um acidente em que se envolveu no dia anterior.<\/p>\n\n\n\n<p class=\"wp-block-paragraph\">J\u00e1 na segunda prova, Wheldon largou atr\u00e1s de Taylor, mas levou a melhor e tomou a ponta para conquistar a vit\u00f3ria e refor\u00e7ar a posi\u00e7\u00e3o como algu\u00e9m na briga pelo t\u00edtulo.<\/p>\n\n\n\n<figure class=\"wp-block-image size-full\"><img decoding=\"async\" src=\"https:\/\/www.grandepremio.com\/br\/wp-content\/uploads\/2024\/08\/GPF1-3.jpg\" alt=\"\" class=\"wp-image-852666\"\/><figcaption class=\"wp-element-caption\">Ariel Elkin venceu a segunda e ficou em segundo na terceira corrida do fim de semana em Elkhart Lake (Foto: USF Juniors)<\/figcaption><\/figure>\n\n\n\n<p class=\"wp-block-paragraph\">Elkin ficou na segunda coloca\u00e7\u00e3o, seguido por Taylor. <strong>Liam McNeilly<\/strong>, outro postulante ao t\u00edtulo, ficou no quarto lugar. Argyros, <strong>Christian Cameron<\/strong>, Escorpioni, <strong>Diego Guiot<\/strong>, Carel e Golan fecharam o top-10. Vergara foi 17\u00ba. Ribeiro n\u00e3o participou novamente.<\/p>\n\n\n\n<p class=\"wp-block-paragraph\">Na classifica\u00e7\u00e3o do campeonato, Taylor chegou a 281 pontos e lidera confortavelmente. Elkin sustenta a vice-lideran\u00e7a, com 241, seguido por Wheldon, com 236, e McNeilly, 231.<\/p>\n\n\n\n<p class=\"wp-block-paragraph\">A temporada conta com mais tr\u00eas etapas. A pr\u00f3xima, em <strong>Portland<\/strong>, entre os dias <strong>22 e 24 de agosto<\/strong>. Depois disso, a competi\u00e7\u00e3o termina com Mid-Ohio e Indian\u00e1polis.<\/p>\n\n\n\n<p class=\"wp-block-paragraph\"><strong>\u25b6\ufe0f<\/strong>\u00a0<strong>Inscreva-se nos dois canais do GRANDE PR\u00caMIO no YouTube:\u00a0<a href=\"https:\/\/www.youtube.com\/channel\/UC9OlHEgxoaY6QY6nWPoiqQg?sub_confirmation=1\" target=\"_blank\" rel=\"noreferrer noopener\">GP<\/a>\u00a0|\u00a0<a href=\"https:\/\/www.youtube.com\/channel\/UC9csiS6q_C3C0FYhyr1rnFA?sub_confirmation=1\" target=\"_blank\" rel=\"noreferrer noopener\">GP2<\/a><\/strong><br>\u25b6\ufe0f<strong>\u00a0LEIA TAMB\u00c9M:\u00a0<a href=\"https:\/\/www.grandepremio.com\/br\/f1\/noticias\/george-russell-pega-carona-evolucao-mercedes-mira-posicao-lideranca-f1-2025\/\">Russell pega carona em evolu\u00e7\u00e3o da Mercedes e mira posi\u00e7\u00e3o de lideran\u00e7a na F1 2025<\/a><\/strong><\/p>\n\n\n\n<figure class=\"wp-block-embed is-type-video is-provider-youtube wp-block-embed-youtube wp-embed-aspect-16-9 wp-has-aspect-ratio\"><div class=\"wp-block-embed__wrapper\">\n<iframe loading=\"lazy\" title=\"SAINZ j\u00e1 pode SAIR da WILLIAMS? + RED BULL protege P\u00c9REZ ap\u00f3s quase DEMISS\u00c3O |  TTGP #147\" width=\"500\" height=\"281\" src=\"https:\/\/www.youtube.com\/embed\/y9SBZ0uzX5k?feature=oembed\" frameborder=\"0\" allow=\"accelerometer; autoplay; clipboard-write; encrypted-media; gyroscope; picture-in-picture; web-share\" referrerpolicy=\"strict-origin-when-cross-origin\" allowfullscreen><\/iframe>\n<\/div><figcaption class=\"wp-element-caption\">Sainz j\u00e1 pode sair da Williams? + Red Bull protege P\u00e9rez ap\u00f3s quase demiss\u00e3o<\/figcaption><\/figure>\n","protected":false},"excerpt":{"rendered":"<p>Ariel Elkin e Sebastian Wheldon deram sequ\u00eancia ao que Max Taylor tinha feito no s\u00e1bado e venceram as corridas 2 e 3 do fim de semana da USF Juniors em Elkhart Lake<\/p>\n","protected":false},"author":0,"featured_media":1000852665,"comment_status":"closed","ping_status":"closed","sticky":false,"template":"","format":"standard","meta":{"42wp_featured_image_caption":"","42wp_featured_image_credits":"","42wp_featured_video":"","42wp_featured_image_hidden":false,"42wp_authors_list":[],"footnotes":""},"categories":[3],"tags":[5660,31011,27726,38111,39052,39053,39496,27869],"42wp_author":[47120],"class_list":["post-66824","post","type-post","status-publish","format-standard","has-post-thumbnail","hentry","category-indy","tag-classificacao","tag-indy-2024","tag-indy-ao-vivo","tag-indy-live","tag-joao-vergara","tag-leonardo-escorpioni","tag-max-taylor","tag-sebastian-wheldon","42wp_author-pedro-henrique-marum"],"_links":{"self":[{"href":"https:\/\/grandepremio.com\/br\/wp-json\/wp\/v2\/posts\/66824","targetHints":{"allow":["GET"]}}],"collection":[{"href":"https:\/\/grandepremio.com\/br\/wp-json\/wp\/v2\/posts"}],"about":[{"href":"https:\/\/grandepremio.com\/br\/wp-json\/wp\/v2\/types\/post"}],"replies":[{"embeddable":true,"href":"https:\/\/grandepremio.com\/br\/wp-json\/wp\/v2\/comments?post=66824"}],"version-history":[{"count":0,"href":"https:\/\/grandepremio.com\/br\/wp-json\/wp\/v2\/posts\/66824\/revisions"}],"wp:featuredmedia":[{"embeddable":true,"href":"https:\/\/grandepremio.com\/br\/wp-json\/wp\/v2\/media\/1000852665"}],"wp:attachment":[{"href":"https:\/\/grandepremio.com\/br\/wp-json\/wp\/v2\/media?parent=66824"}],"wp:term":[{"taxonomy":"category","embeddable":true,"href":"https:\/\/grandepremio.com\/br\/wp-json\/wp\/v2\/categories?post=66824"},{"taxonomy":"post_tag","embeddable":true,"href":"https:\/\/grandepremio.com\/br\/wp-json\/wp\/v2\/tags?post=66824"},{"taxonomy":"42wp_author","embeddable":true,"href":"https:\/\/grandepremio.com\/br\/wp-json\/wp\/v2\/42wp_author?post=66824"}],"curies":[{"name":"wp","href":"https:\/\/api.w.org\/{rel}","templated":true}]}}