{"id":66888,"date":"2024-08-11T05:45:00","date_gmt":"2024-08-11T08:45:00","guid":{"rendered":"https:\/\/grandepremio.com\/br\/noticias\/valtteri-bottas-surpresa-chegada-repentina-mattia-binotto-audi-inesperada\/"},"modified":"2024-08-11T07:02:21","modified_gmt":"2024-08-11T10:02:21","slug":"valtteri-bottas-surpresa-chegada-repentina-mattia-binotto-audi-inesperada","status":"publish","type":"post","link":"https:\/\/grandepremio.com\/br\/f1\/valtteri-bottas-surpresa-chegada-repentina-mattia-binotto-audi-inesperada\/","title":{"rendered":"Bottas admite surpresa com chegada &#8220;repentina&#8221; de Binotto \u00e0 Audi: &#8220;Inesperada&#8221;"},"content":{"rendered":"\n<p class=\"wp-block-paragraph\">A <strong>Sauber <\/strong>passou recentemente por diversas mudan\u00e7as na dire\u00e7\u00e3o da equipe, visando a entrada da <strong>Audi <\/strong>no grid da <strong>F\u00f3rmula 1<\/strong> em 2026. No entanto, <strong>Valtteri Bottas<\/strong>, que <a href=\"https:\/\/www.grandepremio.com\/br\/f1\/noticias\/valtteri-bottas-exige-respeito-ve-indefinicao-sobre-futuro-f1-bem-estressante\/\">n\u00e3o sabe ainda se est\u00e1 nos planos da equipe<\/a> para o ano que vem, destacou que as chegadas e sa\u00eddas no time surpreenderam-no e aconteceram de maneira \u201crepentina\u201d.&nbsp;<\/p>\n\n\n\n<p class=\"wp-block-paragraph\">Em julho, a Audi <a href=\"https:\/\/www.grandepremio.com\/br\/f1\/noticias\/audi-surpreende-traz-mattia-binotto-comando-operacao-f1-2026-lugar-andreas-seidl\/\">anunciou a chegada<\/a> de <strong>Mattia Binotto<\/strong>, ex-chefe da <strong>Ferrari<\/strong>, para assumir o comando do projeto da equipe ap\u00f3s as sa\u00eddas de <strong>Andreas Seidl <\/strong>e <strong>Oliver Hoffmann<\/strong>. Os dois protagonizaram uma <a href=\"https:\/\/www.grandepremio.com\/br\/f1\/noticias\/guerra-poder-carlos-sainz-distante-mattia-binotto-chega-audi-acabar-cisao-interna\/\">briga interna por poder<\/a> e tornaram a perman\u00eancia na Sauber insustent\u00e1vel.&nbsp;<\/p>\n\n\n\n<p class=\"wp-block-paragraph\">Pouco depois, foi a vez da equipe alem\u00e3 anunciar<strong> Jonathan Wheatley<\/strong>, diretor-esportivo da <strong>Red Bull<\/strong>, que tamb\u00e9m<a href=\"https:\/\/www.grandepremio.com\/br\/f1\/noticias\/audi-oficializa-chegada-jonathan-wheatley-como-novo-chefe-equipe-2026\/\"> assumir\u00e1 um posto de comando<\/a> na Audi a partir de 2025. Toda essa movimenta\u00e7\u00e3o acabou pegando Bottas de surpresa.&nbsp;<\/p>\n\n\n\n<p class=\"wp-block-paragraph\">\u201cNot\u00edcia bastante repentina. Tudo aconteceu muito rapidamente, mas, obviamente, nessas decis\u00f5es de alto n\u00edvel, pilotos e muitos membros da equipe n\u00e3o sabem realmente o que est\u00e1 acontecendo nos bastidores. Mas sim, \u00e9 bastante inesperado, mas obviamente dou as boas-vindas a Mattia. E, ao mesmo tempo, quero agradecer a Seidl e Hoffman pela contribui\u00e7\u00e3o \u00e0 equipe&#8221;, disse.<\/p>\n\n\n\n<figure class=\"wp-block-image size-large\"><img decoding=\"async\" src=\"https:\/\/www.grandepremio.com\/br\/wp-content\/uploads\/2024\/07\/belgica-2024-f1-treino-livre-sauber-valtteri-bottas-02-1-1200x800.jpg\" alt=\"\" class=\"wp-image-846911\"\/><figcaption class=\"wp-element-caption\">Valtteri Bottas (Foto: Sauber)<\/figcaption><\/figure>\n\n\n\n<p class=\"wp-block-paragraph\">Por outro lado, Nico H\u00fclkenberg, que estar\u00e1 na Sauber em 2025, afirmou \u00e0 revista inglesa <em>Autosport <\/em>que <a href=\"https:\/\/www.grandepremio.com\/br\/f1\/noticias\/nico-hulkenberg-ligacao-ceo-audi-informar-troca-direcao-respeito\/\">foi informado das mudan\u00e7as na dire\u00e7\u00e3o<\/a> por <strong>Gernot D\u00f6llner<\/strong>, <strong>CEO <\/strong>da Audi. O alem\u00e3o, inclusive, valorizou a atitude da equipe e diz que demonstra \u201crespeito e seriedade\u201d.&nbsp;<\/p>\n\n\n\n<p class=\"wp-block-paragraph\">Bottas, pessoalmente, v\u00ea as mudan\u00e7as de dirigentes como um \u201crecome\u00e7o\u201d e imagina que \u201cvai levar tempo\u201d para as coisas se acertarem com a nova lideran\u00e7a.&nbsp;<\/p>\n\n\n\n<p class=\"wp-block-paragraph\">&#8220;\u00c9 uma esp\u00e9cie de recome\u00e7o de novo. N\u00e3o \u00e9 segredo que quando h\u00e1 uma nova lideran\u00e7a, sempre leva um pouco de tempo, antes de mais nada. Mattia precisa saber quais s\u00e3o os pontos fracos, os fortes, as prioridades para melhorias a curto e longo prazo, e isso vai levar um pouco de tempo&#8221;, comentou.<\/p>\n\n\n\n<p class=\"wp-block-paragraph\">\u201cA equipe n\u00e3o deve ser muito afetada neste momento. Acho que \u00e9 mais coisa para o futuro e, obviamente, o tempo dir\u00e1 o que vai acontecer\u201d, concluiu.<\/p>\n\n\n\n<p class=\"wp-block-paragraph\">A F\u00f3rmula 1 estar\u00e1 de volta \u00e0s pistas entre os dias 23 e 25 de agosto para o <strong>GP dos Pa\u00edses Baixos<\/strong>, em <strong>Zandvoort<\/strong>.&nbsp;<\/p>\n\n\n\n<p class=\"wp-block-paragraph\"><strong><img decoding=\"async\" src=\"https:\/\/a.slack-edge.com\/production-standard-emoji-assets\/14.0\/google-medium\/25b6-fe0f.png\" alt=\":seta_para_frente:\">&nbsp;Inscreva-se nos dois canais do GRANDE PR\u00caMIO no YouTube:&nbsp;<a href=\"https:\/\/www.youtube.com\/channel\/UC9OlHEgxoaY6QY6nWPoiqQg?sub_confirmation=1\" target=\"_blank\" rel=\"noreferrer noopener\">GP<\/a>&nbsp;|&nbsp;<a href=\"https:\/\/www.youtube.com\/channel\/UC9csiS6q_C3C0FYhyr1rnFA?sub_confirmation=1\" target=\"_blank\" rel=\"noreferrer noopener\">GP2<\/a><\/strong><br><strong><img decoding=\"async\" src=\"https:\/\/a.slack-edge.com\/production-standard-emoji-assets\/14.0\/google-medium\/25b6-fe0f.png\" alt=\":seta_para_frente:\">&nbsp;LEIA TAMB\u00c9M:&nbsp;<a href=\"https:\/\/www.grandepremio.com\/br\/f1\/noticias\/mercedes-finalmente-encontra-trilha-perdida-2-anos-desbloqueia-felicidade-formula-1\/\">Mercedes finalmente encontra trilha perdida h\u00e1 2 anos e desbloqueia felicidade na F1<\/a><\/strong><\/p>\n\n\n\n<figure class=\"wp-block-embed is-type-video is-provider-youtube wp-block-embed-youtube wp-embed-aspect-16-9 wp-has-aspect-ratio\"><div class=\"wp-block-embed__wrapper\">\n<iframe loading=\"lazy\" title=\"Sprint com GRID INVERTIDO na F1? + A RAZ\u00c3O de VETO a NEWEY na FERRARI | WGP\" width=\"500\" height=\"281\" src=\"https:\/\/www.youtube.com\/embed\/opVyWofLzso?feature=oembed\" frameborder=\"0\" allow=\"accelerometer; autoplay; clipboard-write; encrypted-media; gyroscope; picture-in-picture; web-share\" referrerpolicy=\"strict-origin-when-cross-origin\" allowfullscreen><\/iframe>\n<\/div><\/figure>\n","protected":false},"excerpt":{"rendered":"<p>Diferente de Nico H\u00fclkenberg, que foi informado pelo CEO da Audi, Valtteri Bottas mostrou surpresa pelas mudan\u00e7as na dire\u00e7\u00e3o da Audi<\/p>\n","protected":false},"author":0,"featured_media":1000797680,"comment_status":"closed","ping_status":"closed","sticky":false,"template":"","format":"standard","meta":{"42wp_featured_image_caption":"","42wp_featured_image_credits":"","42wp_featured_video":"","42wp_featured_image_hidden":false,"42wp_authors_list":[],"footnotes":""},"categories":[2],"tags":[545,970,5660,969,147,3230,642,160,180,30909,1491,30103,28285,21324,442,1521,1197,612],"42wp_author":[47162],"class_list":["post-66888","post","type-post","status-publish","format-standard","has-post-thumbnail","hentry","category-f1","tag-andreas-seidl","tag-audi","tag-classificacao","tag-corrida","tag-f1","tag-f1-2024","tag-f1-ao-vivo","tag-f1-tv","tag-formula-1","tag-formula-1-2024","tag-grande-premio","tag-grande-premio-f1","tag-grandepremio","tag-jonathan-wheatley","tag-mattia-binotto","tag-nico-hulkenberg","tag-sauber","tag-valtteri-bottas","42wp_author-giovani-danjo"],"_links":{"self":[{"href":"https:\/\/grandepremio.com\/br\/wp-json\/wp\/v2\/posts\/66888","targetHints":{"allow":["GET"]}}],"collection":[{"href":"https:\/\/grandepremio.com\/br\/wp-json\/wp\/v2\/posts"}],"about":[{"href":"https:\/\/grandepremio.com\/br\/wp-json\/wp\/v2\/types\/post"}],"replies":[{"embeddable":true,"href":"https:\/\/grandepremio.com\/br\/wp-json\/wp\/v2\/comments?post=66888"}],"version-history":[{"count":0,"href":"https:\/\/grandepremio.com\/br\/wp-json\/wp\/v2\/posts\/66888\/revisions"}],"wp:featuredmedia":[{"embeddable":true,"href":"https:\/\/grandepremio.com\/br\/wp-json\/wp\/v2\/media\/1000797680"}],"wp:attachment":[{"href":"https:\/\/grandepremio.com\/br\/wp-json\/wp\/v2\/media?parent=66888"}],"wp:term":[{"taxonomy":"category","embeddable":true,"href":"https:\/\/grandepremio.com\/br\/wp-json\/wp\/v2\/categories?post=66888"},{"taxonomy":"post_tag","embeddable":true,"href":"https:\/\/grandepremio.com\/br\/wp-json\/wp\/v2\/tags?post=66888"},{"taxonomy":"42wp_author","embeddable":true,"href":"https:\/\/grandepremio.com\/br\/wp-json\/wp\/v2\/42wp_author?post=66888"}],"curies":[{"name":"wp","href":"https:\/\/api.w.org\/{rel}","templated":true}]}}