{"id":66934,"date":"2024-08-10T12:54:09","date_gmt":"2024-08-10T15:54:09","guid":{"rendered":"https:\/\/grandepremio.com\/br\/noticias\/mahindra-fala-incertezas-ve-grande-ponto-interrogacao-era-gen4-formula-e\/"},"modified":"2024-08-10T13:17:51","modified_gmt":"2024-08-10T16:17:51","slug":"mahindra-fala-incertezas-ve-grande-ponto-interrogacao-era-gen4-formula-e","status":"publish","type":"post","link":"https:\/\/grandepremio.com\/br\/formula-e\/mahindra-fala-incertezas-ve-grande-ponto-interrogacao-era-gen4-formula-e\/","title":{"rendered":"Mahindra fala de incertezas e v\u00ea &#8220;grande ponto de interroga\u00e7\u00e3o&#8221; na era Gen4 da F\u00f3rmula E"},"content":{"rendered":"\n<p class=\"wp-block-paragraph\">At\u00e9 o momento, <strong>Jaguar<\/strong>, <strong>Nissan<\/strong>, <strong>Porsche<\/strong> e <strong>Lola\/Yamaha<\/strong> foram as \u00fanicas fabricantes de trem de for\u00e7a que <a href=\"https:\/\/www.grandepremio.com\/br\/formula-e\/noticias\/jaguar-renova-parceria-formula-e-confirma-presenca-era-gen4-2026\/\">j\u00e1 se comprometeram<\/a> com a <strong>F\u00f3rmula E<\/strong> para a quarta gera\u00e7\u00e3o de carros (<strong>Gen4<\/strong>), programada para estrear na temporada 2026\/27.\u00a0Presente na categoria el\u00e9trica desde o segundo ano, a <strong>Mahindra<\/strong> ainda n\u00e3o confirmou a participa\u00e7\u00e3o, o que levantou rumores sobre uma poss\u00edvel sa\u00edda da equipe no futuro. Mas de acordo com <strong>Frederic Bertrand<\/strong>, CEO e chefe da fabricante indiana, ainda existem alguns &#8220;pequenos pontos de interroga\u00e7\u00e3o&#8221; que precisam ser esclarecidos antes de tomar qualquer decis\u00e3o.<\/p>\n\n\n\n<p class=\"wp-block-paragraph\">No in\u00edcio de junho, a <strong>Federa\u00e7\u00e3o Internacional de Automobilismo<\/strong> (<strong>FIA<\/strong>) <a href=\"https:\/\/www.grandepremio.com\/br\/formula-e\/noticias\/mais-potencial-durabilidade-aderencia-o-que-muda-formula-e-chegada-era-gen4\/#:~:text=Conhe%C3%A7a%20o%20canal%20do%20GRANDE%20PR%C3%8AMIO%20na%20Twitch%20clicando%20aqui!&amp;text=Isso%20significa%20que%20os%20pilotos,do%20que%20nos%20anos%20anteriores.\">publicou o registro de fabricante e o roteiro t\u00e9cnico<\/a> para a <strong>era Gen4<\/strong>. De acordo com a entidade m\u00e1xima do esporte, o novo carro ter\u00e1 tra\u00e7\u00e3o nas quatro rodas, 600 kW de pot\u00eancia (o equivalente a 833 cavalos) na classifica\u00e7\u00e3o, at\u00e9 450 kW (611 cavalos) na corrida e incr\u00edveis 700 kW (951 cavalos) de recupera\u00e7\u00e3o, divididos em 50% entre os eixos dianteiro e traseiro, com um peso aproximado de 980 kg. Espera-se que os carros atinjam 100 km\/h em apenas 1.8 segundo.<\/p>\n\n\n\n<p class=\"wp-block-paragraph\">Assim como aconteceu com a <strong>ERT<\/strong> e a <strong>Stellantis<\/strong> \u2014 grupo respons\u00e1vel pelas marcas <strong>DS<\/strong> e <strong>Maserati<\/strong> \u2014, a Mahindra perdeu o primeiro prazo para se registrar como fabricante na nova gera\u00e7\u00e3o. Embora uma nova oportunidade de inscri\u00e7\u00e3o esteja prevista, h\u00e1 uma certa desvantagem, j\u00e1 que as quatro marcas confirmadas ter\u00e3o acesso aos dados dos fornecedores das pe\u00e7as padronizadas de maneira antecipada, conseguindo come\u00e7ar o planejamento dos respectivos trens de for\u00e7a mais cedo.<\/p>\n\n\n\n<p class=\"wp-block-paragraph\">Em entrevista ao portal <em>The Race<\/em>, Bertrand deixou claro que &#8220;ainda h\u00e1 um pouco de trabalho a ser feito&#8221; pela parte indiana antes de tomar qualquer decis\u00e3o sobre os pr\u00f3ximos anos. &#8220;Precisamos ter certeza sobre a forma como o campeonato ser\u00e1 administrado no futuro, em rela\u00e7\u00e3o a administrar custos, administrar log\u00edstica, administrar todos os t\u00f3picos em torno do desenvolvimento para a pr\u00f3xima gera\u00e7\u00e3o&#8221;, continuou.<\/p>\n\n\n\n<figure class=\"wp-block-image size-large\"><img decoding=\"async\" src=\"https:\/\/www.grandepremio.com\/br\/wp-content\/uploads\/2022\/11\/Bertrand-1-1024x576.jpg\" alt=\"\" class=\"wp-image-630681\"\/><figcaption class=\"wp-element-caption\">Fr\u00e9d\u00e9ric Bertrand assumiu como novo diretor-executivo da Mahindra em 2023 (Foto: Reprodu\u00e7\u00e3o\/F\u00f3rmula E)<\/figcaption><\/figure>\n\n\n\n<p class=\"wp-block-paragraph\">&#8220;S\u00e3o pequenos pontos de interroga\u00e7\u00e3o que, juntos, formam um grande ponto de interroga\u00e7\u00e3o. Acho que para todos \u00e9 importante ter clareza sobre isso porque significa custo, significa entender como tamb\u00e9m podemos planejar nosso neg\u00f3cio. E ter esses grandes ou pequenos pontos de interroga\u00e7\u00e3o cria uma esp\u00e9cie de outro ponto de interroga\u00e7\u00e3o em rela\u00e7\u00e3o a neg\u00f3cios em escala global&#8221;, acrescentou o chefe da Mahindra.<\/p>\n\n\n\n<p class=\"wp-block-paragraph\">Entretanto, Frederic acredita que a chegada da <strong>Liberty Global<\/strong> \u2014 bra\u00e7o do\u00a0<strong>Liberty Media<\/strong>, respons\u00e1vel pelos direitos da\u00a0<strong>F\u00f3rmula 1<\/strong>\u00a0e\u00a0<strong>MotoGP<\/strong> \u2014 para <a href=\"https:\/\/www.grandepremio.com\/br\/formula-e\/noticias\/liberty-global-compra-acoes-warner-bros-assume-controle-acionario-formula-e\/\">assumir as opera\u00e7\u00f5es<\/a> da F\u00f3rmula E pode ser um ponto importante na decis\u00e3o da fabricante de ficar ou n\u00e3o na categoria.<\/p>\n\n\n\n<p class=\"wp-block-paragraph\">&#8220;A Liberty assumindo a propriedade total do campeonato e tendo um plano ambicioso para desenvolv\u00ea-lo, est\u00e1 definitivamente indo na dire\u00e7\u00e3o correta na tentativa de convencer uma empresa envolvida desde o primeiro dia de que talvez n\u00e3o seja o momento certo para sair&#8221;, apontou o dirigente.<\/p>\n\n\n\n<p class=\"wp-block-paragraph\">&#8220;\u00c9 um pouco como, se pegarmos um paralelo, algumas equipes da F\u00f3rmula 1 que foram vendidas pouco antes da categoria se tornar o que temos agora. Ent\u00e3o, n\u00e3o seria uma boa ideia que a Mahindra estivesse perdendo esse tipo de oportunidade depois de ter sido um membro fundador do campeonato. Isso, sem d\u00favida, deve ser analisado&#8221;, admitiu Bertrand.<\/p>\n\n\n\n<figure class=\"wp-block-image size-large\"><img decoding=\"async\" src=\"https:\/\/www.grandepremio.com\/br\/wp-content\/uploads\/2024\/01\/EPS1001_144111SMG_1311-2048x2048-1-1024x683.jpg\" alt=\"\" class=\"wp-image-769716\"\/><figcaption class=\"wp-element-caption\">Mahindra n\u00e3o ter\u00e1 equipe cliente na temporada 2025 (Foto: F\u00f3rmula E)<\/figcaption><\/figure>\n\n\n\n<p class=\"wp-block-paragraph\"><strong><img decoding=\"async\" src=\"https:\/\/a.slack-edge.com\/production-standard-emoji-assets\/14.0\/google-medium\/25b6-fe0f.png\" alt=\":seta_para_frente:\">\u00a0Inscreva-se nos dois canais do GRANDE PR\u00caMIO no YouTube:\u00a0<a href=\"https:\/\/www.youtube.com\/channel\/UC9OlHEgxoaY6QY6nWPoiqQg?sub_confirmation=1\" target=\"_blank\" rel=\"noreferrer noopener\">GP<\/a>\u00a0|\u00a0<a href=\"https:\/\/www.youtube.com\/channel\/UC9csiS6q_C3C0FYhyr1rnFA?sub_confirmation=1\" target=\"_blank\" rel=\"noreferrer noopener\">GP2<\/a><\/strong><br><strong><img decoding=\"async\" src=\"https:\/\/a.slack-edge.com\/production-standard-emoji-assets\/14.0\/google-medium\/25b6-fe0f.png\" alt=\":seta_para_frente:\">\u00a0LEIA TAMB\u00c9M:\u00a0<a href=\"https:\/\/www.grandepremio.com\/br\/formula-e\/noticias\/andretti-corrobora-pedra-cantada-anuncia-saida-norman-nato-apos-ano-formula-e\/\">Andretti corrobora pedra cantada e anuncia sa\u00edda de Nato ap\u00f3s um ano na F\u00f3rmula E<\/a><\/strong><\/p>\n\n\n\n<p class=\"wp-block-paragraph\">Depois que a <strong>ABT Cupra<\/strong> decidiu <a href=\"https:\/\/www.grandepremio.com\/br\/formula-e\/noticias\/abt-mahindra-confirmam-rescisao-contrato-temporada-2025-formula-e\/\">romper o contrato de cliente<\/a> com a Mahindra por causa do desempenho ruim do trem de for\u00e7a, a equipe indiana agora n\u00e3o fornecer\u00e1 motores para mais ningu\u00e9m, o que pode ser um fator complicador. Vale lembrar que, para a temporada 2025, a categoria el\u00e9trica apresentar\u00e1 seu novo carro, o\u00a0<strong>Gen 3.5<\/strong>, com revis\u00e3o da tra\u00e7\u00e3o nas quatro rodas.<\/p>\n\n\n\n<p class=\"wp-block-paragraph\">&#8220;Definitivamente, \u00e9 uma perda. Perdemos muitos dados e muito entendimento&#8221;, avaliou o CEO. &#8220;E para n\u00f3s, que meio que come\u00e7amos mais uma vez o processo com um novo trem de for\u00e7a, acho que ter uma equipe cliente seria uma grande vantagem para as primeiras corridas, para entendermos de maneira mais r\u00e1pida como o carro e as configura\u00e7\u00f5es funcionam. Mas, por outro lado, voltaremos \u00e0s pistas com as quais j\u00e1 trabalhamos na <strong>Gen3<\/strong>. Ent\u00e3o, temos dados. N\u00e3o \u00e9 ben\u00e9fico n\u00e3o ter uma equipe cliente, mas tamb\u00e9m n\u00e3o \u00e9 um drama&#8221;, finalizou o chefe da Mahindra.<\/p>\n\n\n\n<p class=\"wp-block-paragraph\">A\u00a0<a href=\"https:\/\/www.grandepremio.com\/br\/formula-e\/\" target=\"_blank\" rel=\"noreferrer noopener\"><\/a><a href=\"https:\/\/www.grandepremio.com\/br\/formula-e\/\" target=\"_blank\" rel=\"noreferrer noopener\">F\u00f3rmula E<\/a>\u00a0est\u00e1 de f\u00e9rias e retorna com atividades de pista somente entre os dias\u00a0<strong>4 e 7 de novembro<\/strong>, com os\u00a0<strong>testes coletivos de pr\u00e9-temporada na pista de Val\u00eancia, na\u00a0<a href=\"https:\/\/es.grandepremio.com\/\" target=\"_blank\" rel=\"noreferrer noopener\">Espanha<\/a><\/strong>. A temporada 2024\/25 come\u00e7a aqui no Brasil, com o\u00a0<strong>eP de\u00a0<a href=\"https:\/\/www.grandepremio.com\/br\/circuito\/sao-paulo\/\" target=\"_blank\" rel=\"noreferrer noopener\"><\/a><a href=\"https:\/\/www.grandepremio.com\/br\/circuito\/sao-paulo\/\" target=\"_blank\" rel=\"noreferrer noopener\"><\/a><a href=\"https:\/\/www.grandepremio.com\/br\/circuito\/sao-paulo\/\" target=\"_blank\" rel=\"noreferrer noopener\"><\/a><a href=\"https:\/\/www.grandepremio.com\/br\/circuito\/sao-paulo\/\" target=\"_blank\" rel=\"noreferrer noopener\"><\/a><a href=\"https:\/\/www.grandepremio.com\/br\/circuito\/sao-paulo\/\" target=\"_blank\" rel=\"noreferrer noopener\"><\/a><a href=\"https:\/\/www.grandepremio.com\/br\/circuito\/sao-paulo\/\" target=\"_blank\" rel=\"noreferrer noopener\"><\/a><a href=\"https:\/\/www.grandepremio.com\/br\/circuito\/sao-paulo\/\" target=\"_blank\" rel=\"noreferrer noopener\"><\/a><a href=\"https:\/\/www.grandepremio.com\/br\/circuito\/sao-paulo\/\" target=\"_blank\" rel=\"noreferrer noopener\">S\u00e3o Paulo<\/a>, marcado para o fim de semana do dia 7 de dezembro<\/strong>.<\/p>\n\n\n\n<figure class=\"wp-block-embed is-type-video is-provider-youtube wp-block-embed-youtube wp-embed-aspect-16-9 wp-has-aspect-ratio\"><div class=\"wp-block-embed__wrapper\">\n<iframe loading=\"lazy\" title=\"Di Grassi sonha com REDEN\u00c7\u00c3O em 2025 DECISIVO ap\u00f3s PIOR TEMPORADA da carreira | GP \u00e0s 10\" width=\"500\" height=\"281\" src=\"https:\/\/www.youtube.com\/embed\/Xmd478tj8-I?feature=oembed\" frameborder=\"0\" allow=\"accelerometer; autoplay; clipboard-write; encrypted-media; gyroscope; picture-in-picture; web-share\" referrerpolicy=\"strict-origin-when-cross-origin\" allowfullscreen><\/iframe>\n<\/div><\/figure>\n","protected":false},"excerpt":{"rendered":"<p>De acordo com Frederic Bertrand, CEO e chefe de equipe da Mahindra, ainda &#8220;h\u00e1 trabalho a ser feito&#8221; antes de a fabricante tomar a decis\u00e3o de participar ou n\u00e3o da era Gen4 da F\u00f3rmula E, programada para estrear na temporada 2026\/27<\/p>\n","protected":false},"author":0,"featured_media":1000811753,"comment_status":"closed","ping_status":"closed","sticky":false,"template":"","format":"standard","meta":{"42wp_featured_image_caption":"","42wp_featured_image_credits":"","42wp_featured_video":"","42wp_featured_image_hidden":false,"42wp_authors_list":[],"footnotes":""},"categories":[19],"tags":[5660,31468,35967,34647,32736,37545,33841,37745,1172],"42wp_author":[47160],"class_list":["post-66934","post","type-post","status-publish","format-standard","has-post-thumbnail","hentry","category-formula-e","tag-classificacao","tag-ep-de-sao-paulo","tag-formula-e-2024","tag-formula-e-ao-vivo","tag-formula-e-brasil","tag-formula-e-live","tag-formula-e-no-grande-premio","tag-formula-e-tv-2024","tag-mahindra","42wp_author-vicente-soella"],"_links":{"self":[{"href":"https:\/\/grandepremio.com\/br\/wp-json\/wp\/v2\/posts\/66934","targetHints":{"allow":["GET"]}}],"collection":[{"href":"https:\/\/grandepremio.com\/br\/wp-json\/wp\/v2\/posts"}],"about":[{"href":"https:\/\/grandepremio.com\/br\/wp-json\/wp\/v2\/types\/post"}],"replies":[{"embeddable":true,"href":"https:\/\/grandepremio.com\/br\/wp-json\/wp\/v2\/comments?post=66934"}],"version-history":[{"count":0,"href":"https:\/\/grandepremio.com\/br\/wp-json\/wp\/v2\/posts\/66934\/revisions"}],"wp:featuredmedia":[{"embeddable":true,"href":"https:\/\/grandepremio.com\/br\/wp-json\/wp\/v2\/media\/1000811753"}],"wp:attachment":[{"href":"https:\/\/grandepremio.com\/br\/wp-json\/wp\/v2\/media?parent=66934"}],"wp:term":[{"taxonomy":"category","embeddable":true,"href":"https:\/\/grandepremio.com\/br\/wp-json\/wp\/v2\/categories?post=66934"},{"taxonomy":"post_tag","embeddable":true,"href":"https:\/\/grandepremio.com\/br\/wp-json\/wp\/v2\/tags?post=66934"},{"taxonomy":"42wp_author","embeddable":true,"href":"https:\/\/grandepremio.com\/br\/wp-json\/wp\/v2\/42wp_author?post=66934"}],"curies":[{"name":"wp","href":"https:\/\/api.w.org\/{rel}","templated":true}]}}