{"id":66955,"date":"2024-08-10T10:00:00","date_gmt":"2024-08-10T13:00:00","guid":{"rendered":"https:\/\/grandepremio.com\/br\/noticias\/sertoes-edicao-2024-marca-primeira-experiencia-sacha-fenestraz-ralis\/"},"modified":"2024-08-11T17:20:04","modified_gmt":"2024-08-11T20:20:04","slug":"sertoes-edicao-2024-marca-primeira-experiencia-sacha-fenestraz-ralis","status":"publish","type":"post","link":"https:\/\/grandepremio.com\/br\/rally\/sertoes\/sertoes-edicao-2024-marca-primeira-experiencia-sacha-fenestraz-ralis\/","title":{"rendered":"Sert\u00f5es edi\u00e7\u00e3o 2024 marca primeira experi\u00eancia de Fenestraz nos ralis"},"content":{"rendered":"\n<p class=\"wp-block-paragraph\">Mais uma vez o <strong>Sert\u00f5es BRB<\/strong>, maior <strong><a href=\"https:\/\/www.grandepremio.com\/br\/rally\/\">rali<\/a><\/strong> das Am\u00e9ricas contar\u00e1 com forte presen\u00e7a internacional. Desta vez, seis pa\u00edses est\u00e3o representados entre os inscritos nos carros, motos, UTVs e quadriciclos. E um nome em especial chama a aten\u00e7\u00e3o, j\u00e1 que compete pela primeira vez em prova off-road, trazendo na bagagem curr\u00edculo mais que respeit\u00e1vel no automobilismo de pista.<\/p>\n\n\n\n<p class=\"wp-block-paragraph\">O franco-argentino <strong>Sacha Fenestraz<\/strong> vai encarar o desafio de 3.704km &#8211; 2.306 deles cronometrados &#8211; no comando de um UTV da equipe Varela Racing, uma das refer\u00eancias da modalidade, sob o comando da &#8216;Fam\u00edlia da Poeira&#8217;. Aos 25 anos, completou em julho sua segunda temporada no Mundial FIA da <strong><a href=\"https:\/\/www.grandepremio.com\/br\/formula-e\/\">F\u00f3rmula E<\/a><\/strong> pela equipe <strong>Nissan<\/strong>. Soma duas pole positions na categoria. Al\u00e9m disso, foi vice-campe\u00e3o da <strong><a href=\"https:\/\/www.grandepremio.com\/br\/super-formula\/\">Super F\u00f3rmula<\/a><\/strong> em 2022 e venceu uma prova do <strong>Super GT<\/strong> japon\u00eas no mesmo ano.<\/p>\n\n\n\n<p class=\"wp-block-paragraph\">O interesse de Sacha pelos ralis veio de ber\u00e7o. Sua m\u00e3e, Stephanie, disputou o Dakar como navegadora. E \u00e9 justamente ela que estar\u00e1 sentada no banco da direita do UTV para passar ao filho as dire\u00e7\u00f5es corretas, alertas e orienta\u00e7\u00f5es ao longo do percurso. O objetivo \u00e9, acima de tudo, ganhar experi\u00eancia de pilotagem no off-road e se divertir ao longo das oito etapas.<\/p>\n\n\n\n<p class=\"wp-block-paragraph\">&#8220;Muito feliz de anunciar que vou disputar o Sert\u00f5es BRB ao lado da minha m\u00e3e, na equipe Varela Racing&#8221;, afirmou Fenestraz. <\/p>\n\n\n\n<figure class=\"wp-block-image size-large\"><img decoding=\"async\" src=\"https:\/\/www.grandepremio.com\/br\/wp-content\/uploads\/2024\/01\/EPS1001_100423SMG_3353-2048x2048-1-1024x683.jpg\" alt=\"\" class=\"wp-image-769699\"\/><figcaption class=\"wp-element-caption\">Fenestraz defendeu a Nissan nas duas \u00faltimas temporadas da F\u00f3rmula E(Foto: F\u00f3rmula E)<\/figcaption><\/figure>\n\n\n\n<p class=\"wp-block-paragraph\">&#8220;Estou realizando um sonho de menino. Ser\u00e1 uma experi\u00eancia muito diferente de todas que vivi no automobilismo, mas espero me divertir bastante. Vejo voc\u00eas no Sert\u00f5es&#8221;, fechou.<\/p>\n\n\n\n<p class=\"wp-block-paragraph\">A edi\u00e7\u00e3o 2024 do Sert\u00f5es est\u00e1 marcada para a janela entre os dias <strong>23 e 31 de agosto<\/strong>, com largada e chegada marcadas para Bras\u00edlia. No caminho, corrida passa pelos estados de Goi\u00e1s, Minas Gerais e Bahia.<\/p>\n\n\n\n<figure class=\"wp-block-video\"><video class=\"video-js vjs-big-play-centered\" data-gp-vjs=\"1\" controls src=\"https:\/\/www.grandepremio.com\/br\/wp-content\/uploads\/2024\/08\/Sacha-Fenestraz.mp4\"><\/video><figcaption class=\"wp-element-caption\">Sacha Fenestraz anuncia participa\u00e7\u00e3o no Sert\u00f5es 2024 (V\u00eddeo: Reprodu\u00e7\u00e3o)<\/figcaption><\/figure>\n\n\n\n<p class=\"wp-block-paragraph\">\u25b6\ufe0f<strong>\u00a0Inscreva-se nos dois canais do GRANDE PR\u00caMIO no YouTube:\u00a0<a href=\"https:\/\/www.youtube.com\/channel\/UC9OlHEgxoaY6QY6nWPoiqQg?sub_confirmation=1\" target=\"_blank\" rel=\"noreferrer noopener\">GP<\/a>\u00a0|\u00a0<a href=\"https:\/\/www.youtube.com\/channel\/UC9csiS6q_C3C0FYhyr1rnFA?sub_confirmation=1\" target=\"_blank\" rel=\"noreferrer noopener\">GP2<\/a><\/strong><br>\u25b6\ufe0f<strong>\u00a0LEIA TAMB\u00c9M:\u00a0<a href=\"https:\/\/www.grandepremio.com\/br\/f1\/noticias\/mercedes-finalmente-encontra-trilha-perdida-2-anos-desbloqueia-felicidade-formula-1\/\">Mercedes finalmente encontra trilha perdida h\u00e1 2 anos e desbloqueia felicidade na F1<\/a><\/strong><\/p>\n","protected":false},"excerpt":{"rendered":"<p>Sacha Fenestraz, revela\u00e7\u00e3o nas pistas, disputa a prova com um UTV da equipe Varela Racing, e ter\u00e1 a m\u00e3e, veterana do Dakar, como navegadora<\/p>\n","protected":false},"author":0,"featured_media":1000852165,"comment_status":"closed","ping_status":"closed","sticky":false,"template":"","format":"standard","meta":{"42wp_featured_image_caption":"","42wp_featured_image_credits":"","42wp_featured_video":"","42wp_featured_image_hidden":false,"42wp_authors_list":[],"footnotes":""},"categories":[43],"tags":[40555,7539],"42wp_author":[47120],"class_list":["post-66955","post","type-post","status-publish","format-standard","has-post-thumbnail","hentry","category-sertoes","tag-rali-dos-sertoes-2024","tag-sacha-fenestraz","42wp_author-pedro-henrique-marum"],"_links":{"self":[{"href":"https:\/\/grandepremio.com\/br\/wp-json\/wp\/v2\/posts\/66955","targetHints":{"allow":["GET"]}}],"collection":[{"href":"https:\/\/grandepremio.com\/br\/wp-json\/wp\/v2\/posts"}],"about":[{"href":"https:\/\/grandepremio.com\/br\/wp-json\/wp\/v2\/types\/post"}],"replies":[{"embeddable":true,"href":"https:\/\/grandepremio.com\/br\/wp-json\/wp\/v2\/comments?post=66955"}],"version-history":[{"count":0,"href":"https:\/\/grandepremio.com\/br\/wp-json\/wp\/v2\/posts\/66955\/revisions"}],"wp:featuredmedia":[{"embeddable":true,"href":"https:\/\/grandepremio.com\/br\/wp-json\/wp\/v2\/media\/1000852165"}],"wp:attachment":[{"href":"https:\/\/grandepremio.com\/br\/wp-json\/wp\/v2\/media?parent=66955"}],"wp:term":[{"taxonomy":"category","embeddable":true,"href":"https:\/\/grandepremio.com\/br\/wp-json\/wp\/v2\/categories?post=66955"},{"taxonomy":"post_tag","embeddable":true,"href":"https:\/\/grandepremio.com\/br\/wp-json\/wp\/v2\/tags?post=66955"},{"taxonomy":"42wp_author","embeddable":true,"href":"https:\/\/grandepremio.com\/br\/wp-json\/wp\/v2\/42wp_author?post=66955"}],"curies":[{"name":"wp","href":"https:\/\/api.w.org\/{rel}","templated":true}]}}